{"id":19042,"date":"2026-04-07T01:20:50","date_gmt":"2026-04-06T23:20:50","guid":{"rendered":"https:\/\/euwps05.newsmemory.com\/gardaseezeitung_new\/de\/2026\/04\/07\/vom-9-bis-12-april-2026-kehrt-salo-botanica-die-herbstausgabe-zurueck\/"},"modified":"2026-04-07T01:20:56","modified_gmt":"2026-04-06T23:20:56","slug":"vom-9-bis-12-april-2026-kehrt-salo-botanica-die-herbstausgabe-zurueck","status":"publish","type":"post","link":"https:\/\/www.gardaseezeitung.it\/2026\/04\/07\/vom-9-bis-12-april-2026-kehrt-salo-botanica-die-herbstausgabe-zurueck\/","title":{"rendered":"Vom 9. bis 12. April 2026 kehrt Sal\u00f2 Botanica \u2013 die Herbstausgabe! zur\u00fcck"},"content":{"rendered":"<p>Ein wahres Fest aus Blumen, Pflanzen und eindrucksvollen Inszenierungen in einer der stimmungsvollsten Kulissen des Gardasees: Vom 9. bis 12. April 2026 kehrt Sal\u00f2 Botanica \u2013 die Herbstausgabe! zur\u00fcck. Eingebettet in das bezaubernde, malerische Panorama der Uferpromenade von Sal\u00f2 bietet die Veranstaltung dem Publikum die M\u00f6glichkeit, Pflanzen und Blumen aller Art zu bewundern und zu erwerben, darunter auch seltene Arten von Kakteen, Liliengew\u00e4chsen, immergr\u00fcnen Pflanzen und Zwiebelgew\u00e4chsen. Zudem k\u00f6nnen Besucher mit zahlreichen Ausstellern aus ganz Italien ins Gespr\u00e4ch kommen. Nicht fehlen werden Bereiche rund um Gr\u00fcnanlagen, Einrichtung, Gartenpflege sowie biologische, nat\u00fcrliche und handwerkliche Produkte. Sal\u00f2 Botanica wird von der Pro Loco Citt\u00e0 di Sal\u00f2 und dem Tourismusamt der Stadt Sal\u00f2 organisiert.<\/p>\n","protected":false},"excerpt":{"rendered":"<p>Ein wahres Fest aus Blumen, Pflanzen und eindrucksvollen Inszenierungen in einer der stimmungsvollsten Kulissen des Gardasees<\/p>\n","protected":false},"author":9,"featured_media":19041,"comment_status":"open","ping_status":"open","sticky":false,"template":"","format":"standard","meta":[],"categories":[2,4,3],"tags":[23,26,167,5918],"news-destination":[],"news-source":[],"is_homepage":[5577],"ta_other":[],"featured_media_details":{"width":1024,"height":768,"file":"2026\/04\/Salo-Botanica.jpg","sizes":{"medium":{"file":"Salo-Botanica-300x225.jpg","width":300,"height":225,"mime-type":"image\/jpeg","source_url":"https:\/\/www.gardaseezeitung.it\/gardaseezeitung_new\/de\/wp-content\/uploads\/sites\/2\/2026\/04\/Salo-Botanica-300x225.jpg"},"thumbnail":{"file":"Salo-Botanica-150x150.jpg","width":150,"height":150,"mime-type":"image\/jpeg","source_url":"https:\/\/www.gardaseezeitung.it\/gardaseezeitung_new\/de\/wp-content\/uploads\/sites\/2\/2026\/04\/Salo-Botanica-150x150.jpg"},"medium_large":{"file":"Salo-Botanica-768x576.jpg","width":768,"height":576,"mime-type":"image\/jpeg","source_url":"https:\/\/www.gardaseezeitung.it\/gardaseezeitung_new\/de\/wp-content\/uploads\/sites\/2\/2026\/04\/Salo-Botanica-768x576.jpg"},"big_image":{"file":"Salo-Botanica-750x563.jpg","width":750,"height":563,"mime-type":"image\/jpeg","source_url":"https:\/\/www.gardaseezeitung.it\/gardaseezeitung_new\/de\/wp-content\/uploads\/sites\/2\/2026\/04\/Salo-Botanica-750x563.jpg"},"full":{"file":"Salo-Botanica.jpg","width":1024,"height":768,"mime_type":"","source_url":"https:\/\/www.gardaseezeitung.it\/gardaseezeitung_new\/de\/wp-content\/uploads\/sites\/2\/2026\/04\/Salo-Botanica.jpg"}},"image_meta":{"aperture":"0","credit":"","camera":"","caption":"","created_timestamp":"0","copyright":"","focal_length":"0","iso":"0","shutter_speed":"0","title":"","orientation":"1","keywords":[]}},"_links":{"self":[{"href":"https:\/\/www.gardaseezeitung.it\/gardaseezeitung_new\/de\/wp-json\/wp\/v2\/posts\/19042"}],"collection":[{"href":"https:\/\/www.gardaseezeitung.it\/gardaseezeitung_new\/de\/wp-json\/wp\/v2\/posts"}],"about":[{"href":"https:\/\/www.gardaseezeitung.it\/gardaseezeitung_new\/de\/wp-json\/wp\/v2\/types\/post"}],"author":[{"embeddable":true,"href":"https:\/\/www.gardaseezeitung.it\/gardaseezeitung_new\/de\/wp-json\/wp\/v2\/users\/9"}],"replies":[{"embeddable":true,"href":"https:\/\/www.gardaseezeitung.it\/gardaseezeitung_new\/de\/wp-json\/wp\/v2\/comments?post=19042"}],"version-history":[{"count":1,"href":"https:\/\/www.gardaseezeitung.it\/gardaseezeitung_new\/de\/wp-json\/wp\/v2\/posts\/19042\/revisions"}],"predecessor-version":[{"id":19043,"href":"https:\/\/www.gardaseezeitung.it\/gardaseezeitung_new\/de\/wp-json\/wp\/v2\/posts\/19042\/revisions\/19043"}],"wp:featuredmedia":[{"embeddable":true,"href":"https:\/\/www.gardaseezeitung.it\/gardaseezeitung_new\/de\/wp-json\/wp\/v2\/media\/19041"}],"wp:attachment":[{"href":"https:\/\/www.gardaseezeitung.it\/gardaseezeitung_new\/de\/wp-json\/wp\/v2\/media?parent=19042"}],"wp:term":[{"taxonomy":"category","embeddable":true,"href":"https:\/\/www.gardaseezeitung.it\/gardaseezeitung_new\/de\/wp-json\/wp\/v2\/categories?post=19042"},{"taxonomy":"post_tag","embeddable":true,"href":"https:\/\/www.gardaseezeitung.it\/gardaseezeitung_new\/de\/wp-json\/wp\/v2\/tags?post=19042"},{"taxonomy":"news-destination","embeddable":true,"href":"https:\/\/www.gardaseezeitung.it\/gardaseezeitung_new\/de\/wp-json\/wp\/v2\/news-destination?post=19042"},{"taxonomy":"news-source","embeddable":true,"href":"https:\/\/www.gardaseezeitung.it\/gardaseezeitung_new\/de\/wp-json\/wp\/v2\/news-source?post=19042"},{"taxonomy":"is_homepage","embeddable":true,"href":"https:\/\/www.gardaseezeitung.it\/gardaseezeitung_new\/de\/wp-json\/wp\/v2\/is_homepage?post=19042"},{"taxonomy":"ta_other","embeddable":true,"href":"https:\/\/www.gardaseezeitung.it\/gardaseezeitung_new\/de\/wp-json\/wp\/v2\/ta_other?post=19042"}],"curies":[{"name":"wp","href":"https:\/\/api.w.org\/{rel}","templated":true}]}}