{"id":19150,"date":"2026-05-01T01:00:13","date_gmt":"2026-04-30T23:00:13","guid":{"rendered":"https:\/\/euwps05.newsmemory.com\/gardaseezeitung_new\/de\/2026\/05\/01\/peschiera-del-garda-1-3-mai-2026-land-wine-seeufer\/"},"modified":"2026-05-02T01:07:43","modified_gmt":"2026-05-01T23:07:43","slug":"peschiera-del-garda-1-3-mai-2026-land-wine-seeufer","status":"publish","type":"post","link":"https:\/\/www.gardaseezeitung.it\/2026\/05\/01\/peschiera-del-garda-1-3-mai-2026-land-wine-seeufer\/","title":{"rendered":"Peschiera del Garda, 1.\u20133. Mai 2026: Land of Wine am Seeufer"},"content":{"rendered":"<p>&nbsp;<\/p>\n<p>Zum langen Fr\u00fchlingswochenende verwandelt sich Peschiera del Garda in eine B\u00fchne f\u00fcr Wein und Kulinarik. Vom 1. bis 3. Mai 2026 l\u00e4dt \u201eLand of Wine\u201c auf den Piazzale Betteloni ein und macht die Uferpromenade am Stadteingang zu einem offenen Treffpunkt f\u00fcr Genie\u00dfer. Im Mittelpunkt stehen die Weine der Region Gardasee und Venetien. Besucher haben die Gelegenheit, renommierte Bezeichnungen wie Lugana, Bardolino, Custoza, Valpolicella, Amarone, Soave und Prosecco zu entdecken \u2013 im direkten Austausch mit Winzern und Produzenten. Jede Verkostung erz\u00e4hlt von Landschaft, Tradition und Handwerk, die diese Weine pr\u00e4gen.<\/p>\n<p>Erg\u00e4nzt wird das Angebot durch ausgew\u00e4hlte regionale Spezialit\u00e4ten, die perfekt zu den Weinen passen. So entsteht ein genussvoller Rundgang zwischen St\u00e4nden, Gespr\u00e4chen und neuen Geschmackserlebnissen.\u201eLand of Wine\u201c versteht sich nicht als klassische Messe, sondern als lebendiges Erlebnis. Live-Musik, DJ-Sets und Shows sorgen besonders am Abend f\u00fcr eine stimmungsvolle Atmosph\u00e4re. Ein Highlight ist der \u201eShow del Gusto\u201c, bei dem Unternehmen und Produzenten ihre Geschichten pr\u00e4sentieren \u2013 moderiert von Stefano Cantero, der Einblicke in die Welt hinter den Produkten gibt.<\/p>\n<p>Die Veranstaltung macht das erste Maiwochenende zu einem kleinen Festival der Geselligkeit: eine Einladung, den Gardasee mit allen Sinnen zu erleben \u2013 zwischen Wein, Kulinarik und mediterraner Lebensfreude. Eintritt frei<\/p>\n<p>&nbsp;<\/p>\n","protected":false},"excerpt":{"rendered":"<p>Drei Tage Genuss in Peschiera: Land of Wine bringt Wein, regionale Spezialit\u00e4ten, Musik und Produzenten direkt an den Gardasee. Eintritt frei<\/p>\n","protected":false},"author":9,"featured_media":19149,"comment_status":"open","ping_status":"open","sticky":false,"template":"","format":"standard","meta":[],"categories":[2,5,3],"tags":[479,50,319,23,26,5954,815,190,321,1155,84,199],"news-destination":[],"news-source":[],"is_homepage":[5577],"ta_other":[],"featured_media_details":{"width":1024,"height":576,"file":"2026\/05\/Land-of-Wine-Peschiera-del-Garda-2026.jpg","sizes":{"medium":{"file":"Land-of-Wine-Peschiera-del-Garda-2026-300x169.jpg","width":300,"height":169,"mime-type":"image\/jpeg","source_url":"https:\/\/www.gardaseezeitung.it\/gardaseezeitung_new\/de\/wp-content\/uploads\/sites\/2\/2026\/05\/Land-of-Wine-Peschiera-del-Garda-2026-300x169.jpg"},"thumbnail":{"file":"Land-of-Wine-Peschiera-del-Garda-2026-150x150.jpg","width":150,"height":150,"mime-type":"image\/jpeg","source_url":"https:\/\/www.gardaseezeitung.it\/gardaseezeitung_new\/de\/wp-content\/uploads\/sites\/2\/2026\/05\/Land-of-Wine-Peschiera-del-Garda-2026-150x150.jpg"},"medium_large":{"file":"Land-of-Wine-Peschiera-del-Garda-2026-768x432.jpg","width":768,"height":432,"mime-type":"image\/jpeg","source_url":"https:\/\/www.gardaseezeitung.it\/gardaseezeitung_new\/de\/wp-content\/uploads\/sites\/2\/2026\/05\/Land-of-Wine-Peschiera-del-Garda-2026-768x432.jpg"},"big_image":{"file":"Land-of-Wine-Peschiera-del-Garda-2026-750x422.jpg","width":750,"height":422,"mime-type":"image\/jpeg","source_url":"https:\/\/www.gardaseezeitung.it\/gardaseezeitung_new\/de\/wp-content\/uploads\/sites\/2\/2026\/05\/Land-of-Wine-Peschiera-del-Garda-2026-750x422.jpg"},"full":{"file":"Land-of-Wine-Peschiera-del-Garda-2026.jpg","width":1024,"height":576,"mime_type":"","source_url":"https:\/\/www.gardaseezeitung.it\/gardaseezeitung_new\/de\/wp-content\/uploads\/sites\/2\/2026\/05\/Land-of-Wine-Peschiera-del-Garda-2026.jpg"}},"image_meta":{"aperture":"0","credit":"","camera":"","caption":"","created_timestamp":"0","copyright":"","focal_length":"0","iso":"0","shutter_speed":"0","title":"","orientation":"1","keywords":[]}},"_links":{"self":[{"href":"https:\/\/www.gardaseezeitung.it\/gardaseezeitung_new\/de\/wp-json\/wp\/v2\/posts\/19150"}],"collection":[{"href":"https:\/\/www.gardaseezeitung.it\/gardaseezeitung_new\/de\/wp-json\/wp\/v2\/posts"}],"about":[{"href":"https:\/\/www.gardaseezeitung.it\/gardaseezeitung_new\/de\/wp-json\/wp\/v2\/types\/post"}],"author":[{"embeddable":true,"href":"https:\/\/www.gardaseezeitung.it\/gardaseezeitung_new\/de\/wp-json\/wp\/v2\/users\/9"}],"replies":[{"embeddable":true,"href":"https:\/\/www.gardaseezeitung.it\/gardaseezeitung_new\/de\/wp-json\/wp\/v2\/comments?post=19150"}],"version-history":[{"count":0,"href":"https:\/\/www.gardaseezeitung.it\/gardaseezeitung_new\/de\/wp-json\/wp\/v2\/posts\/19150\/revisions"}],"wp:featuredmedia":[{"embeddable":true,"href":"https:\/\/www.gardaseezeitung.it\/gardaseezeitung_new\/de\/wp-json\/wp\/v2\/media\/19149"}],"wp:attachment":[{"href":"https:\/\/www.gardaseezeitung.it\/gardaseezeitung_new\/de\/wp-json\/wp\/v2\/media?parent=19150"}],"wp:term":[{"taxonomy":"category","embeddable":true,"href":"https:\/\/www.gardaseezeitung.it\/gardaseezeitung_new\/de\/wp-json\/wp\/v2\/categories?post=19150"},{"taxonomy":"post_tag","embeddable":true,"href":"https:\/\/www.gardaseezeitung.it\/gardaseezeitung_new\/de\/wp-json\/wp\/v2\/tags?post=19150"},{"taxonomy":"news-destination","embeddable":true,"href":"https:\/\/www.gardaseezeitung.it\/gardaseezeitung_new\/de\/wp-json\/wp\/v2\/news-destination?post=19150"},{"taxonomy":"news-source","embeddable":true,"href":"https:\/\/www.gardaseezeitung.it\/gardaseezeitung_new\/de\/wp-json\/wp\/v2\/news-source?post=19150"},{"taxonomy":"is_homepage","embeddable":true,"href":"https:\/\/www.gardaseezeitung.it\/gardaseezeitung_new\/de\/wp-json\/wp\/v2\/is_homepage?post=19150"},{"taxonomy":"ta_other","embeddable":true,"href":"https:\/\/www.gardaseezeitung.it\/gardaseezeitung_new\/de\/wp-json\/wp\/v2\/ta_other?post=19150"}],"curies":[{"name":"wp","href":"https:\/\/api.w.org\/{rel}","templated":true}]}}