{"id":19170,"date":"2026-04-29T14:31:17","date_gmt":"2026-04-29T12:31:17","guid":{"rendered":"https:\/\/euwps06.newsmemory.com\/gardaseezeitung_new\/de\/2026\/04\/29\/amarathon-valpolicella-laufen-durch-eine-der-schoensten-weinlandschaften-italiens\/"},"modified":"2026-04-29T14:33:59","modified_gmt":"2026-04-29T12:33:59","slug":"amarathon-valpolicella-laufen-durch-eine-der-schoensten-weinlandschaften-italiens","status":"publish","type":"post","link":"https:\/\/www.gardaseezeitung.it\/2026\/04\/29\/amarathon-valpolicella-laufen-durch-eine-der-schoensten-weinlandschaften-italiens\/","title":{"rendered":"Amarathon Valpolicella: Laufen durch eine der sch\u00f6nsten Weinlandschaften Italiens"},"content":{"rendered":"<p>Am 1. Mai wird die Valpolicella erneut zur B\u00fchne f\u00fcr eine der stimmungsvollsten Laufveranstaltungen Norditaliens. Der AMARathON della Valpolicella verbindet sportliche Herausforderung mit landschaftlichem Erlebnis \u2013 und macht seinem Namen alle Ehre: eine Mischung aus Amarone und Marathon.<\/p>\n<p>Wie bereits in den vergangenen Jahren k\u00f6nnen die Teilnehmer zwischen drei unterschiedlichen Strecken w\u00e4hlen, die alle durch das ber\u00fchmte Weinanbaugebiet der Valpolicella Classica f\u00fchren.<\/p>\n<p>Die l\u00e4ngste Strecke, der AMARathON Superiore, umfasst 21 Kilometer und startet auf der Piazza Donatori di Sangue in Pedemonte. Die Route f\u00fchrt durch mehrere Gemeinden und bietet dabei eindrucksvolle Ausblicke auf Weinberge, historische Villen und die sanfte H\u00fcgellandschaft der Region.<\/p>\n<p>Etwas k\u00fcrzer, aber nicht weniger reizvoll ist der AMARathON Classico \u00fcber 14 Kilometer, ebenfalls mit Start und Ziel in Pedemonte. Diese Strecke richtet sich an alle, die eine sportliche Herausforderung suchen, ohne die volle Distanz eines Halbmarathons zu laufen.<\/p>\n<p>F\u00fcr alle, die den Tag entspannter angehen m\u00f6chten, gibt es den AMARathON Family \u00fcber 7 Kilometer. Hier steht weniger der Wettkampf im Vordergrund als vielmehr das gemeinsame Erlebnis in der Natur \u2013 ideal auch f\u00fcr Familien und j\u00fcngere Teilnehmer.<\/p>\n<p>Der Amarathon versteht sich bewusst als Event f\u00fcr alle: vom ambitionierten L\u00e4ufer bis hin zu Genussmenschen, die Bewegung und Landschaft verbinden m\u00f6chten.<\/p>\n<p>F\u00fcr die Teilnahme am 21-km-Lauf ist eine \u00e4rztliche Bescheinigung erforderlich, w\u00e4hrend diese f\u00fcr die k\u00fcrzere Strecke nicht notwendig ist. Internationale Teilnehmer k\u00f6nnen das entsprechende Formular online herunterladen.<\/p>\n<p>Anmeldungen sind online bis zum 30. April m\u00f6glich oder solange Pl\u00e4tze verf\u00fcgbar sind. Insgesamt ist die Teilnehmerzahl begrenzt.<\/p>\n<p>Ein Event, das Sport, Natur und die besondere Atmosph\u00e4re der Valpolicella auf einzigartige Weise verbindet \u2013 und den 1. Mai zu einem aktiven Erlebnis macht.<\/p>\n<p>Wo: Pedemonte (Valpolicella)<br \/>\nWann: 1. Mai<br \/>\nDistanzen: 21 km \u00b7 14 km \u00b7 7 km<\/p>\n<p>Mehr Infos und Anmeldung auf: www.amarathon.it<\/p>\n","protected":false},"excerpt":{"rendered":"<p>Am 1. Mai kehrt der Amarathon zur\u00fcck: Drei Strecken f\u00fchren durch die eindrucksvolle Landschaft der Valpolicella \u2013 von sportlich bis entspannt.<\/p>\n","protected":false},"author":9,"featured_media":19169,"comment_status":"open","ping_status":"open","sticky":false,"template":"","format":"standard","meta":[],"categories":[2,4],"tags":[],"news-destination":[],"news-source":[],"is_homepage":[5575],"ta_other":[],"featured_media_details":{"width":833,"height":522,"file":"2026\/04\/ALE_3149.jpg","sizes":{"medium":{"file":"ALE_3149-300x188.jpg","width":300,"height":188,"mime-type":"image\/jpeg","source_url":"https:\/\/www.gardaseezeitung.it\/gardaseezeitung_new\/de\/wp-content\/uploads\/sites\/2\/2026\/04\/ALE_3149-300x188.jpg"},"thumbnail":{"file":"ALE_3149-150x150.jpg","width":150,"height":150,"mime-type":"image\/jpeg","source_url":"https:\/\/www.gardaseezeitung.it\/gardaseezeitung_new\/de\/wp-content\/uploads\/sites\/2\/2026\/04\/ALE_3149-150x150.jpg"},"medium_large":{"file":"ALE_3149-768x481.jpg","width":768,"height":481,"mime-type":"image\/jpeg","source_url":"https:\/\/www.gardaseezeitung.it\/gardaseezeitung_new\/de\/wp-content\/uploads\/sites\/2\/2026\/04\/ALE_3149-768x481.jpg"},"big_image":{"file":"ALE_3149-750x470.jpg","width":750,"height":470,"mime-type":"image\/jpeg","source_url":"https:\/\/www.gardaseezeitung.it\/gardaseezeitung_new\/de\/wp-content\/uploads\/sites\/2\/2026\/04\/ALE_3149-750x470.jpg"},"full":{"file":"ALE_3149.jpg","width":833,"height":522,"mime_type":"","source_url":"https:\/\/www.gardaseezeitung.it\/gardaseezeitung_new\/de\/wp-content\/uploads\/sites\/2\/2026\/04\/ALE_3149.jpg"}},"image_meta":{"aperture":"0","credit":"","camera":"","caption":"","created_timestamp":"0","copyright":"","focal_length":"0","iso":"0","shutter_speed":"0","title":"","orientation":"1","keywords":[]}},"_links":{"self":[{"href":"https:\/\/www.gardaseezeitung.it\/gardaseezeitung_new\/de\/wp-json\/wp\/v2\/posts\/19170"}],"collection":[{"href":"https:\/\/www.gardaseezeitung.it\/gardaseezeitung_new\/de\/wp-json\/wp\/v2\/posts"}],"about":[{"href":"https:\/\/www.gardaseezeitung.it\/gardaseezeitung_new\/de\/wp-json\/wp\/v2\/types\/post"}],"author":[{"embeddable":true,"href":"https:\/\/www.gardaseezeitung.it\/gardaseezeitung_new\/de\/wp-json\/wp\/v2\/users\/9"}],"replies":[{"embeddable":true,"href":"https:\/\/www.gardaseezeitung.it\/gardaseezeitung_new\/de\/wp-json\/wp\/v2\/comments?post=19170"}],"version-history":[{"count":1,"href":"https:\/\/www.gardaseezeitung.it\/gardaseezeitung_new\/de\/wp-json\/wp\/v2\/posts\/19170\/revisions"}],"predecessor-version":[{"id":19171,"href":"https:\/\/www.gardaseezeitung.it\/gardaseezeitung_new\/de\/wp-json\/wp\/v2\/posts\/19170\/revisions\/19171"}],"wp:featuredmedia":[{"embeddable":true,"href":"https:\/\/www.gardaseezeitung.it\/gardaseezeitung_new\/de\/wp-json\/wp\/v2\/media\/19169"}],"wp:attachment":[{"href":"https:\/\/www.gardaseezeitung.it\/gardaseezeitung_new\/de\/wp-json\/wp\/v2\/media?parent=19170"}],"wp:term":[{"taxonomy":"category","embeddable":true,"href":"https:\/\/www.gardaseezeitung.it\/gardaseezeitung_new\/de\/wp-json\/wp\/v2\/categories?post=19170"},{"taxonomy":"post_tag","embeddable":true,"href":"https:\/\/www.gardaseezeitung.it\/gardaseezeitung_new\/de\/wp-json\/wp\/v2\/tags?post=19170"},{"taxonomy":"news-destination","embeddable":true,"href":"https:\/\/www.gardaseezeitung.it\/gardaseezeitung_new\/de\/wp-json\/wp\/v2\/news-destination?post=19170"},{"taxonomy":"news-source","embeddable":true,"href":"https:\/\/www.gardaseezeitung.it\/gardaseezeitung_new\/de\/wp-json\/wp\/v2\/news-source?post=19170"},{"taxonomy":"is_homepage","embeddable":true,"href":"https:\/\/www.gardaseezeitung.it\/gardaseezeitung_new\/de\/wp-json\/wp\/v2\/is_homepage?post=19170"},{"taxonomy":"ta_other","embeddable":true,"href":"https:\/\/www.gardaseezeitung.it\/gardaseezeitung_new\/de\/wp-json\/wp\/v2\/ta_other?post=19170"}],"curies":[{"name":"wp","href":"https:\/\/api.w.org\/{rel}","templated":true}]}}