{"id":19185,"date":"2026-05-02T01:18:50","date_gmt":"2026-05-01T23:18:50","guid":{"rendered":"https:\/\/euwps06.newsmemory.com\/gardaseezeitung_new\/de\/2026\/05\/02\/castellaro-lagusello-mantova-1-3-mai-2026-bluetenfest-im-borgo\/"},"modified":"2026-05-02T01:18:51","modified_gmt":"2026-05-01T23:18:51","slug":"castellaro-lagusello-mantova-1-3-mai-2026-bluetenfest-im-borgo","status":"publish","type":"post","link":"https:\/\/www.gardaseezeitung.it\/2026\/05\/02\/castellaro-lagusello-mantova-1-3-mai-2026-bluetenfest-im-borgo\/","title":{"rendered":"Castellaro Lagusello (Mantova), 1.\u20133. Mai 2026: Bl\u00fctenfest im Borgo"},"content":{"rendered":"<p>&nbsp;<\/p>\n<p>Ein Wochenende ganz im Zeichen von Natur, Kreativit\u00e4t und regionaler Kultur erwartet Besucher in Castellaro Lagusello. Vom 1. bis 3. Mai verwandelt sich das malerische Dorf in eine lebendige Kulisse f\u00fcr \u201eI Fiori di Castellaro Lagusello\u201c, ein Fest f\u00fcr alle Sinne und Generationen.<\/p>\n<p>Im Mittelpunkt steht eine gro\u00dfe Pflanzen- und Blumenmesse, die sich durch den historischen Ortskern zieht: von der Piazza Orlandi \u00fcber die Via Castello bis hin zur Piazza Castello. Rund vierzig Aussteller pr\u00e4sentieren hier ihre floralen Kreationen, seltene Pflanzen und g\u00e4rtnerische Besonderheiten.<\/p>\n<p>Erg\u00e4nzt wird das Angebot durch das Projekt \u201eOfficinali\u201c, das sich Heil- und Nutzpflanzen widmet und Einblicke in deren Verwendung und Tradition gibt. Neben der Ausstellung sorgen Workshops, Vorf\u00fchrungen und k\u00fcnstlerische Darbietungen f\u00fcr ein abwechslungsreiches Programm, das sowohl Familien als auch Naturliebhaber anspricht.<br \/>\nDie Veranstaltung verbindet Markt, Kultur und Unterhaltung zu einem entspannten Fr\u00fchlingsausflug in einem der sch\u00f6nsten D\u00f6rfer der Region \u2013 ideal f\u00fcr alle, die den Gardasee einmal von seiner ruhigeren, authentischen Seite entdecken m\u00f6chten.<\/p>\n<p>&nbsp;<\/p>\n<figure id=\"attachment_19184\" style=\"width: 768px\" class=\"wp-caption alignleft\"><img title=\"Castellaro Lagusello (Mantova), 1.\u20133. Mai 2026: Bl\u00fctenfest im Borgo\" loading=\"lazy\" class=\"size-full wp-image-19184\" src=\"https:\/\/www.gardaseezeitung.it\/gardaseezeitung_new\/de\/wp-content\/uploads\/sites\/2\/2026\/05\/fioricastellaro.jpg\" alt=\"I Fiori di Castellaro Lagusello\" width=\"768\" height=\"916\" srcset=\"https:\/\/euwps06.newsmemory.com\/gardaseezeitung_new\/de\/wp-content\/uploads\/sites\/2\/2026\/05\/fioricastellaro.jpg 768w, https:\/\/euwps06.newsmemory.com\/gardaseezeitung_new\/de\/wp-content\/uploads\/sites\/2\/2026\/05\/fioricastellaro-252x300.jpg 252w, https:\/\/euwps06.newsmemory.com\/gardaseezeitung_new\/de\/wp-content\/uploads\/sites\/2\/2026\/05\/fioricastellaro-750x895.jpg 750w\" sizes=\"(max-width: 768px) 100vw, 768px\" \/><figcaption class=\"wp-caption-text\">I Fiori di Castellaro Lagusello<\/figcaption><\/figure>\n<p>&nbsp;<\/p>\n","protected":false},"excerpt":{"rendered":"<p>Natur, Kunst und Tradition: In Castellaro Lagusello l\u00e4dt \u201eI Fiori\u201c zu Markt, Workshops und Shows im historischen Dorf ein.<\/p>\n","protected":false},"author":9,"featured_media":19180,"comment_status":"open","ping_status":"open","sticky":false,"template":"","format":"standard","meta":[],"categories":[4],"tags":[350,23,26,5953],"news-destination":[],"news-source":[],"is_homepage":[5575],"ta_other":[],"featured_media_details":{"width":1024,"height":649,"file":"2026\/05\/fioricastellaro2.jpg","sizes":{"medium":{"file":"fioricastellaro2-300x190.jpg","width":300,"height":190,"mime-type":"image\/jpeg","source_url":"https:\/\/www.gardaseezeitung.it\/gardaseezeitung_new\/de\/wp-content\/uploads\/sites\/2\/2026\/05\/fioricastellaro2-300x190.jpg"},"thumbnail":{"file":"fioricastellaro2-150x150.jpg","width":150,"height":150,"mime-type":"image\/jpeg","source_url":"https:\/\/www.gardaseezeitung.it\/gardaseezeitung_new\/de\/wp-content\/uploads\/sites\/2\/2026\/05\/fioricastellaro2-150x150.jpg"},"medium_large":{"file":"fioricastellaro2-768x487.jpg","width":768,"height":487,"mime-type":"image\/jpeg","source_url":"https:\/\/www.gardaseezeitung.it\/gardaseezeitung_new\/de\/wp-content\/uploads\/sites\/2\/2026\/05\/fioricastellaro2-768x487.jpg"},"big_image":{"file":"fioricastellaro2-750x475.jpg","width":750,"height":475,"mime-type":"image\/jpeg","source_url":"https:\/\/www.gardaseezeitung.it\/gardaseezeitung_new\/de\/wp-content\/uploads\/sites\/2\/2026\/05\/fioricastellaro2-750x475.jpg"},"full":{"file":"fioricastellaro2.jpg","width":1024,"height":649,"mime_type":"","source_url":"https:\/\/www.gardaseezeitung.it\/gardaseezeitung_new\/de\/wp-content\/uploads\/sites\/2\/2026\/05\/fioricastellaro2.jpg"}},"image_meta":{"aperture":"0","credit":"","camera":"","caption":"","created_timestamp":"0","copyright":"","focal_length":"0","iso":"0","shutter_speed":"0","title":"","orientation":"1","keywords":[]}},"_links":{"self":[{"href":"https:\/\/www.gardaseezeitung.it\/gardaseezeitung_new\/de\/wp-json\/wp\/v2\/posts\/19185"}],"collection":[{"href":"https:\/\/www.gardaseezeitung.it\/gardaseezeitung_new\/de\/wp-json\/wp\/v2\/posts"}],"about":[{"href":"https:\/\/www.gardaseezeitung.it\/gardaseezeitung_new\/de\/wp-json\/wp\/v2\/types\/post"}],"author":[{"embeddable":true,"href":"https:\/\/www.gardaseezeitung.it\/gardaseezeitung_new\/de\/wp-json\/wp\/v2\/users\/9"}],"replies":[{"embeddable":true,"href":"https:\/\/www.gardaseezeitung.it\/gardaseezeitung_new\/de\/wp-json\/wp\/v2\/comments?post=19185"}],"version-history":[{"count":0,"href":"https:\/\/www.gardaseezeitung.it\/gardaseezeitung_new\/de\/wp-json\/wp\/v2\/posts\/19185\/revisions"}],"wp:featuredmedia":[{"embeddable":true,"href":"https:\/\/www.gardaseezeitung.it\/gardaseezeitung_new\/de\/wp-json\/wp\/v2\/media\/19180"}],"wp:attachment":[{"href":"https:\/\/www.gardaseezeitung.it\/gardaseezeitung_new\/de\/wp-json\/wp\/v2\/media?parent=19185"}],"wp:term":[{"taxonomy":"category","embeddable":true,"href":"https:\/\/www.gardaseezeitung.it\/gardaseezeitung_new\/de\/wp-json\/wp\/v2\/categories?post=19185"},{"taxonomy":"post_tag","embeddable":true,"href":"https:\/\/www.gardaseezeitung.it\/gardaseezeitung_new\/de\/wp-json\/wp\/v2\/tags?post=19185"},{"taxonomy":"news-destination","embeddable":true,"href":"https:\/\/www.gardaseezeitung.it\/gardaseezeitung_new\/de\/wp-json\/wp\/v2\/news-destination?post=19185"},{"taxonomy":"news-source","embeddable":true,"href":"https:\/\/www.gardaseezeitung.it\/gardaseezeitung_new\/de\/wp-json\/wp\/v2\/news-source?post=19185"},{"taxonomy":"is_homepage","embeddable":true,"href":"https:\/\/www.gardaseezeitung.it\/gardaseezeitung_new\/de\/wp-json\/wp\/v2\/is_homepage?post=19185"},{"taxonomy":"ta_other","embeddable":true,"href":"https:\/\/www.gardaseezeitung.it\/gardaseezeitung_new\/de\/wp-json\/wp\/v2\/ta_other?post=19185"}],"curies":[{"name":"wp","href":"https:\/\/api.w.org\/{rel}","templated":true}]}}