{"id":259,"date":"2015-07-12T17:20:47","date_gmt":"2015-07-12T17:20:47","guid":{"rendered":"http:\/\/euwp08.newsmemory.com\/gardaseezeitung_new\/de\/2015\/07\/12\/barrierefreier-strand-in-desenzano-eingeweiht\/"},"modified":"2019-05-28T16:32:47","modified_gmt":"2019-05-28T16:32:47","slug":"barrierefreier-strand-in-desenzano-eingeweiht","status":"publish","type":"post","link":"https:\/\/www.gardaseezeitung.it\/2015\/07\/12\/barrierefreier-strand-in-desenzano-eingeweiht\/","title":{"rendered":"Barrierefreier Strand in Desenzano eingeweiht"},"content":{"rendered":"<p style=\"text-align: justify\">Die Anlage der Spiaggia d&#8217;Oro misst rund hundert Quadratmeter, ist mit sanit\u00e4ren Anlagen, Umkleidekabinen und einer neuen Bar ausgestattet. Hinzu kommt ein Lagerraum, der nicht nur f\u00fcr Badeanstalt-Ger\u00e4tschaften gedacht ist, sondern und auch f\u00fcr die Ausr\u00fcstung, die ben\u00f6tigt wird, um Behinderten die M\u00f6glichkeit zu bieten, im See zu baden. Die Gesamtkosten f\u00fcr die Eingriffe beliefen sich auf 150.000 Euro. 105.000 Euro \u00fcbernahm die Stadtverwaltung, die restlichen 45.000 Euro wurden von der K\u00f6rperschaft (Autorit\u00e0 di bacino) \u00fcbernommen, die f\u00fcr das Gebiet zust\u00e4ndig ist. Sie hat mit Regionalgeldern zum Bau der Neuerungen beigetragen. Zum einem wurde der Zugang zum See f\u00fcr gehbehinderte Menschen verwirklicht, zum anderen wurde das Badezentrum mit besonderen Rollst\u00fchlen ausgestattet, die es behinderten Menschen erlauben, sich ein Bad im k\u00fchlenden Nass zu g\u00f6nnen.<\/p>\n","protected":false},"excerpt":{"rendered":"<p>Am 4. Juli wurde in Rivoltella bei Desenzano der erste \u201eStrand f\u00fcr alle&#8220; des Gardasees eingeweiht. Der Strand ist mit Einrichtungen, Mobiliar und einem Zugang zum See ausgestattet, der f\u00fcr alle geeignet ist \u2013 ein Strand ohne die sogenannten architektonischen Barrieren. Das Projekt zur Neugestaltung und Erweiterung der Badezone des Strands Spiaggia d&#8217;Oro lag der Stadtverwaltung von Desenzano besonders am Herzen.<\/p>\n","protected":false},"author":1,"featured_media":260,"comment_status":"open","ping_status":"open","sticky":false,"template":"","format":"standard","meta":[],"categories":[2],"tags":[],"news-destination":[],"news-source":[],"is_homepage":[],"ta_other":[],"featured_media_details":{"width":620,"height":413,"file":"2019\/05\/3742a9c445f0a4491a26379b774cb702.jpg","sizes":{"thumbnail":{"file":"3742a9c445f0a4491a26379b774cb702-150x150.jpg","width":150,"height":150,"mime-type":"image\/jpeg","source_url":"https:\/\/www.gardaseezeitung.it\/gardaseezeitung_new\/de\/wp-content\/uploads\/sites\/2\/2019\/05\/3742a9c445f0a4491a26379b774cb702-150x150.jpg"},"medium":{"file":"3742a9c445f0a4491a26379b774cb702-300x200.jpg","width":300,"height":200,"mime-type":"image\/jpeg","source_url":"https:\/\/www.gardaseezeitung.it\/gardaseezeitung_new\/de\/wp-content\/uploads\/sites\/2\/2019\/05\/3742a9c445f0a4491a26379b774cb702-300x200.jpg"},"full":{"file":"3742a9c445f0a4491a26379b774cb702.jpg","width":620,"height":413,"mime_type":"","source_url":"https:\/\/www.gardaseezeitung.it\/gardaseezeitung_new\/de\/wp-content\/uploads\/sites\/2\/2019\/05\/3742a9c445f0a4491a26379b774cb702.jpg"}},"image_meta":{"aperture":"0","credit":"","camera":"","caption":"","created_timestamp":"0","copyright":"","focal_length":"0","iso":"0","shutter_speed":"0","title":"","orientation":"0","keywords":[]}},"_links":{"self":[{"href":"https:\/\/www.gardaseezeitung.it\/gardaseezeitung_new\/de\/wp-json\/wp\/v2\/posts\/259"}],"collection":[{"href":"https:\/\/www.gardaseezeitung.it\/gardaseezeitung_new\/de\/wp-json\/wp\/v2\/posts"}],"about":[{"href":"https:\/\/www.gardaseezeitung.it\/gardaseezeitung_new\/de\/wp-json\/wp\/v2\/types\/post"}],"author":[{"embeddable":true,"href":"https:\/\/www.gardaseezeitung.it\/gardaseezeitung_new\/de\/wp-json\/wp\/v2\/users\/1"}],"replies":[{"embeddable":true,"href":"https:\/\/www.gardaseezeitung.it\/gardaseezeitung_new\/de\/wp-json\/wp\/v2\/comments?post=259"}],"version-history":[{"count":0,"href":"https:\/\/www.gardaseezeitung.it\/gardaseezeitung_new\/de\/wp-json\/wp\/v2\/posts\/259\/revisions"}],"wp:featuredmedia":[{"embeddable":true,"href":"https:\/\/www.gardaseezeitung.it\/gardaseezeitung_new\/de\/wp-json\/wp\/v2\/media\/260"}],"wp:attachment":[{"href":"https:\/\/www.gardaseezeitung.it\/gardaseezeitung_new\/de\/wp-json\/wp\/v2\/media?parent=259"}],"wp:term":[{"taxonomy":"category","embeddable":true,"href":"https:\/\/www.gardaseezeitung.it\/gardaseezeitung_new\/de\/wp-json\/wp\/v2\/categories?post=259"},{"taxonomy":"post_tag","embeddable":true,"href":"https:\/\/www.gardaseezeitung.it\/gardaseezeitung_new\/de\/wp-json\/wp\/v2\/tags?post=259"},{"taxonomy":"news-destination","embeddable":true,"href":"https:\/\/www.gardaseezeitung.it\/gardaseezeitung_new\/de\/wp-json\/wp\/v2\/news-destination?post=259"},{"taxonomy":"news-source","embeddable":true,"href":"https:\/\/www.gardaseezeitung.it\/gardaseezeitung_new\/de\/wp-json\/wp\/v2\/news-source?post=259"},{"taxonomy":"is_homepage","embeddable":true,"href":"https:\/\/www.gardaseezeitung.it\/gardaseezeitung_new\/de\/wp-json\/wp\/v2\/is_homepage?post=259"},{"taxonomy":"ta_other","embeddable":true,"href":"https:\/\/www.gardaseezeitung.it\/gardaseezeitung_new\/de\/wp-json\/wp\/v2\/ta_other?post=259"}],"curies":[{"name":"wp","href":"https:\/\/api.w.org\/{rel}","templated":true}]}}