{"id":269,"date":"2015-07-12T20:25:05","date_gmt":"2015-07-12T20:25:05","guid":{"rendered":"http:\/\/euwp08.newsmemory.com\/gardaseezeitung_new\/de\/2015\/07\/12\/seeuberquerung-von-torri-del-benaco-nach-maderno\/"},"modified":"2019-05-28T16:32:47","modified_gmt":"2019-05-28T16:32:47","slug":"seeuberquerung-von-torri-del-benaco-nach-maderno","status":"publish","type":"post","link":"https:\/\/www.gardaseezeitung.it\/2015\/07\/12\/seeuberquerung-von-torri-del-benaco-nach-maderno\/","title":{"rendered":"See\u00fcberquerung von Torri del Benaco nach Maderno"},"content":{"rendered":"<p style=\"text-align: justify\">Start zur See\u00fcberquerung ist am 11. Juli um 16 Uhr am Veroneser Ufer des Benacus, genauer gesagt am Hafen von Torri. Von hier geht es ans Westufer nach Maderno. Die Strecke misst von Ufer zu Ufer etwa sieben Kilometer. Der zur\u00fcckzulegende Parcours ist durch Bojen gekennzeichnet. Nat\u00fcrlich werden auch Beiboote die rund neunzig Schwimmer begleiten.<br \/>Die Veranstaltung, die in diesem Jahr zum sechsten Mal veranstaltet wird, ruft seit jeher gro\u00dfes Interesse hervor, und dies sowie auf lokaler als auch auf internationaler Ebene.<br \/>In der Vergangenheit reisten Athleten aus ganz Europa zur Veranstaltung an.<br \/>Seit der letzten Ausgabe der See\u00fcberquerung sind inzwischen drei Jahre vergangen. Die Anfragen an die Veranstalter, das Event erneut zu organisieren, stiegen immer mehr und so hat man sich entschieden \u201edie legend\u00e4re \u00dcberquerung&#8220; zu neuem Leben erwachen zu lassen.<\/p>\n","protected":false},"excerpt":{"rendered":"<p>Die \u00dcberquerung des Gardasees wird von vielen als die sch\u00f6nste Schwimmveranstaltung in freien Gew\u00e4ssern Norditaliens und vielleicht des gesamten Stiefels bezeichnet. Man bedenke nur, dass im Laufe der Initiative der gr\u00f6\u00dfte See Italiens \u00fcberquert wird, und dies entlang einer Strecke von unbeschreiblicher Sch\u00f6nheit und von den Bergen umgeben.<\/p>\n","protected":false},"author":1,"featured_media":270,"comment_status":"open","ping_status":"open","sticky":false,"template":"","format":"standard","meta":[],"categories":[2],"tags":[],"news-destination":[],"news-source":[],"is_homepage":[],"ta_other":[],"featured_media_details":{"width":620,"height":413,"file":"2019\/05\/db889c4743959cb6581714916ee4c95f.jpg","sizes":{"thumbnail":{"file":"db889c4743959cb6581714916ee4c95f-150x150.jpg","width":150,"height":150,"mime-type":"image\/jpeg","source_url":"https:\/\/www.gardaseezeitung.it\/gardaseezeitung_new\/de\/wp-content\/uploads\/sites\/2\/2019\/05\/db889c4743959cb6581714916ee4c95f-150x150.jpg"},"medium":{"file":"db889c4743959cb6581714916ee4c95f-300x200.jpg","width":300,"height":200,"mime-type":"image\/jpeg","source_url":"https:\/\/www.gardaseezeitung.it\/gardaseezeitung_new\/de\/wp-content\/uploads\/sites\/2\/2019\/05\/db889c4743959cb6581714916ee4c95f-300x200.jpg"},"full":{"file":"db889c4743959cb6581714916ee4c95f.jpg","width":620,"height":413,"mime_type":"","source_url":"https:\/\/www.gardaseezeitung.it\/gardaseezeitung_new\/de\/wp-content\/uploads\/sites\/2\/2019\/05\/db889c4743959cb6581714916ee4c95f.jpg"}},"image_meta":{"aperture":"0","credit":"","camera":"","caption":"","created_timestamp":"0","copyright":"","focal_length":"0","iso":"0","shutter_speed":"0","title":"","orientation":"0","keywords":[]}},"_links":{"self":[{"href":"https:\/\/www.gardaseezeitung.it\/gardaseezeitung_new\/de\/wp-json\/wp\/v2\/posts\/269"}],"collection":[{"href":"https:\/\/www.gardaseezeitung.it\/gardaseezeitung_new\/de\/wp-json\/wp\/v2\/posts"}],"about":[{"href":"https:\/\/www.gardaseezeitung.it\/gardaseezeitung_new\/de\/wp-json\/wp\/v2\/types\/post"}],"author":[{"embeddable":true,"href":"https:\/\/www.gardaseezeitung.it\/gardaseezeitung_new\/de\/wp-json\/wp\/v2\/users\/1"}],"replies":[{"embeddable":true,"href":"https:\/\/www.gardaseezeitung.it\/gardaseezeitung_new\/de\/wp-json\/wp\/v2\/comments?post=269"}],"version-history":[{"count":0,"href":"https:\/\/www.gardaseezeitung.it\/gardaseezeitung_new\/de\/wp-json\/wp\/v2\/posts\/269\/revisions"}],"wp:featuredmedia":[{"embeddable":true,"href":"https:\/\/www.gardaseezeitung.it\/gardaseezeitung_new\/de\/wp-json\/wp\/v2\/media\/270"}],"wp:attachment":[{"href":"https:\/\/www.gardaseezeitung.it\/gardaseezeitung_new\/de\/wp-json\/wp\/v2\/media?parent=269"}],"wp:term":[{"taxonomy":"category","embeddable":true,"href":"https:\/\/www.gardaseezeitung.it\/gardaseezeitung_new\/de\/wp-json\/wp\/v2\/categories?post=269"},{"taxonomy":"post_tag","embeddable":true,"href":"https:\/\/www.gardaseezeitung.it\/gardaseezeitung_new\/de\/wp-json\/wp\/v2\/tags?post=269"},{"taxonomy":"news-destination","embeddable":true,"href":"https:\/\/www.gardaseezeitung.it\/gardaseezeitung_new\/de\/wp-json\/wp\/v2\/news-destination?post=269"},{"taxonomy":"news-source","embeddable":true,"href":"https:\/\/www.gardaseezeitung.it\/gardaseezeitung_new\/de\/wp-json\/wp\/v2\/news-source?post=269"},{"taxonomy":"is_homepage","embeddable":true,"href":"https:\/\/www.gardaseezeitung.it\/gardaseezeitung_new\/de\/wp-json\/wp\/v2\/is_homepage?post=269"},{"taxonomy":"ta_other","embeddable":true,"href":"https:\/\/www.gardaseezeitung.it\/gardaseezeitung_new\/de\/wp-json\/wp\/v2\/ta_other?post=269"}],"curies":[{"name":"wp","href":"https:\/\/api.w.org\/{rel}","templated":true}]}}