{"id":273,"date":"2015-08-10T16:26:04","date_gmt":"2015-08-10T16:26:04","guid":{"rendered":"http:\/\/euwp08.newsmemory.com\/gardaseezeitung_new\/de\/2015\/08\/10\/august-event-highlights-rund-um-den-see\/"},"modified":"2019-05-28T16:32:47","modified_gmt":"2019-05-28T16:32:47","slug":"august-event-highlights-rund-um-den-see","status":"publish","type":"post","link":"https:\/\/www.gardaseezeitung.it\/2015\/08\/10\/august-event-highlights-rund-um-den-see\/","title":{"rendered":"August: Event-Highlights rund um den See"},"content":{"rendered":"<p style=\"text-align: justify\">In vielen D\u00f6rfern rund um den See finden im August Volksfeste statt. Musik, Gastronomie und viel Spa\u00df sind an diesen Abenden selbstverst\u00e4ndlich. Zu den traditionellen August-Events z\u00e4hlt auch der Gesangswettbewerb \u201eFestival del Garda&#8220;, der in diesem Jahr bereits zum zwanzigsten Mal organisiert wird und dessen Finale am 22. August in Garda vorgesehen ist.<br \/>Doch nicht nur Musik ist geplant: in Peschiera del Garda erwartet man die Besucher am 16. des Sommermonats mit einem absoluten Highlight: nach neun Jahren kehrt die Kunstflugstaffel \u201eFrecce Tricolori&#8220; an den beliebten Ferienort zur\u00fcck und wird das Publikum mit ihrer Air-Show begeistern. Ein traditionelles Event ist in Peschiera auch der \u201ePalio delle Mura&#8220; (21. bis 23. August), eine Ruderregatta auf den Kan\u00e4len rund um die Stadtmauern. Apropos Rudern: auch die Bisse-Regatten sind ein Event, das es nicht zu verpassen gilt. Das Finale der Ruderregatta, bei der im Stehen gerudert wird, ist f\u00fcr den 8. August in Torri del Benaco vorgesehen.<br \/>Auch in Riva del Garda laufen bereits die Vorbereitungen f\u00fcr ein traditionelles Event: \u201eNotti di Fiabe&#8220; (M\u00e4rchenn\u00e4chte). In diesem Jahr dreht sich an den Veranstaltungstagen vom 27. bis zum 30. August alles um \u201eRotk\u00e4ppchen&#8220;.<br \/>Doch was w\u00e4re Italien ohne seinen Wein? Auch im Sommer widmet man den edlen Tropfen verschiedene Events. So findet in Lazise am 6. und 7. August ReWine statt, bei dem die Veroneser Weine im Mittelpunkt stehen. Am 14. August bittet man im Forte Ardietti an der Gemeindegrenze zwischen Peschiera und Ponti sul Mincio zu \u201eBrindisi unter den Sternen&#8220; und l\u00e4dt dazu ein, mit den Weinen der Mor\u00e4nenh\u00fcgel auf den Ferragosto anzusto\u00dfen.<\/p>\n","protected":false},"excerpt":{"rendered":"<p>Es ist August \u2013 in Italien der Urlaubsmonat par excellence. In diesem Monat steht nicht nur der Ferragosto auf dem Programm (Maria Himmelfahrt \u2013 15. August), der f\u00fcr die Italiener ein Feiertag und ein Synonym f\u00fcr Erholung und Spa\u00df mit Freunden ist, sondern auch viele weitere traditionelle Momente.<\/p>\n","protected":false},"author":1,"featured_media":274,"comment_status":"open","ping_status":"open","sticky":false,"template":"","format":"standard","meta":[],"categories":[2],"tags":[],"news-destination":[],"news-source":[],"is_homepage":[],"ta_other":[],"featured_media_details":{"width":620,"height":412,"file":"2019\/05\/0c276b8680bf41625d0374d703659430.jpg","sizes":{"thumbnail":{"file":"0c276b8680bf41625d0374d703659430-150x150.jpg","width":150,"height":150,"mime-type":"image\/jpeg","source_url":"https:\/\/www.gardaseezeitung.it\/gardaseezeitung_new\/de\/wp-content\/uploads\/sites\/2\/2019\/05\/0c276b8680bf41625d0374d703659430-150x150.jpg"},"medium":{"file":"0c276b8680bf41625d0374d703659430-300x199.jpg","width":300,"height":199,"mime-type":"image\/jpeg","source_url":"https:\/\/www.gardaseezeitung.it\/gardaseezeitung_new\/de\/wp-content\/uploads\/sites\/2\/2019\/05\/0c276b8680bf41625d0374d703659430-300x199.jpg"},"full":{"file":"0c276b8680bf41625d0374d703659430.jpg","width":620,"height":412,"mime_type":"","source_url":"https:\/\/www.gardaseezeitung.it\/gardaseezeitung_new\/de\/wp-content\/uploads\/sites\/2\/2019\/05\/0c276b8680bf41625d0374d703659430.jpg"}},"image_meta":{"aperture":"0","credit":"","camera":"","caption":"","created_timestamp":"0","copyright":"","focal_length":"0","iso":"0","shutter_speed":"0","title":"","orientation":"0","keywords":[]}},"_links":{"self":[{"href":"https:\/\/www.gardaseezeitung.it\/gardaseezeitung_new\/de\/wp-json\/wp\/v2\/posts\/273"}],"collection":[{"href":"https:\/\/www.gardaseezeitung.it\/gardaseezeitung_new\/de\/wp-json\/wp\/v2\/posts"}],"about":[{"href":"https:\/\/www.gardaseezeitung.it\/gardaseezeitung_new\/de\/wp-json\/wp\/v2\/types\/post"}],"author":[{"embeddable":true,"href":"https:\/\/www.gardaseezeitung.it\/gardaseezeitung_new\/de\/wp-json\/wp\/v2\/users\/1"}],"replies":[{"embeddable":true,"href":"https:\/\/www.gardaseezeitung.it\/gardaseezeitung_new\/de\/wp-json\/wp\/v2\/comments?post=273"}],"version-history":[{"count":0,"href":"https:\/\/www.gardaseezeitung.it\/gardaseezeitung_new\/de\/wp-json\/wp\/v2\/posts\/273\/revisions"}],"wp:featuredmedia":[{"embeddable":true,"href":"https:\/\/www.gardaseezeitung.it\/gardaseezeitung_new\/de\/wp-json\/wp\/v2\/media\/274"}],"wp:attachment":[{"href":"https:\/\/www.gardaseezeitung.it\/gardaseezeitung_new\/de\/wp-json\/wp\/v2\/media?parent=273"}],"wp:term":[{"taxonomy":"category","embeddable":true,"href":"https:\/\/www.gardaseezeitung.it\/gardaseezeitung_new\/de\/wp-json\/wp\/v2\/categories?post=273"},{"taxonomy":"post_tag","embeddable":true,"href":"https:\/\/www.gardaseezeitung.it\/gardaseezeitung_new\/de\/wp-json\/wp\/v2\/tags?post=273"},{"taxonomy":"news-destination","embeddable":true,"href":"https:\/\/www.gardaseezeitung.it\/gardaseezeitung_new\/de\/wp-json\/wp\/v2\/news-destination?post=273"},{"taxonomy":"news-source","embeddable":true,"href":"https:\/\/www.gardaseezeitung.it\/gardaseezeitung_new\/de\/wp-json\/wp\/v2\/news-source?post=273"},{"taxonomy":"is_homepage","embeddable":true,"href":"https:\/\/www.gardaseezeitung.it\/gardaseezeitung_new\/de\/wp-json\/wp\/v2\/is_homepage?post=273"},{"taxonomy":"ta_other","embeddable":true,"href":"https:\/\/www.gardaseezeitung.it\/gardaseezeitung_new\/de\/wp-json\/wp\/v2\/ta_other?post=273"}],"curies":[{"name":"wp","href":"https:\/\/api.w.org\/{rel}","templated":true}]}}