{"id":285,"date":"2015-10-07T09:47:15","date_gmt":"2015-10-07T09:47:15","guid":{"rendered":"http:\/\/euwp08.newsmemory.com\/gardaseezeitung_new\/de\/2015\/10\/07\/sommersaison-war-ein-erfolg\/"},"modified":"2019-05-28T16:32:47","modified_gmt":"2019-05-28T16:32:47","slug":"sommersaison-war-ein-erfolg","status":"publish","type":"post","link":"https:\/\/www.gardaseezeitung.it\/2015\/10\/07\/sommersaison-war-ein-erfolg\/","title":{"rendered":"Sommersaison war ein Erfolg"},"content":{"rendered":"<p>Zur Zeit liegen der Provinzverwaltung nur die Daten f\u00fcr die ersten sechs Monate des Jahres vor, doch bereits aus ihnen geht hervor, dass es diesen Sommer gut lief. Zur\u00fcckzuf\u00fchren ist dies einerseits auf das hervorragende Wetter und die N\u00e4he des Gardasees nach Mailand, wo in diesem Jahr die Expo stattfindet. Andererseits f\u00fchrte di Krise vieler nordafrikanischer L\u00e4nder dazu, dass die Urlauber sich f\u00fcr ein Reiseziel entschieden, dass ihrem Heimatort n\u00e4her lag.<\/p>\n<p>Doch nun ein Blick auf die Zahlen. Von Januar bis Juni konnte ein Anstieg von 10,57 Prozent bei den Ank\u00fcnften (Zahl der angereisten Urlauber) registriert werden. Auch bei den Pr\u00e4senzen (Zahl der am See verbrachten Urlaubstage) konnte ein Plus verzeichnet werden, und zwar von 6,9 Prozent. Besonders beliebt ist unter den Gardasee-Urlaubern des Ostufers der Ort Lazise 8233.206 Ank\u00fcnfte). Auch Peschiera (177.642 Ank\u00fcnfte) und Bardolino (179.071 Ank\u00fcnfte) k\u00f6nnen zufrieden sein.<br \/>Die Fremdenverkehrszahlen, so Antonio Pastorello, Vorsitzender der Provinz, seien am gesamten Gardasee sehr positiv. Gleiches g\u00e4lte f\u00fcr das gesamte Veroneser Gebiet, die Berggebiete inbegriffen. Dieser Trend habe bereits vor einigen Jahren begonnen, so Loris Danielli, Gesch\u00e4ftsf\u00fchrer der \u201eTurismo srl&#8220; der Provinz.<br \/>Besonders gut gef\u00e4llt der Gardasee den aus dem Ausland anreisenden Ferieng\u00e4sten. Sie machten 79,45 Prozent der Urlauber aus. Allen voran \u2013 wie immer \u2013 die deutschsprachigen Urlauber (58,39 Prozent). Es folgten die Holl\u00e4nder und die Briten.<br \/>Dies ist, wie bereits erw\u00e4hnt, nur ein Teilergebnis, denn es fehlen noch die Daten der Haupturlaubsmonate Juli, August und September. Die in der Branche Besch\u00e4ftigten k\u00f6nnen dennoch bereits dar\u00fcber ein wenig Auskunft geben, wie es gelaufen ist. Und so spricht man von einer positiven Saison. Immer beliebter seien die alternativen \u00dcbernachtungsgelegenheiten (Ferienwohnungen, B&amp;B, Campingpl\u00e4tze, etc.). Im Juli, so war zu vernehmen, sei der Touristenzustrom ein wenig zur\u00fcckgegangen. Zur\u00fcckzuf\u00fchren sei dies auf die Hitzewelle, die viele Urlauber dazu verleitet habe, in Heimatn\u00e4he Urlaub zu machen. Besser sei es im August und September gelaufen.<\/p>\n","protected":false},"excerpt":{"rendered":"<p>Die Sommersaison ist inzwischen vorbei. Am Gardasee hat man eine erste Bilanz gezogen. Und die ist \u00e4u\u00dferst positiv. Der Sommer 2015 war f\u00fcr die in der Fremdenverkehrsbranche Besch\u00e4ftigten ein arbeitsreicher Sommer. Dies belegen die Daten der Provinz Verona.<\/p>\n","protected":false},"author":1,"featured_media":286,"comment_status":"open","ping_status":"open","sticky":false,"template":"","format":"standard","meta":[],"categories":[2],"tags":[],"news-destination":[],"news-source":[],"is_homepage":[],"ta_other":[],"featured_media_details":{"width":1024,"height":627,"file":"2019\/05\/bbb0b5d3fc258e6e87427038e53a319c.jpg","sizes":{"thumbnail":{"file":"bbb0b5d3fc258e6e87427038e53a319c-150x150.jpg","width":150,"height":150,"mime-type":"image\/jpeg","source_url":"https:\/\/www.gardaseezeitung.it\/gardaseezeitung_new\/de\/wp-content\/uploads\/sites\/2\/2019\/05\/bbb0b5d3fc258e6e87427038e53a319c-150x150.jpg"},"medium":{"file":"bbb0b5d3fc258e6e87427038e53a319c-300x184.jpg","width":300,"height":184,"mime-type":"image\/jpeg","source_url":"https:\/\/www.gardaseezeitung.it\/gardaseezeitung_new\/de\/wp-content\/uploads\/sites\/2\/2019\/05\/bbb0b5d3fc258e6e87427038e53a319c-300x184.jpg"},"medium_large":{"file":"bbb0b5d3fc258e6e87427038e53a319c-768x470.jpg","width":768,"height":470,"mime-type":"image\/jpeg","source_url":"https:\/\/www.gardaseezeitung.it\/gardaseezeitung_new\/de\/wp-content\/uploads\/sites\/2\/2019\/05\/bbb0b5d3fc258e6e87427038e53a319c-768x470.jpg"},"large":{"file":"bbb0b5d3fc258e6e87427038e53a319c-1024x627.jpg","width":1024,"height":627,"mime-type":"image\/jpeg","source_url":"https:\/\/www.gardaseezeitung.it\/gardaseezeitung_new\/de\/wp-content\/uploads\/sites\/2\/2019\/05\/bbb0b5d3fc258e6e87427038e53a319c-1024x627.jpg"},"big_image":{"file":"bbb0b5d3fc258e6e87427038e53a319c-750x459.jpg","width":750,"height":459,"mime-type":"image\/jpeg","source_url":"https:\/\/www.gardaseezeitung.it\/gardaseezeitung_new\/de\/wp-content\/uploads\/sites\/2\/2019\/05\/bbb0b5d3fc258e6e87427038e53a319c-750x459.jpg"},"full":{"file":"bbb0b5d3fc258e6e87427038e53a319c.jpg","width":1024,"height":627,"mime_type":"","source_url":"https:\/\/www.gardaseezeitung.it\/gardaseezeitung_new\/de\/wp-content\/uploads\/sites\/2\/2019\/05\/bbb0b5d3fc258e6e87427038e53a319c.jpg"}},"image_meta":{"aperture":"0","credit":"","camera":"","caption":"","created_timestamp":"0","copyright":"","focal_length":"0","iso":"0","shutter_speed":"0","title":"","orientation":"0","keywords":[]}},"_links":{"self":[{"href":"https:\/\/www.gardaseezeitung.it\/gardaseezeitung_new\/de\/wp-json\/wp\/v2\/posts\/285"}],"collection":[{"href":"https:\/\/www.gardaseezeitung.it\/gardaseezeitung_new\/de\/wp-json\/wp\/v2\/posts"}],"about":[{"href":"https:\/\/www.gardaseezeitung.it\/gardaseezeitung_new\/de\/wp-json\/wp\/v2\/types\/post"}],"author":[{"embeddable":true,"href":"https:\/\/www.gardaseezeitung.it\/gardaseezeitung_new\/de\/wp-json\/wp\/v2\/users\/1"}],"replies":[{"embeddable":true,"href":"https:\/\/www.gardaseezeitung.it\/gardaseezeitung_new\/de\/wp-json\/wp\/v2\/comments?post=285"}],"version-history":[{"count":0,"href":"https:\/\/www.gardaseezeitung.it\/gardaseezeitung_new\/de\/wp-json\/wp\/v2\/posts\/285\/revisions"}],"wp:featuredmedia":[{"embeddable":true,"href":"https:\/\/www.gardaseezeitung.it\/gardaseezeitung_new\/de\/wp-json\/wp\/v2\/media\/286"}],"wp:attachment":[{"href":"https:\/\/www.gardaseezeitung.it\/gardaseezeitung_new\/de\/wp-json\/wp\/v2\/media?parent=285"}],"wp:term":[{"taxonomy":"category","embeddable":true,"href":"https:\/\/www.gardaseezeitung.it\/gardaseezeitung_new\/de\/wp-json\/wp\/v2\/categories?post=285"},{"taxonomy":"post_tag","embeddable":true,"href":"https:\/\/www.gardaseezeitung.it\/gardaseezeitung_new\/de\/wp-json\/wp\/v2\/tags?post=285"},{"taxonomy":"news-destination","embeddable":true,"href":"https:\/\/www.gardaseezeitung.it\/gardaseezeitung_new\/de\/wp-json\/wp\/v2\/news-destination?post=285"},{"taxonomy":"news-source","embeddable":true,"href":"https:\/\/www.gardaseezeitung.it\/gardaseezeitung_new\/de\/wp-json\/wp\/v2\/news-source?post=285"},{"taxonomy":"is_homepage","embeddable":true,"href":"https:\/\/www.gardaseezeitung.it\/gardaseezeitung_new\/de\/wp-json\/wp\/v2\/is_homepage?post=285"},{"taxonomy":"ta_other","embeddable":true,"href":"https:\/\/www.gardaseezeitung.it\/gardaseezeitung_new\/de\/wp-json\/wp\/v2\/ta_other?post=285"}],"curies":[{"name":"wp","href":"https:\/\/api.w.org\/{rel}","templated":true}]}}