{"id":299,"date":"2015-11-13T22:43:05","date_gmt":"2015-11-13T22:43:05","guid":{"rendered":"http:\/\/euwp08.newsmemory.com\/gardaseezeitung_new\/de\/2015\/11\/13\/mozarts-zauberflote-im-teatro-filarmonico-in-verona\/"},"modified":"2019-05-28T16:32:47","modified_gmt":"2019-05-28T16:32:47","slug":"mozarts-zauberflote-im-teatro-filarmonico-in-verona","status":"publish","type":"post","link":"https:\/\/www.gardaseezeitung.it\/2015\/11\/13\/mozarts-zauberflote-im-teatro-filarmonico-in-verona\/","title":{"rendered":"Mozarts Zauberfl\u00f6te im Teatro Filarmonico in Verona"},"content":{"rendered":"<p style=\"text-align: justify\">Gemeinsam mit dem bekannten Duo der Video-Artists MASBEDO (Nicol\u00f2 Massazza und Iacopo Bedogni) wurde diese innovative Inszenierung geschaffen. Das B\u00fchnenbild ist von Giacomo Andrico, der gemeinsam mit Furlani auch f\u00fcr die Kost\u00fcme verantwortlich zeichnet. F\u00fcr das Lighting Design ist Paolo Mazzon zust\u00e4ndig. Und am Dirigentenpult steht Maestro Philipp von Steinaecker. Unter seiner Leitung treten erfahrene Mozart-Interpreten wie Insung Sim als Sarastro, Leonardo Cortellazzi als Tamino, Ekaterina Bakanova als Pamina, Sofia Mchedlishvili (12. November) und Daniela Cappiello (15. November) als K\u00f6nigin der Nacht, Christian Senn als Papageno, Lavinia Bini als Papagena und Marcello Nardis als Monostato auf. Mit dabei nat\u00fcrlich auch das Orchester und der Chor der Arena von Verona.<br \/>Die letzten Repliken finden am 12. November um 20.30 Uhr und am 15. November um 15.30 Uhr statt.<br \/>Tickets: von 14 bis 60 Euro<br \/>Theaterkasse: (Via die Mutilati 4\/k; Verona; Tel. 045 8002880)<br \/>\u00d6ffnungszeiten: montags bis freitags 12 bis 17.45 Uhr; samstags 10 bis 12.45 Uhr; an den Auff\u00fchrungstagen 12 Uhr bis Auff\u00fchrungsbeginn (am Sonntag ab 10 Uhr bis Auff\u00fchrungsbeginn).<\/p>\n","protected":false},"excerpt":{"rendered":"<p>Noch bis zum 15. November laufen im Teatro Filarmonico in Verona die Auff\u00fchrungen der \u201eZauberfl\u00f6te&#8220; von Wolfgang Amadeus Mozart. Das Werk wird in einer neuen Inszenierung in Originalsprache pr\u00e4sentiert. F\u00fcr die Regie der \u201eZauberfl\u00f6te&#8220;, deren Erstauff\u00fchrung am 8. November stattfand, zeichnet Mariano Furlani verantwortlich.<\/p>\n","protected":false},"author":1,"featured_media":300,"comment_status":"open","ping_status":"open","sticky":false,"template":"","format":"standard","meta":[],"categories":[2],"tags":[],"news-destination":[],"news-source":[],"is_homepage":[],"ta_other":[],"featured_media_details":{"width":1024,"height":683,"file":"2019\/05\/dcb1b2e338ad3667ebb798111e365dd9.jpg","sizes":{"thumbnail":{"file":"dcb1b2e338ad3667ebb798111e365dd9-150x150.jpg","width":150,"height":150,"mime-type":"image\/jpeg","source_url":"https:\/\/www.gardaseezeitung.it\/gardaseezeitung_new\/de\/wp-content\/uploads\/sites\/2\/2019\/05\/dcb1b2e338ad3667ebb798111e365dd9-150x150.jpg"},"medium":{"file":"dcb1b2e338ad3667ebb798111e365dd9-300x200.jpg","width":300,"height":200,"mime-type":"image\/jpeg","source_url":"https:\/\/www.gardaseezeitung.it\/gardaseezeitung_new\/de\/wp-content\/uploads\/sites\/2\/2019\/05\/dcb1b2e338ad3667ebb798111e365dd9-300x200.jpg"},"medium_large":{"file":"dcb1b2e338ad3667ebb798111e365dd9-768x512.jpg","width":768,"height":512,"mime-type":"image\/jpeg","source_url":"https:\/\/www.gardaseezeitung.it\/gardaseezeitung_new\/de\/wp-content\/uploads\/sites\/2\/2019\/05\/dcb1b2e338ad3667ebb798111e365dd9-768x512.jpg"},"large":{"file":"dcb1b2e338ad3667ebb798111e365dd9-1024x683.jpg","width":1024,"height":683,"mime-type":"image\/jpeg","source_url":"https:\/\/www.gardaseezeitung.it\/gardaseezeitung_new\/de\/wp-content\/uploads\/sites\/2\/2019\/05\/dcb1b2e338ad3667ebb798111e365dd9-1024x683.jpg"},"big_image":{"file":"dcb1b2e338ad3667ebb798111e365dd9-750x500.jpg","width":750,"height":500,"mime-type":"image\/jpeg","source_url":"https:\/\/www.gardaseezeitung.it\/gardaseezeitung_new\/de\/wp-content\/uploads\/sites\/2\/2019\/05\/dcb1b2e338ad3667ebb798111e365dd9-750x500.jpg"},"full":{"file":"dcb1b2e338ad3667ebb798111e365dd9.jpg","width":1024,"height":683,"mime_type":"","source_url":"https:\/\/www.gardaseezeitung.it\/gardaseezeitung_new\/de\/wp-content\/uploads\/sites\/2\/2019\/05\/dcb1b2e338ad3667ebb798111e365dd9.jpg"}},"image_meta":{"aperture":"0","credit":"","camera":"","caption":"","created_timestamp":"0","copyright":"","focal_length":"0","iso":"0","shutter_speed":"0","title":"","orientation":"0","keywords":[]}},"_links":{"self":[{"href":"https:\/\/www.gardaseezeitung.it\/gardaseezeitung_new\/de\/wp-json\/wp\/v2\/posts\/299"}],"collection":[{"href":"https:\/\/www.gardaseezeitung.it\/gardaseezeitung_new\/de\/wp-json\/wp\/v2\/posts"}],"about":[{"href":"https:\/\/www.gardaseezeitung.it\/gardaseezeitung_new\/de\/wp-json\/wp\/v2\/types\/post"}],"author":[{"embeddable":true,"href":"https:\/\/www.gardaseezeitung.it\/gardaseezeitung_new\/de\/wp-json\/wp\/v2\/users\/1"}],"replies":[{"embeddable":true,"href":"https:\/\/www.gardaseezeitung.it\/gardaseezeitung_new\/de\/wp-json\/wp\/v2\/comments?post=299"}],"version-history":[{"count":0,"href":"https:\/\/www.gardaseezeitung.it\/gardaseezeitung_new\/de\/wp-json\/wp\/v2\/posts\/299\/revisions"}],"wp:featuredmedia":[{"embeddable":true,"href":"https:\/\/www.gardaseezeitung.it\/gardaseezeitung_new\/de\/wp-json\/wp\/v2\/media\/300"}],"wp:attachment":[{"href":"https:\/\/www.gardaseezeitung.it\/gardaseezeitung_new\/de\/wp-json\/wp\/v2\/media?parent=299"}],"wp:term":[{"taxonomy":"category","embeddable":true,"href":"https:\/\/www.gardaseezeitung.it\/gardaseezeitung_new\/de\/wp-json\/wp\/v2\/categories?post=299"},{"taxonomy":"post_tag","embeddable":true,"href":"https:\/\/www.gardaseezeitung.it\/gardaseezeitung_new\/de\/wp-json\/wp\/v2\/tags?post=299"},{"taxonomy":"news-destination","embeddable":true,"href":"https:\/\/www.gardaseezeitung.it\/gardaseezeitung_new\/de\/wp-json\/wp\/v2\/news-destination?post=299"},{"taxonomy":"news-source","embeddable":true,"href":"https:\/\/www.gardaseezeitung.it\/gardaseezeitung_new\/de\/wp-json\/wp\/v2\/news-source?post=299"},{"taxonomy":"is_homepage","embeddable":true,"href":"https:\/\/www.gardaseezeitung.it\/gardaseezeitung_new\/de\/wp-json\/wp\/v2\/is_homepage?post=299"},{"taxonomy":"ta_other","embeddable":true,"href":"https:\/\/www.gardaseezeitung.it\/gardaseezeitung_new\/de\/wp-json\/wp\/v2\/ta_other?post=299"}],"curies":[{"name":"wp","href":"https:\/\/api.w.org\/{rel}","templated":true}]}}