{"id":317,"date":"2016-02-04T11:18:20","date_gmt":"2016-02-04T11:18:20","guid":{"rendered":"http:\/\/euwp08.newsmemory.com\/gardaseezeitung_new\/de\/2016\/02\/04\/meisterwerke-der-kunst-in-verona\/"},"modified":"2019-05-28T16:32:48","modified_gmt":"2019-05-28T16:32:48","slug":"meisterwerke-der-kunst-in-verona","status":"publish","type":"post","link":"https:\/\/www.gardaseezeitung.it\/2016\/02\/04\/meisterwerke-der-kunst-in-verona\/","title":{"rendered":"Meisterwerke der Kunst in Verona"},"content":{"rendered":"<p style=\"text-align: justify\">Zu sehen sind siebzig Meisterwerke, die Verona als Leihgaben des Kr\u00f6ller-M\u00fcller Museums im holl\u00e4ndischen Otterlo erreichen. Zu den ausgestellten Werken z\u00e4hlen das ber\u00fchmte Selbstportr\u00e4t von Van Gogh (1887), \u201eSonntag in Port-en-Bessin&#8220; von Seurat (1888), das \u201eFr\u00fchst\u00fcck&#8220; von Signac (1886-87) und die \u201eKomposition mit rot, gelb und blau&#8220; von Mondrian (1927). Die von der Stadtverwaltung von Verona und mit der Unterst\u00fctzung der Fondazione Arena gef\u00f6rderte Ausstellung, f\u00fcr die Stefano Zuffi verantwortlich zeichnet, wird von der Arthemisia Group in Zusammenarbeit mit dem Kr\u00f6ller-M\u00fcller Museum organisiert. Die Ausstellung hat t\u00e4glich von 9.30 bis 19.30 Uhr ge\u00f6ffnet; die Kasse schlie\u00dft um 18.30 Uhr.&nbsp;Tickets: 13 Euro, reduziert 11 Euro (unter anderem Over 65, Jugendliche von 11 bis 18 Jahre; Audiof\u00fchrer inbegriffen), 6,50 Euro Kinder von 4 bis 11 Jahre.&nbsp;Infos: Tel. 045 8538186 (Infoline und Vorverkauf); www.ilpostimpressionismoineuropa.it.<\/p>\n","protected":false},"excerpt":{"rendered":"<p>Noch bis zum 13. M\u00e4rz l\u00e4uft im Palazzo della Gran Guardia am Hauptplatz von Verona die Ausstellung \u201eSeurat-Van Gogh-Mondrian. Der Post-Impressionismus in Europa&#8220;.<\/p>\n","protected":false},"author":1,"featured_media":318,"comment_status":"open","ping_status":"open","sticky":false,"template":"","format":"standard","meta":[],"categories":[2],"tags":[],"news-destination":[],"news-source":[],"is_homepage":[],"ta_other":[],"featured_media_details":{"width":879,"height":690,"file":"2019\/05\/8a7cf19f52fb2a13db73011e7c34e0a8.jpg","sizes":{"thumbnail":{"file":"8a7cf19f52fb2a13db73011e7c34e0a8-150x150.jpg","width":150,"height":150,"mime-type":"image\/jpeg","source_url":"https:\/\/www.gardaseezeitung.it\/gardaseezeitung_new\/de\/wp-content\/uploads\/sites\/2\/2019\/05\/8a7cf19f52fb2a13db73011e7c34e0a8-150x150.jpg"},"medium":{"file":"8a7cf19f52fb2a13db73011e7c34e0a8-300x235.jpg","width":300,"height":235,"mime-type":"image\/jpeg","source_url":"https:\/\/www.gardaseezeitung.it\/gardaseezeitung_new\/de\/wp-content\/uploads\/sites\/2\/2019\/05\/8a7cf19f52fb2a13db73011e7c34e0a8-300x235.jpg"},"medium_large":{"file":"8a7cf19f52fb2a13db73011e7c34e0a8-768x603.jpg","width":768,"height":603,"mime-type":"image\/jpeg","source_url":"https:\/\/www.gardaseezeitung.it\/gardaseezeitung_new\/de\/wp-content\/uploads\/sites\/2\/2019\/05\/8a7cf19f52fb2a13db73011e7c34e0a8-768x603.jpg"},"big_image":{"file":"8a7cf19f52fb2a13db73011e7c34e0a8-750x589.jpg","width":750,"height":589,"mime-type":"image\/jpeg","source_url":"https:\/\/www.gardaseezeitung.it\/gardaseezeitung_new\/de\/wp-content\/uploads\/sites\/2\/2019\/05\/8a7cf19f52fb2a13db73011e7c34e0a8-750x589.jpg"},"full":{"file":"8a7cf19f52fb2a13db73011e7c34e0a8.jpg","width":879,"height":690,"mime_type":"","source_url":"https:\/\/www.gardaseezeitung.it\/gardaseezeitung_new\/de\/wp-content\/uploads\/sites\/2\/2019\/05\/8a7cf19f52fb2a13db73011e7c34e0a8.jpg"}},"image_meta":{"aperture":"0","credit":"","camera":"","caption":"","created_timestamp":"0","copyright":"","focal_length":"0","iso":"0","shutter_speed":"0","title":"","orientation":"0","keywords":[]}},"_links":{"self":[{"href":"https:\/\/www.gardaseezeitung.it\/gardaseezeitung_new\/de\/wp-json\/wp\/v2\/posts\/317"}],"collection":[{"href":"https:\/\/www.gardaseezeitung.it\/gardaseezeitung_new\/de\/wp-json\/wp\/v2\/posts"}],"about":[{"href":"https:\/\/www.gardaseezeitung.it\/gardaseezeitung_new\/de\/wp-json\/wp\/v2\/types\/post"}],"author":[{"embeddable":true,"href":"https:\/\/www.gardaseezeitung.it\/gardaseezeitung_new\/de\/wp-json\/wp\/v2\/users\/1"}],"replies":[{"embeddable":true,"href":"https:\/\/www.gardaseezeitung.it\/gardaseezeitung_new\/de\/wp-json\/wp\/v2\/comments?post=317"}],"version-history":[{"count":0,"href":"https:\/\/www.gardaseezeitung.it\/gardaseezeitung_new\/de\/wp-json\/wp\/v2\/posts\/317\/revisions"}],"wp:featuredmedia":[{"embeddable":true,"href":"https:\/\/www.gardaseezeitung.it\/gardaseezeitung_new\/de\/wp-json\/wp\/v2\/media\/318"}],"wp:attachment":[{"href":"https:\/\/www.gardaseezeitung.it\/gardaseezeitung_new\/de\/wp-json\/wp\/v2\/media?parent=317"}],"wp:term":[{"taxonomy":"category","embeddable":true,"href":"https:\/\/www.gardaseezeitung.it\/gardaseezeitung_new\/de\/wp-json\/wp\/v2\/categories?post=317"},{"taxonomy":"post_tag","embeddable":true,"href":"https:\/\/www.gardaseezeitung.it\/gardaseezeitung_new\/de\/wp-json\/wp\/v2\/tags?post=317"},{"taxonomy":"news-destination","embeddable":true,"href":"https:\/\/www.gardaseezeitung.it\/gardaseezeitung_new\/de\/wp-json\/wp\/v2\/news-destination?post=317"},{"taxonomy":"news-source","embeddable":true,"href":"https:\/\/www.gardaseezeitung.it\/gardaseezeitung_new\/de\/wp-json\/wp\/v2\/news-source?post=317"},{"taxonomy":"is_homepage","embeddable":true,"href":"https:\/\/www.gardaseezeitung.it\/gardaseezeitung_new\/de\/wp-json\/wp\/v2\/is_homepage?post=317"},{"taxonomy":"ta_other","embeddable":true,"href":"https:\/\/www.gardaseezeitung.it\/gardaseezeitung_new\/de\/wp-json\/wp\/v2\/ta_other?post=317"}],"curies":[{"name":"wp","href":"https:\/\/api.w.org\/{rel}","templated":true}]}}