{"id":327,"date":"2016-02-18T09:31:18","date_gmt":"2016-02-18T08:31:18","guid":{"rendered":"http:\/\/euwp08.newsmemory.com\/gardaseezeitung_new\/de\/2016\/02\/18\/frecce-tricolori-ein-blick-hinter-die-kulissen\/"},"modified":"2023-09-10T21:40:15","modified_gmt":"2022-11-14T21:40:15","slug":"frecce-tricolori-ein-blick-hinter-die-kulissen","status":"publish","type":"post","link":"https:\/\/www.gardaseezeitung.it\/2016\/02\/18\/frecce-tricolori-ein-blick-hinter-die-kulissen\/","title":{"rendered":"Frecce Tricolori: ein Blick hinter die Kulissen"},"content":{"rendered":"<p style=\"text-align: justify\">Die Frecce Tricolori sind hier seit dem 1. M\u00e4rz 1961 stationiert. An dem Datum wurde die 313. Gruppe f\u00fcr Akrobatik-Ausbildung offiziell gegr\u00fcndet. Wie bereits in den vergangenen Jahren bietet sich auch 2016 den Interessierten die M\u00f6glichkeit, in die Welt der Akrobatik-Piloten einzutauchen, denn von der Promo TurismoFVG werden in Zusammenarbeit mit der Luftwaffe gef\u00fchrte Touren auf dem St\u00fctzpunkt organisiert. Die Touren werden vom 29. Februar bis Ende April angeboten.<br \/>Im Laufe der Besichtigungstour, die rund drei Stunden in Anspruch nimmt, bietet sich die M\u00f6glichkeit, den Geheimnissen des Kunstflugs auf die Schliche zu kommen: auch mit Hilfe von Filmen pr\u00e4sentiert das Personal der Luftwaffe die Charakteristiken der Flugzeuge, die Flugtechniken und das Alltagsleben auf dem St\u00fctzpunkt. Besonderes Augenmerk gilt der Ausr\u00fcstung der Piloten. Entlang des Parcours k\u00f6nnen die Besucher auch den Armacchi MB339 bewundern \u2013 das Flugzeug, das die Frecce Tricolori zurzeit nutzen. Das ist aber noch nicht alles: sollte die Flugstaffel nicht gerade auf Grund einer ihrer Flugshows unterwegs sein, k\u00f6nnen die Besucher auch dem Flugtraining beiwohnen. Und ab diesem Jahr haben die Besucher des weiteren Zugang zur Museumsarea, in der eine Foto-Ausstellung zur Geschichte der PAN zu sehen ist.<br \/>Der St\u00fctzpunkt wird mit einem eigens hierf\u00fcr vorgesehenen Shuttle erreicht. Dieser startet vom Infopoint der Promo TurismoFVG in Udine oder vom Parkplatz des St\u00fctzpunktes in Rivolto. Die Besucher werden von einem F\u00fchrer auf ihrer Tour begleitet. Der F\u00fchrer spricht sowohl Italienisch als auch Englisch.<br \/>Den Touristen, die \u00fcber eine FVG Card verf\u00fcgen, wird ein Rabatt auf das Eintrittsticket gew\u00e4hrt (5 Euro statt 10 Euro). Kinder unter 12 nehmen kostenlos an der Tour teil (maximal drei Kinder pro einem zahlenden Erwachsenen). Anmeldungen: mindestens zehn Tage vor der geplanten Tour. Die erste Tour wird am 29. Februar angeboten. Informationen zu weiteren Daten und Uhrzeiten und um die Tour zu buchen: www.promoturismo.fvg.it oder telefonisch unter +39 0432 295972.<\/p>\n","protected":false},"excerpt":{"rendered":"<p>Die Flugshows der \u201eFrecce Tricolori&#8220; (Kunstflugstaffel der italienischen Luftwaffe) sind auf der ganzen Welt bekannt. Vorbereitet werden diese Shows im Himmel \u00fcber der Region Friaulen Venezia Julia. Die Piloten trainieren t\u00e4glich, und dies auf dem St\u00fctzpunkt in Rivolto, rund 20 Kilometer von Udine.<\/p>\n","protected":false},"author":1,"featured_media":328,"comment_status":"open","ping_status":"open","sticky":false,"template":"","format":"standard","meta":[],"categories":[2],"tags":[],"news-destination":[],"news-source":[],"is_homepage":[],"ta_other":[],"featured_media_details":{"width":1024,"height":648,"file":"2019\/05\/9728b635a75e1590516c1c3d0f7c7164.jpg","sizes":{"thumbnail":{"file":"9728b635a75e1590516c1c3d0f7c7164-150x150.jpg","width":150,"height":150,"mime-type":"image\/jpeg","source_url":"https:\/\/www.gardaseezeitung.it\/gardaseezeitung_new\/de\/wp-content\/uploads\/sites\/2\/2019\/05\/9728b635a75e1590516c1c3d0f7c7164-150x150.jpg"},"medium":{"file":"9728b635a75e1590516c1c3d0f7c7164-300x190.jpg","width":300,"height":190,"mime-type":"image\/jpeg","source_url":"https:\/\/www.gardaseezeitung.it\/gardaseezeitung_new\/de\/wp-content\/uploads\/sites\/2\/2019\/05\/9728b635a75e1590516c1c3d0f7c7164-300x190.jpg"},"medium_large":{"file":"9728b635a75e1590516c1c3d0f7c7164-768x486.jpg","width":768,"height":486,"mime-type":"image\/jpeg","source_url":"https:\/\/www.gardaseezeitung.it\/gardaseezeitung_new\/de\/wp-content\/uploads\/sites\/2\/2019\/05\/9728b635a75e1590516c1c3d0f7c7164-768x486.jpg"},"large":{"file":"9728b635a75e1590516c1c3d0f7c7164-1024x648.jpg","width":1024,"height":648,"mime-type":"image\/jpeg","source_url":"https:\/\/www.gardaseezeitung.it\/gardaseezeitung_new\/de\/wp-content\/uploads\/sites\/2\/2019\/05\/9728b635a75e1590516c1c3d0f7c7164-1024x648.jpg"},"big_image":{"file":"9728b635a75e1590516c1c3d0f7c7164-750x475.jpg","width":750,"height":475,"mime-type":"image\/jpeg","source_url":"https:\/\/www.gardaseezeitung.it\/gardaseezeitung_new\/de\/wp-content\/uploads\/sites\/2\/2019\/05\/9728b635a75e1590516c1c3d0f7c7164-750x475.jpg"},"full":{"file":"9728b635a75e1590516c1c3d0f7c7164.jpg","width":1024,"height":648,"mime_type":"","source_url":"https:\/\/www.gardaseezeitung.it\/gardaseezeitung_new\/de\/wp-content\/uploads\/sites\/2\/2019\/05\/9728b635a75e1590516c1c3d0f7c7164.jpg"}},"image_meta":{"aperture":"0","credit":"","camera":"","caption":"","created_timestamp":"0","copyright":"","focal_length":"0","iso":"0","shutter_speed":"0","title":"","orientation":"0","keywords":[]}},"_links":{"self":[{"href":"https:\/\/www.gardaseezeitung.it\/gardaseezeitung_new\/de\/wp-json\/wp\/v2\/posts\/327"}],"collection":[{"href":"https:\/\/www.gardaseezeitung.it\/gardaseezeitung_new\/de\/wp-json\/wp\/v2\/posts"}],"about":[{"href":"https:\/\/www.gardaseezeitung.it\/gardaseezeitung_new\/de\/wp-json\/wp\/v2\/types\/post"}],"author":[{"embeddable":true,"href":"https:\/\/www.gardaseezeitung.it\/gardaseezeitung_new\/de\/wp-json\/wp\/v2\/users\/1"}],"replies":[{"embeddable":true,"href":"https:\/\/www.gardaseezeitung.it\/gardaseezeitung_new\/de\/wp-json\/wp\/v2\/comments?post=327"}],"version-history":[{"count":1,"href":"https:\/\/www.gardaseezeitung.it\/gardaseezeitung_new\/de\/wp-json\/wp\/v2\/posts\/327\/revisions"}],"predecessor-version":[{"id":15018,"href":"https:\/\/www.gardaseezeitung.it\/gardaseezeitung_new\/de\/wp-json\/wp\/v2\/posts\/327\/revisions\/15018"}],"wp:featuredmedia":[{"embeddable":true,"href":"https:\/\/www.gardaseezeitung.it\/gardaseezeitung_new\/de\/wp-json\/wp\/v2\/media\/328"}],"wp:attachment":[{"href":"https:\/\/www.gardaseezeitung.it\/gardaseezeitung_new\/de\/wp-json\/wp\/v2\/media?parent=327"}],"wp:term":[{"taxonomy":"category","embeddable":true,"href":"https:\/\/www.gardaseezeitung.it\/gardaseezeitung_new\/de\/wp-json\/wp\/v2\/categories?post=327"},{"taxonomy":"post_tag","embeddable":true,"href":"https:\/\/www.gardaseezeitung.it\/gardaseezeitung_new\/de\/wp-json\/wp\/v2\/tags?post=327"},{"taxonomy":"news-destination","embeddable":true,"href":"https:\/\/www.gardaseezeitung.it\/gardaseezeitung_new\/de\/wp-json\/wp\/v2\/news-destination?post=327"},{"taxonomy":"news-source","embeddable":true,"href":"https:\/\/www.gardaseezeitung.it\/gardaseezeitung_new\/de\/wp-json\/wp\/v2\/news-source?post=327"},{"taxonomy":"is_homepage","embeddable":true,"href":"https:\/\/www.gardaseezeitung.it\/gardaseezeitung_new\/de\/wp-json\/wp\/v2\/is_homepage?post=327"},{"taxonomy":"ta_other","embeddable":true,"href":"https:\/\/www.gardaseezeitung.it\/gardaseezeitung_new\/de\/wp-json\/wp\/v2\/ta_other?post=327"}],"curies":[{"name":"wp","href":"https:\/\/api.w.org\/{rel}","templated":true}]}}