{"id":335,"date":"2016-03-21T18:03:41","date_gmt":"2016-03-21T18:03:41","guid":{"rendered":"http:\/\/euwp08.newsmemory.com\/gardaseezeitung_new\/de\/2016\/03\/21\/christo-und-seine-floating-piers\/"},"modified":"2019-05-28T16:35:27","modified_gmt":"2019-05-28T16:35:27","slug":"christo-und-seine-floating-piers","status":"publish","type":"post","link":"https:\/\/www.gardaseezeitung.it\/2016\/03\/21\/christo-und-seine-floating-piers\/","title":{"rendered":"Christo und seine \u201eFloating Piers\u201d"},"content":{"rendered":"<p style=\"text-align: justify\"><span style=\"text-align: justify\">Der Name des Kunstwerks, das entsteht? \u201eFloating piers&#8220; (Schwimmende Piers).&nbsp;<\/span>Die Installation, die geplant ist, ist beeindruckend \u2013 wie alle Werke des amerikanischen K\u00fcnstlers bulgarischen Ursprungs. 200.000 W\u00fcrfel aus Polyethylen mit hoher Dichte, die mit 70.000 Quadratmeter gl\u00e4nzendem orangefarbenen Stoff bezogen und auf dem Seegrund verankert werden, werden zu einer auf dem See schwimmenden drei Kilometer langen und 16 Meter breiten Br\u00fccke von Sulzano bis Monte Isola (vom Festland bis zur Insel).<br \/>Christo hat im Laufe der Jahre \u00fcber 50 Land Art Projekte erdacht, doch 37 von ihnen sind nie verwirklicht worden. Der Grund: h\u00e4ufig wurden ihm nicht die Genehmigungen gew\u00e4hrt, die f\u00fcr seine Installationen notwendig waren. Doch diesmal scheint alles zu klappen und Christo verspricht, uns auf dem Wasser wandeln zu lassen (sein Tipp: die Br\u00fccke barfu\u00df \u00fcberqueren; dies w\u00fcrde ganz besondere Emotionen schenken).<br \/>Das Projekt der \u201eFloating piers&#8220;, das der K\u00fcnstler bereits in den 70er Jahren gemeinsam mit seiner 2009 verstorbenen Frau Jeanne-Claude erdachte, nimmt inzwischen Formen an und Mitte Februar war Christo zu einem Ortstermin am Iseo-See.<br \/>Die Besucher k\u00f6nnen die drei Kilometer Strecke \u00fcber dem Wasser vom 18. Juni bis zum 3. Juli ausprobieren, doch bereits ab dem 7. April erwartet man die Kunstbegeisterten mit einer Ausstellung in Brescia, die den Entw\u00fcrfen seiner Werke und Installationen gewidmet ist. Insgesamt 150 Studien, Zeichnungen, Collagen und Entw\u00fcrfe, aber auch Videos und Filme, die den sieben \u201eWater Projects&#8220; gewidmet sind, die 1968\/69 in Sidney verwirklicht wurden. Des Weiteren werden nat\u00fcrlich auch die Arbeiten dokumentiert, die am Iseo-See laufen.<br \/>Zum Kunstevent am Lago d&#8217;Iseo werden tausende von Besucher erwartet. Die Kosten f\u00fcr die Installation belaufen sich auf f\u00fcnfzehn Millionen Euro. Die Ausstellungszeit f\u00e4llt in die Tage des Jahres mit den meisten Sonnenstunden. F\u00fcr die Sicherheit der Besucher wird mit drei\u00dfig Schlauchbooten und Rettungsschwimmern garantiert. Infos: <a href=\"http:\/\/www.thefloatingpiers.com\">www.thefloatingpiers.com<\/a>.<br \/><img title=\"Christo und seine \u201eFloating Piers\u201d\" src=\"images\/25CHRISTOWWW-master675.jpg\" alt=\"25CHRISTOWWW-master675\" \/><\/p>\n","protected":false},"excerpt":{"rendered":"<p>Ein Traum, der sich erf\u00fcllt \u2013 so bezeichnet der K\u00fcnstler Christo das Werk\/Projekt, das zurzeit am Iseo-See entsteht, und in diesem Sommer sicher tausende von Kunstinteressierte und Neugierige anziehen wird.&nbsp;<\/p>\n","protected":false},"author":1,"featured_media":336,"comment_status":"open","ping_status":"open","sticky":false,"template":"","format":"standard","meta":[],"categories":[2],"tags":[],"news-destination":[],"news-source":[],"is_homepage":[],"ta_other":[],"featured_media_details":{"width":1024,"height":624,"file":"2019\/05\/54af4e24e3040a5bb955ab6dfd62186a.jpg","sizes":{"thumbnail":{"file":"54af4e24e3040a5bb955ab6dfd62186a-150x150.jpg","width":150,"height":150,"mime-type":"image\/jpeg","source_url":"https:\/\/www.gardaseezeitung.it\/gardaseezeitung_new\/de\/wp-content\/uploads\/sites\/2\/2019\/05\/54af4e24e3040a5bb955ab6dfd62186a-150x150.jpg"},"medium":{"file":"54af4e24e3040a5bb955ab6dfd62186a-300x183.jpg","width":300,"height":183,"mime-type":"image\/jpeg","source_url":"https:\/\/www.gardaseezeitung.it\/gardaseezeitung_new\/de\/wp-content\/uploads\/sites\/2\/2019\/05\/54af4e24e3040a5bb955ab6dfd62186a-300x183.jpg"},"medium_large":{"file":"54af4e24e3040a5bb955ab6dfd62186a-768x468.jpg","width":768,"height":468,"mime-type":"image\/jpeg","source_url":"https:\/\/www.gardaseezeitung.it\/gardaseezeitung_new\/de\/wp-content\/uploads\/sites\/2\/2019\/05\/54af4e24e3040a5bb955ab6dfd62186a-768x468.jpg"},"large":{"file":"54af4e24e3040a5bb955ab6dfd62186a-1024x624.jpg","width":1024,"height":624,"mime-type":"image\/jpeg","source_url":"https:\/\/www.gardaseezeitung.it\/gardaseezeitung_new\/de\/wp-content\/uploads\/sites\/2\/2019\/05\/54af4e24e3040a5bb955ab6dfd62186a-1024x624.jpg"},"big_image":{"file":"54af4e24e3040a5bb955ab6dfd62186a-750x457.jpg","width":750,"height":457,"mime-type":"image\/jpeg","source_url":"https:\/\/www.gardaseezeitung.it\/gardaseezeitung_new\/de\/wp-content\/uploads\/sites\/2\/2019\/05\/54af4e24e3040a5bb955ab6dfd62186a-750x457.jpg"},"full":{"file":"54af4e24e3040a5bb955ab6dfd62186a.jpg","width":1024,"height":624,"mime_type":"","source_url":"https:\/\/www.gardaseezeitung.it\/gardaseezeitung_new\/de\/wp-content\/uploads\/sites\/2\/2019\/05\/54af4e24e3040a5bb955ab6dfd62186a.jpg"}},"image_meta":{"aperture":"0","credit":"","camera":"","caption":"","created_timestamp":"0","copyright":"","focal_length":"0","iso":"0","shutter_speed":"0","title":"","orientation":"0","keywords":[]}},"_links":{"self":[{"href":"https:\/\/www.gardaseezeitung.it\/gardaseezeitung_new\/de\/wp-json\/wp\/v2\/posts\/335"}],"collection":[{"href":"https:\/\/www.gardaseezeitung.it\/gardaseezeitung_new\/de\/wp-json\/wp\/v2\/posts"}],"about":[{"href":"https:\/\/www.gardaseezeitung.it\/gardaseezeitung_new\/de\/wp-json\/wp\/v2\/types\/post"}],"author":[{"embeddable":true,"href":"https:\/\/www.gardaseezeitung.it\/gardaseezeitung_new\/de\/wp-json\/wp\/v2\/users\/1"}],"replies":[{"embeddable":true,"href":"https:\/\/www.gardaseezeitung.it\/gardaseezeitung_new\/de\/wp-json\/wp\/v2\/comments?post=335"}],"version-history":[{"count":0,"href":"https:\/\/www.gardaseezeitung.it\/gardaseezeitung_new\/de\/wp-json\/wp\/v2\/posts\/335\/revisions"}],"wp:featuredmedia":[{"embeddable":true,"href":"https:\/\/www.gardaseezeitung.it\/gardaseezeitung_new\/de\/wp-json\/wp\/v2\/media\/336"}],"wp:attachment":[{"href":"https:\/\/www.gardaseezeitung.it\/gardaseezeitung_new\/de\/wp-json\/wp\/v2\/media?parent=335"}],"wp:term":[{"taxonomy":"category","embeddable":true,"href":"https:\/\/www.gardaseezeitung.it\/gardaseezeitung_new\/de\/wp-json\/wp\/v2\/categories?post=335"},{"taxonomy":"post_tag","embeddable":true,"href":"https:\/\/www.gardaseezeitung.it\/gardaseezeitung_new\/de\/wp-json\/wp\/v2\/tags?post=335"},{"taxonomy":"news-destination","embeddable":true,"href":"https:\/\/www.gardaseezeitung.it\/gardaseezeitung_new\/de\/wp-json\/wp\/v2\/news-destination?post=335"},{"taxonomy":"news-source","embeddable":true,"href":"https:\/\/www.gardaseezeitung.it\/gardaseezeitung_new\/de\/wp-json\/wp\/v2\/news-source?post=335"},{"taxonomy":"is_homepage","embeddable":true,"href":"https:\/\/www.gardaseezeitung.it\/gardaseezeitung_new\/de\/wp-json\/wp\/v2\/is_homepage?post=335"},{"taxonomy":"ta_other","embeddable":true,"href":"https:\/\/www.gardaseezeitung.it\/gardaseezeitung_new\/de\/wp-json\/wp\/v2\/ta_other?post=335"}],"curies":[{"name":"wp","href":"https:\/\/api.w.org\/{rel}","templated":true}]}}