{"id":3923,"date":"2020-02-24T20:01:47","date_gmt":"2020-02-24T19:01:47","guid":{"rendered":"http:\/\/euwp08.newsmemory.com\/gardaseezeitung_new\/de\/2020\/02\/24\/coronavirus-notfall-in-venetien-und-der-lombardei\/"},"modified":"2020-02-28T10:32:23","modified_gmt":"2019-10-01T10:32:23","slug":"coronavirus-notfall-in-venetien-und-der-lombardei","status":"publish","type":"post","link":"https:\/\/www.gardaseezeitung.it\/2020\/02\/24\/coronavirus-notfall-in-venetien-und-der-lombardei\/","title":{"rendered":"Coronavirus-Notfall in Venetien und der Lombardei"},"content":{"rendered":"<p style=\"text-align: justify;\">In den fraglichen Gemeinden in der Gegend um Lodi (Lombardei) und in der Provinz Padua, wo sich derzeit bekannte F\u00e4llen befinden, sind die st\u00e4rksten Massnahmen ergriffen worden. Die Regionen Venetien und Lombardei haben daraufhin Dringlichkeitsverordnungen erlassen, f\u00fcr Venetien speziell.\u00a0Die Dringlichkeitsverordnung f\u00fcr Venetien und Lombardei sieht u.a. folgendes Ma\u00dfnahmen bis zum 1. M\u00e4rz 2020 vor:<br \/>\n&#8211; Einstellung aller Veranstaltungen oder Initiativen an \u00f6ffentlichen oder privaten Orten, sowohl im Freien als auch in geschlossenen R\u00e4umen, sowohl kultureller, sportlicher oder religi\u00f6ser Art; Diskotheken, Nachtlokale<br \/>\n&#8211; Schlie\u00dfung der Schulen, Kinderg\u00e2rten<br \/>\n&#8211; Schlie\u00dfung der Museen<br \/>\n&#8211; Einstellung von Bildungsreisen<br \/>\n&#8211; Pflicht der Meldung bei den zust\u00e4ndigen Stellen im Falle der Einreise aus vom Weltgesundheitsamt identifizierten Epidemie-Risikogebieten<\/p>\n<p>Die mangelnde Einhaltung der Massnahmen wird strafrechtlich geahndet.\u00a0Als Hygienmassnahmen wird in der Verordnung folgendes empfohlen:<\/p>\n<p>a) sich oft die H\u00e4nde zu waschen<br \/>\nb) den Kontakt zu Personen mit akuten Atemwegsinfektionen zu meiden<br \/>\nc) Augen, Nase und Mund nicht mit der Hand zu ber\u00fchren<br \/>\nd) ohne \u00e4rztliche Verordnung keine Antibiotika oder Antivursmedikamente nehmen<br \/>\ne) Oberfl\u00e4che mit Reinigungsmittel auf der Basis von Chor oder Alkohol zu reinigen<br \/>\nf) eine Schutzmaske zu tragen, nur wenn man krank ist oder kranke Personen betreut<br \/>\ng) Produkte Made in China sind ungef\u00e4hrlich<br \/>\ne) mit der Nummer 800 462340 (f\u00fcr Venetien) Kontakt aufnehmen, wenn man Fieber und Husten hat und vor weniger als 14 Tagen aus China zur\u00fcckgekommen ist.<br \/>\nf) Haustiere verbreiten den neuen Coronavirus nicht<\/p>\n<p>F\u00fcr Informationen wurden folgende Hotline-Nummern eingerichtet:<br \/>\nT. 1500 italienisches Gesundheitsministerium<br \/>\nT. 800 894545 Lombardei<br \/>\nT. 800 462340. Venetien<br \/>\nT. 112 allgemeine Notfallnummer &#8211; nur im Krankheitsfall<\/p>\n","protected":false},"excerpt":{"rendered":"<p>Liebe Leserinnen und Leser der Gardasee Zeitung, wie Sie sicherlich bereits aus der Presse erfahren haben, ist in Italien ein Gesetzesdekret zur Eind&auml;mmung der Ausbreitung des CoronaVirus nach dem Auftreten von einigen F&auml;llen in Gemeinden der Regionen Venetien und in der Lombardei erlassen worden.<\/p>\n","protected":false},"author":1,"featured_media":3927,"comment_status":"open","ping_status":"open","sticky":false,"template":"","format":"standard","meta":[],"categories":[2],"tags":[],"news-destination":[],"news-source":[11],"is_homepage":[],"ta_other":[],"featured_media_details":{"width":960,"height":324,"file":"2020\/02\/1b83be8d35eedb04791e714f2b95c274.jpg","sizes":{"thumbnail":{"file":"1b83be8d35eedb04791e714f2b95c274-150x150.jpg","width":150,"height":150,"mime-type":"image\/jpeg","source_url":"https:\/\/www.gardaseezeitung.it\/gardaseezeitung_new\/de\/wp-content\/uploads\/sites\/2\/2020\/02\/1b83be8d35eedb04791e714f2b95c274-150x150.jpg"},"medium":{"file":"1b83be8d35eedb04791e714f2b95c274-300x101.jpg","width":300,"height":101,"mime-type":"image\/jpeg","source_url":"https:\/\/www.gardaseezeitung.it\/gardaseezeitung_new\/de\/wp-content\/uploads\/sites\/2\/2020\/02\/1b83be8d35eedb04791e714f2b95c274-300x101.jpg"},"medium_large":{"file":"1b83be8d35eedb04791e714f2b95c274-768x259.jpg","width":768,"height":259,"mime-type":"image\/jpeg","source_url":"https:\/\/www.gardaseezeitung.it\/gardaseezeitung_new\/de\/wp-content\/uploads\/sites\/2\/2020\/02\/1b83be8d35eedb04791e714f2b95c274-768x259.jpg"},"big_image":{"file":"1b83be8d35eedb04791e714f2b95c274-750x253.jpg","width":750,"height":253,"mime-type":"image\/jpeg","source_url":"https:\/\/www.gardaseezeitung.it\/gardaseezeitung_new\/de\/wp-content\/uploads\/sites\/2\/2020\/02\/1b83be8d35eedb04791e714f2b95c274-750x253.jpg"},"guest-author-32":{"file":"1b83be8d35eedb04791e714f2b95c274-32x32.jpg","width":32,"height":32,"mime-type":"image\/jpeg","source_url":"https:\/\/www.gardaseezeitung.it\/gardaseezeitung_new\/de\/wp-content\/uploads\/sites\/2\/2020\/02\/1b83be8d35eedb04791e714f2b95c274-32x32.jpg"},"guest-author-50":{"file":"1b83be8d35eedb04791e714f2b95c274-50x50.jpg","width":50,"height":50,"mime-type":"image\/jpeg","source_url":"https:\/\/www.gardaseezeitung.it\/gardaseezeitung_new\/de\/wp-content\/uploads\/sites\/2\/2020\/02\/1b83be8d35eedb04791e714f2b95c274-50x50.jpg"},"guest-author-64":{"file":"1b83be8d35eedb04791e714f2b95c274-64x64.jpg","width":64,"height":64,"mime-type":"image\/jpeg","source_url":"https:\/\/www.gardaseezeitung.it\/gardaseezeitung_new\/de\/wp-content\/uploads\/sites\/2\/2020\/02\/1b83be8d35eedb04791e714f2b95c274-64x64.jpg"},"guest-author-96":{"file":"1b83be8d35eedb04791e714f2b95c274-96x96.jpg","width":96,"height":96,"mime-type":"image\/jpeg","source_url":"https:\/\/www.gardaseezeitung.it\/gardaseezeitung_new\/de\/wp-content\/uploads\/sites\/2\/2020\/02\/1b83be8d35eedb04791e714f2b95c274-96x96.jpg"},"guest-author-128":{"file":"1b83be8d35eedb04791e714f2b95c274-128x128.jpg","width":128,"height":128,"mime-type":"image\/jpeg","source_url":"https:\/\/www.gardaseezeitung.it\/gardaseezeitung_new\/de\/wp-content\/uploads\/sites\/2\/2020\/02\/1b83be8d35eedb04791e714f2b95c274-128x128.jpg"},"full":{"file":"1b83be8d35eedb04791e714f2b95c274.jpg","width":960,"height":324,"mime_type":"","source_url":"https:\/\/www.gardaseezeitung.it\/gardaseezeitung_new\/de\/wp-content\/uploads\/sites\/2\/2020\/02\/1b83be8d35eedb04791e714f2b95c274.jpg"}},"image_meta":{"aperture":"0","credit":"","camera":"","caption":"","created_timestamp":"0","copyright":"","focal_length":"0","iso":"0","shutter_speed":"0","title":"","orientation":"0","keywords":[]}},"_links":{"self":[{"href":"https:\/\/www.gardaseezeitung.it\/gardaseezeitung_new\/de\/wp-json\/wp\/v2\/posts\/3923"}],"collection":[{"href":"https:\/\/www.gardaseezeitung.it\/gardaseezeitung_new\/de\/wp-json\/wp\/v2\/posts"}],"about":[{"href":"https:\/\/www.gardaseezeitung.it\/gardaseezeitung_new\/de\/wp-json\/wp\/v2\/types\/post"}],"author":[{"embeddable":true,"href":"https:\/\/www.gardaseezeitung.it\/gardaseezeitung_new\/de\/wp-json\/wp\/v2\/users\/1"}],"replies":[{"embeddable":true,"href":"https:\/\/www.gardaseezeitung.it\/gardaseezeitung_new\/de\/wp-json\/wp\/v2\/comments?post=3923"}],"version-history":[{"count":2,"href":"https:\/\/www.gardaseezeitung.it\/gardaseezeitung_new\/de\/wp-json\/wp\/v2\/posts\/3923\/revisions"}],"predecessor-version":[{"id":3975,"href":"https:\/\/www.gardaseezeitung.it\/gardaseezeitung_new\/de\/wp-json\/wp\/v2\/posts\/3923\/revisions\/3975"}],"wp:featuredmedia":[{"embeddable":true,"href":"https:\/\/www.gardaseezeitung.it\/gardaseezeitung_new\/de\/wp-json\/wp\/v2\/media\/3927"}],"wp:attachment":[{"href":"https:\/\/www.gardaseezeitung.it\/gardaseezeitung_new\/de\/wp-json\/wp\/v2\/media?parent=3923"}],"wp:term":[{"taxonomy":"category","embeddable":true,"href":"https:\/\/www.gardaseezeitung.it\/gardaseezeitung_new\/de\/wp-json\/wp\/v2\/categories?post=3923"},{"taxonomy":"post_tag","embeddable":true,"href":"https:\/\/www.gardaseezeitung.it\/gardaseezeitung_new\/de\/wp-json\/wp\/v2\/tags?post=3923"},{"taxonomy":"news-destination","embeddable":true,"href":"https:\/\/www.gardaseezeitung.it\/gardaseezeitung_new\/de\/wp-json\/wp\/v2\/news-destination?post=3923"},{"taxonomy":"news-source","embeddable":true,"href":"https:\/\/www.gardaseezeitung.it\/gardaseezeitung_new\/de\/wp-json\/wp\/v2\/news-source?post=3923"},{"taxonomy":"is_homepage","embeddable":true,"href":"https:\/\/www.gardaseezeitung.it\/gardaseezeitung_new\/de\/wp-json\/wp\/v2\/is_homepage?post=3923"},{"taxonomy":"ta_other","embeddable":true,"href":"https:\/\/www.gardaseezeitung.it\/gardaseezeitung_new\/de\/wp-json\/wp\/v2\/ta_other?post=3923"}],"curies":[{"name":"wp","href":"https:\/\/api.w.org\/{rel}","templated":true}]}}