{"id":3963,"date":"2020-02-27T23:46:22","date_gmt":"2020-02-27T22:46:22","guid":{"rendered":"http:\/\/euwp08.newsmemory.com\/gardaseezeitung_new\/de\/2020\/02\/27\/fondazione-arena-sagt-theaterauffuehrungen-ab\/"},"modified":"2020-02-28T10:52:12","modified_gmt":"2019-10-01T10:52:12","slug":"fondazione-arena-sagt-theaterauffuehrungen-ab","status":"publish","type":"post","link":"https:\/\/www.gardaseezeitung.it\/2020\/02\/27\/fondazione-arena-sagt-theaterauffuehrungen-ab\/","title":{"rendered":"Fondazione Arena sagt Theaterauff\u00fchrungen ab"},"content":{"rendered":"<p>Die Fondazione Arena, die in Verona die Theaterauff\u00fchrungen im Teatro Filarmonico und im Sommer in der Arena organisiert, hat bekannt gegeben, dass in Folge der Verordnung des Gesundheitsministeriums im Einvernehmen mit der Region Venetien zur Eind\u00e4mmung des COVID-19 alle Auff\u00fchrungen der Fondazione Arena im Teatro Filarmonico bis zum 1. M\u00e4rz abgesagt werden.Es handelt sich um drei Auff\u00fchrungen der \u201eL\u2019italiana in Algeri\u201d am 25. und 27. Februar sowie am 1. M\u00e4rz und um das dritte Konzert am 28. und 29. Februar.Die R\u00fcckerstattung der Tickets und der Abo-Quoten erfolgt an der Theaterkasse in der Via die Mutilati 4\/K, und dies zu den folgenden Uhrzeiten:<\/p>\n<p>25. Februar 15.30-19 Uhr<br \/>\n26. Februar 15.30-16.30 Uhr<br \/>\n27. Februar 15.30-20 Uhr<br \/>\n28. Februar 15.30-20 Uhr<br \/>\n29. Februar 15.30-17 Uhr<br \/>\n1. M\u00e4rz 13.30-155.30 Uhr<\/p>\n<p>Weitere Infos:\u00a0biglietteria@arenadiverona.it; Call Center 045 8005151; Theaterkasse 045 596517; www.arena.it.<\/p>\n","protected":false},"excerpt":{"rendered":"","protected":false},"author":2,"featured_media":3962,"comment_status":"open","ping_status":"open","sticky":false,"template":"","format":"standard","meta":[],"categories":[5],"tags":[],"news-destination":[],"news-source":[],"is_homepage":[],"ta_other":[],"featured_media_details":{"width":620,"height":413,"file":"2020\/08\/arena-di-verona.jpg","sizes":{"thumbnail":{"file":"arena-di-verona-150x150.jpg","width":150,"height":150,"mime-type":"image\/jpeg","source_url":"https:\/\/www.gardaseezeitung.it\/gardaseezeitung_new\/de\/wp-content\/uploads\/sites\/2\/2020\/02\/arena-di-verona-150x150.jpg"},"medium":{"file":"arena-di-verona-300x200.jpg","width":300,"height":200,"mime-type":"image\/jpeg","source_url":"https:\/\/www.gardaseezeitung.it\/gardaseezeitung_new\/de\/wp-content\/uploads\/sites\/2\/2020\/02\/arena-di-verona-300x200.jpg"},"guest-author-32":{"file":"arena-di-verona-32x32.jpg","width":32,"height":32,"mime-type":"image\/jpeg","source_url":"https:\/\/www.gardaseezeitung.it\/gardaseezeitung_new\/de\/wp-content\/uploads\/sites\/2\/2020\/02\/arena-di-verona-32x32.jpg"},"guest-author-50":{"file":"arena-di-verona-50x50.jpg","width":50,"height":50,"mime-type":"image\/jpeg","source_url":"https:\/\/www.gardaseezeitung.it\/gardaseezeitung_new\/de\/wp-content\/uploads\/sites\/2\/2020\/02\/arena-di-verona-50x50.jpg"},"guest-author-64":{"file":"arena-di-verona-64x64.jpg","width":64,"height":64,"mime-type":"image\/jpeg","source_url":"https:\/\/www.gardaseezeitung.it\/gardaseezeitung_new\/de\/wp-content\/uploads\/sites\/2\/2020\/02\/arena-di-verona-64x64.jpg"},"guest-author-96":{"file":"arena-di-verona-96x96.jpg","width":96,"height":96,"mime-type":"image\/jpeg","source_url":"https:\/\/www.gardaseezeitung.it\/gardaseezeitung_new\/de\/wp-content\/uploads\/sites\/2\/2020\/02\/arena-di-verona-96x96.jpg"},"guest-author-128":{"file":"arena-di-verona-128x128.jpg","width":128,"height":128,"mime-type":"image\/jpeg","source_url":"https:\/\/www.gardaseezeitung.it\/gardaseezeitung_new\/de\/wp-content\/uploads\/sites\/2\/2020\/02\/arena-di-verona-128x128.jpg"},"full":{"file":"arena-di-verona.jpg","width":620,"height":413,"mime_type":"","source_url":"https:\/\/www.gardaseezeitung.it\/gardaseezeitung_new\/de\/wp-content\/uploads\/sites\/2\/2020\/02\/arena-di-verona.jpg"}},"image_meta":{"aperture":"0","credit":"","camera":"","caption":"","created_timestamp":"0","copyright":"","focal_length":"0","iso":"0","shutter_speed":"0","title":"","orientation":"0","keywords":[]}},"_links":{"self":[{"href":"https:\/\/www.gardaseezeitung.it\/gardaseezeitung_new\/de\/wp-json\/wp\/v2\/posts\/3963"}],"collection":[{"href":"https:\/\/www.gardaseezeitung.it\/gardaseezeitung_new\/de\/wp-json\/wp\/v2\/posts"}],"about":[{"href":"https:\/\/www.gardaseezeitung.it\/gardaseezeitung_new\/de\/wp-json\/wp\/v2\/types\/post"}],"author":[{"embeddable":true,"href":"https:\/\/www.gardaseezeitung.it\/gardaseezeitung_new\/de\/wp-json\/wp\/v2\/users\/2"}],"replies":[{"embeddable":true,"href":"https:\/\/www.gardaseezeitung.it\/gardaseezeitung_new\/de\/wp-json\/wp\/v2\/comments?post=3963"}],"version-history":[{"count":2,"href":"https:\/\/www.gardaseezeitung.it\/gardaseezeitung_new\/de\/wp-json\/wp\/v2\/posts\/3963\/revisions"}],"predecessor-version":[{"id":3965,"href":"https:\/\/www.gardaseezeitung.it\/gardaseezeitung_new\/de\/wp-json\/wp\/v2\/posts\/3963\/revisions\/3965"}],"wp:featuredmedia":[{"embeddable":true,"href":"https:\/\/www.gardaseezeitung.it\/gardaseezeitung_new\/de\/wp-json\/wp\/v2\/media\/3962"}],"wp:attachment":[{"href":"https:\/\/www.gardaseezeitung.it\/gardaseezeitung_new\/de\/wp-json\/wp\/v2\/media?parent=3963"}],"wp:term":[{"taxonomy":"category","embeddable":true,"href":"https:\/\/www.gardaseezeitung.it\/gardaseezeitung_new\/de\/wp-json\/wp\/v2\/categories?post=3963"},{"taxonomy":"post_tag","embeddable":true,"href":"https:\/\/www.gardaseezeitung.it\/gardaseezeitung_new\/de\/wp-json\/wp\/v2\/tags?post=3963"},{"taxonomy":"news-destination","embeddable":true,"href":"https:\/\/www.gardaseezeitung.it\/gardaseezeitung_new\/de\/wp-json\/wp\/v2\/news-destination?post=3963"},{"taxonomy":"news-source","embeddable":true,"href":"https:\/\/www.gardaseezeitung.it\/gardaseezeitung_new\/de\/wp-json\/wp\/v2\/news-source?post=3963"},{"taxonomy":"is_homepage","embeddable":true,"href":"https:\/\/www.gardaseezeitung.it\/gardaseezeitung_new\/de\/wp-json\/wp\/v2\/is_homepage?post=3963"},{"taxonomy":"ta_other","embeddable":true,"href":"https:\/\/www.gardaseezeitung.it\/gardaseezeitung_new\/de\/wp-json\/wp\/v2\/ta_other?post=3963"}],"curies":[{"name":"wp","href":"https:\/\/api.w.org\/{rel}","templated":true}]}}