{"id":4064,"date":"2020-05-15T14:56:15","date_gmt":"2020-05-15T12:56:15","guid":{"rendered":"http:\/\/euwp08.newsmemory.com\/gardaseezeitung_new\/de\/2020\/05\/15\/die-arena-von-verona-trauert-um-den-tod-von-maestro-ezio-bosso\/"},"modified":"2020-05-15T15:07:04","modified_gmt":"2019-07-20T15:07:04","slug":"die-arena-von-verona-trauert-um-den-tod-von-maestro-ezio-bosso","status":"publish","type":"post","link":"https:\/\/www.gardaseezeitung.it\/2020\/05\/15\/die-arena-von-verona-trauert-um-den-tod-von-maestro-ezio-bosso\/","title":{"rendered":"Die Arena von Verona trauert um den Tod von Maestro Ezio Bosso"},"content":{"rendered":"<p style=\"text-align: justify\">Der tragische und vorzeitige Tod von Ezio Bosso hat die Welt schockiert, und die Fondazione Arena hat die Nachricht mit Best\u00fcrzung und unermesslichem Schmerz erfahren. Die ganze Stadt trauert um den Tod des Maestros; Verona hat ihn in der Tat sehr geliebt und am 11. August vergangenen Jahres sein Deb\u00fct in der Arena mit einem denkw\u00fcrdigen Abend gefeiert, der der <em>Carmina Burana<\/em> gewidmet war. Maestro Bosso hatte der Gardasee Zeitung k\u00fcrzlich in einem Interview seine Liebe und Dankbarkeit f\u00fcr Wien, wo er musikalisch ausgebildet wurde, sowie f\u00fcr die Wiener, \u00f6sterreichische und deutsche Kultur anvertraut. Bosso hatte auch seine R\u00fcckkehr in die Arena im Jahr 2020 angek\u00fcndigt, um Beethovens <em>9. Symphonie<\/em> zu dirigieren: einer der am sehnlichsten erwarteten Termine Termine f\u00fcr das diesj\u00e4hrige Festspiele\u00a0(offiziell auf 2021 verschoben, obwohl es im Sp\u00e4tsommer Musik geben wird). In all denen, die ihn gekannt haben, wird die unausl\u00f6schliche Erinnerung an Ezio Bosso bleiben: ein Dirigent von au\u00dferordentlicher Intelligenz, Kultur und Menschlichkeit.<\/p>\n","protected":false},"excerpt":{"rendered":"<p>Der vorzeitige Tod von Ezio Bosso hat die Welt schockiert, und die Fondazione Arena von Verona hat die Nachricht mit Best\u00fcrzung und unermesslichem Schmerz erfahren. Bosso hatte auch seine R\u00fcckkehr in die Arena im Jahr 2020 angek\u00fcndigt, um Beethovens 9. Symphonie zu dirigieren: einer der am sehnlichsten erwarteten Termine Termine f\u00fcr das diesj\u00e4hrige Festspiele.<\/p>\n","protected":false},"author":9,"featured_media":4063,"comment_status":"open","ping_status":"open","sticky":false,"template":"","format":"standard","meta":[],"categories":[6],"tags":[36,25,37,23,26,38],"news-destination":[],"news-source":[],"is_homepage":[],"ta_other":[],"featured_media_details":{"width":858,"height":720,"file":"2020\/05\/bosso.jpg","sizes":{"thumbnail":{"file":"bosso-150x150.jpg","width":150,"height":150,"mime-type":"image\/jpeg","source_url":"https:\/\/www.gardaseezeitung.it\/gardaseezeitung_new\/de\/wp-content\/uploads\/sites\/2\/2020\/05\/bosso-150x150.jpg"},"medium":{"file":"bosso-300x252.jpg","width":300,"height":252,"mime-type":"image\/jpeg","source_url":"https:\/\/www.gardaseezeitung.it\/gardaseezeitung_new\/de\/wp-content\/uploads\/sites\/2\/2020\/05\/bosso-300x252.jpg"},"medium_large":{"file":"bosso-768x644.jpg","width":768,"height":644,"mime-type":"image\/jpeg","source_url":"https:\/\/www.gardaseezeitung.it\/gardaseezeitung_new\/de\/wp-content\/uploads\/sites\/2\/2020\/05\/bosso-768x644.jpg"},"big_image":{"file":"bosso-750x629.jpg","width":750,"height":629,"mime-type":"image\/jpeg","source_url":"https:\/\/www.gardaseezeitung.it\/gardaseezeitung_new\/de\/wp-content\/uploads\/sites\/2\/2020\/05\/bosso-750x629.jpg"},"guest-author-32":{"file":"bosso-32x32.jpg","width":32,"height":32,"mime-type":"image\/jpeg","source_url":"https:\/\/www.gardaseezeitung.it\/gardaseezeitung_new\/de\/wp-content\/uploads\/sites\/2\/2020\/05\/bosso-32x32.jpg"},"guest-author-50":{"file":"bosso-50x50.jpg","width":50,"height":50,"mime-type":"image\/jpeg","source_url":"https:\/\/www.gardaseezeitung.it\/gardaseezeitung_new\/de\/wp-content\/uploads\/sites\/2\/2020\/05\/bosso-50x50.jpg"},"guest-author-64":{"file":"bosso-64x64.jpg","width":64,"height":64,"mime-type":"image\/jpeg","source_url":"https:\/\/www.gardaseezeitung.it\/gardaseezeitung_new\/de\/wp-content\/uploads\/sites\/2\/2020\/05\/bosso-64x64.jpg"},"guest-author-96":{"file":"bosso-96x96.jpg","width":96,"height":96,"mime-type":"image\/jpeg","source_url":"https:\/\/www.gardaseezeitung.it\/gardaseezeitung_new\/de\/wp-content\/uploads\/sites\/2\/2020\/05\/bosso-96x96.jpg"},"guest-author-128":{"file":"bosso-128x128.jpg","width":128,"height":128,"mime-type":"image\/jpeg","source_url":"https:\/\/www.gardaseezeitung.it\/gardaseezeitung_new\/de\/wp-content\/uploads\/sites\/2\/2020\/05\/bosso-128x128.jpg"},"full":{"file":"bosso.jpg","width":858,"height":720,"mime_type":"","source_url":"https:\/\/www.gardaseezeitung.it\/gardaseezeitung_new\/de\/wp-content\/uploads\/sites\/2\/2020\/05\/bosso.jpg"}},"image_meta":{"aperture":"0","credit":"","camera":"","caption":"","created_timestamp":"0","copyright":"","focal_length":"0","iso":"0","shutter_speed":"0","title":"","orientation":"1","keywords":[]}},"_links":{"self":[{"href":"https:\/\/www.gardaseezeitung.it\/gardaseezeitung_new\/de\/wp-json\/wp\/v2\/posts\/4064"}],"collection":[{"href":"https:\/\/www.gardaseezeitung.it\/gardaseezeitung_new\/de\/wp-json\/wp\/v2\/posts"}],"about":[{"href":"https:\/\/www.gardaseezeitung.it\/gardaseezeitung_new\/de\/wp-json\/wp\/v2\/types\/post"}],"author":[{"embeddable":true,"href":"https:\/\/www.gardaseezeitung.it\/gardaseezeitung_new\/de\/wp-json\/wp\/v2\/users\/9"}],"replies":[{"embeddable":true,"href":"https:\/\/www.gardaseezeitung.it\/gardaseezeitung_new\/de\/wp-json\/wp\/v2\/comments?post=4064"}],"version-history":[{"count":1,"href":"https:\/\/www.gardaseezeitung.it\/gardaseezeitung_new\/de\/wp-json\/wp\/v2\/posts\/4064\/revisions"}],"predecessor-version":[{"id":4065,"href":"https:\/\/www.gardaseezeitung.it\/gardaseezeitung_new\/de\/wp-json\/wp\/v2\/posts\/4064\/revisions\/4065"}],"wp:featuredmedia":[{"embeddable":true,"href":"https:\/\/www.gardaseezeitung.it\/gardaseezeitung_new\/de\/wp-json\/wp\/v2\/media\/4063"}],"wp:attachment":[{"href":"https:\/\/www.gardaseezeitung.it\/gardaseezeitung_new\/de\/wp-json\/wp\/v2\/media?parent=4064"}],"wp:term":[{"taxonomy":"category","embeddable":true,"href":"https:\/\/www.gardaseezeitung.it\/gardaseezeitung_new\/de\/wp-json\/wp\/v2\/categories?post=4064"},{"taxonomy":"post_tag","embeddable":true,"href":"https:\/\/www.gardaseezeitung.it\/gardaseezeitung_new\/de\/wp-json\/wp\/v2\/tags?post=4064"},{"taxonomy":"news-destination","embeddable":true,"href":"https:\/\/www.gardaseezeitung.it\/gardaseezeitung_new\/de\/wp-json\/wp\/v2\/news-destination?post=4064"},{"taxonomy":"news-source","embeddable":true,"href":"https:\/\/www.gardaseezeitung.it\/gardaseezeitung_new\/de\/wp-json\/wp\/v2\/news-source?post=4064"},{"taxonomy":"is_homepage","embeddable":true,"href":"https:\/\/www.gardaseezeitung.it\/gardaseezeitung_new\/de\/wp-json\/wp\/v2\/is_homepage?post=4064"},{"taxonomy":"ta_other","embeddable":true,"href":"https:\/\/www.gardaseezeitung.it\/gardaseezeitung_new\/de\/wp-json\/wp\/v2\/ta_other?post=4064"}],"curies":[{"name":"wp","href":"https:\/\/api.w.org\/{rel}","templated":true}]}}