{"id":4078,"date":"2020-05-18T00:38:22","date_gmt":"2020-05-17T22:38:22","guid":{"rendered":"http:\/\/euwp08.newsmemory.com\/gardaseezeitung_new\/de\/2020\/05\/18\/der-sirmione-award-photography-ist-zurueck\/"},"modified":"2020-05-18T00:38:24","modified_gmt":"2019-07-23T00:38:24","slug":"der-sirmione-award-photography-ist-zurueck","status":"publish","type":"post","link":"https:\/\/www.gardaseezeitung.it\/2020\/05\/18\/der-sirmione-award-photography-ist-zurueck\/","title":{"rendered":"Der Sirmione Award for Photography ist zur\u00fcck"},"content":{"rendered":"<p style=\"text-align: justify\">Der Sirmione Award for Photography ist zur\u00fcck; die 11. Ausgabe wird mit einer Neuheit er\u00f6ffnet. Nach Monaten der Abriegelung ist Sirmione wieder auf dem richtigen Weg. Der <em>Sirmione Per La Fotografia Award<\/em> ist zur\u00fcck, der ber\u00fchmte Fotowettbewerb, der dieses Jahr seine 11. Ausgabe erreicht. In 10 Editionen gab es bisher 500 Fotografen, 1.500 Aufnahmen allein im Jahr 2019, 4.000 Fotografen und 12.500 Aufnahmen, wenn man alle zehn Editionen zusammenz\u00e4hlt: ein zeitloser Erfolg, der in diesem Jahr mit einer Neuheit zur\u00fcckkehrt. Der Preis 2020 beginnt in der Tat mit einem neuen Format, dem Fotowettbewerb <em>Block Notizen<\/em>, der vom Stadtrat mit Unterst\u00fctzung der regionalen Museumsdirektion der Lombardei organisiert wird. Der Wettbewerb, der allen offen steht und bei dem man sich kostenlos anmelden kann, zielt darauf ab, die besondere Atmosph\u00e4re einzufangen, die Sirmione und den Gardasee, seine Bewohner und die Natur in der Zeit zwischen M\u00e4rz und Juni dieses Jahres umgibt. Jeder Autor kann (unter Einhaltung der geltenden Bestimmungen) teilnehmen, indem er nur eine Aufnahme pro Woche schickt. Die Er\u00f6ffnung des Wettbewerbs ist f\u00fcr Montag, den 18. Mai, vorgesehen; er wird bis zum 14. Juni dauern. Vier Wochen, um ebenso viele Gewinner zu w\u00e4hlen. Wichtige Einschr\u00e4nkung: Das eingesandte Foto muss nach dem 9. M\u00e4rz 2020 aufgenommen worden sein.Jeder Wochengewinner erh\u00e4lt eine exklusive F\u00fchrung f\u00fcr zwei Personen <em>zur Entdeckung der Geheimnisse der Catullus-H\u00f6hlen<\/em>\u00a0sowie die Chance, sein Foto auf den Online-Kommunikationskan\u00e4len der Gemeinde Sirmione ver\u00f6ffentlicht zu sehen. Der Fotowettbewerb am Gardasee ist nur eine Vorschau auf die elfte Ausgabe des <em>Sirmione Photography Award<\/em>, der wie \u00fcblich mit seinen drei konsolidierten Formaten zur\u00fcckkehrt: <em>10. Fotomarathon, Lake Garda Photo Challenge<\/em> und <em>Lake Garda Photo Marathon<\/em>. Um den <em>Block Notes Photo Contest<\/em> zu abonnieren &gt; www.sirmionefotografia.it<\/p>\n","protected":false},"excerpt":{"rendered":"<p>Der ber\u00fchmte Fotowettbewerb, der dieses Jahr seine 11. Ausgabe erreicht, ist zur\u00fcck. Der Preis 2020 beginnt in der Tat mit einem neuen Format, dem Fotowettbewerb &#8222;Block Notizen&#8220;, der vom Stadtrat mit Unterst\u00fctzung der regionalen Museumsdirektion der Lombardei organisiert wird. <\/p>\n","protected":false},"author":9,"featured_media":4077,"comment_status":"open","ping_status":"open","sticky":false,"template":"","format":"standard","meta":[],"categories":[2],"tags":[45,46,47,48,31],"news-destination":[],"news-source":[],"is_homepage":[],"ta_other":[],"featured_media_details":{"width":3417,"height":1500,"file":"2020\/05\/cover-FB-02.jpg","sizes":{"thumbnail":{"file":"cover-FB-02-150x150.jpg","width":150,"height":150,"mime-type":"image\/jpeg","source_url":"https:\/\/www.gardaseezeitung.it\/gardaseezeitung_new\/de\/wp-content\/uploads\/sites\/2\/2020\/05\/cover-FB-02-150x150.jpg"},"medium":{"file":"cover-FB-02-300x132.jpg","width":300,"height":132,"mime-type":"image\/jpeg","source_url":"https:\/\/www.gardaseezeitung.it\/gardaseezeitung_new\/de\/wp-content\/uploads\/sites\/2\/2020\/05\/cover-FB-02-300x132.jpg"},"medium_large":{"file":"cover-FB-02-768x337.jpg","width":768,"height":337,"mime-type":"image\/jpeg","source_url":"https:\/\/www.gardaseezeitung.it\/gardaseezeitung_new\/de\/wp-content\/uploads\/sites\/2\/2020\/05\/cover-FB-02-768x337.jpg"},"large":{"file":"cover-FB-02-1024x450.jpg","width":1024,"height":450,"mime-type":"image\/jpeg","source_url":"https:\/\/www.gardaseezeitung.it\/gardaseezeitung_new\/de\/wp-content\/uploads\/sites\/2\/2020\/05\/cover-FB-02-1024x450.jpg"},"big_image":{"file":"cover-FB-02-750x329.jpg","width":750,"height":329,"mime-type":"image\/jpeg","source_url":"https:\/\/www.gardaseezeitung.it\/gardaseezeitung_new\/de\/wp-content\/uploads\/sites\/2\/2020\/05\/cover-FB-02-750x329.jpg"},"guest-author-32":{"file":"cover-FB-02-32x32.jpg","width":32,"height":32,"mime-type":"image\/jpeg","source_url":"https:\/\/www.gardaseezeitung.it\/gardaseezeitung_new\/de\/wp-content\/uploads\/sites\/2\/2020\/05\/cover-FB-02-32x32.jpg"},"guest-author-50":{"file":"cover-FB-02-50x50.jpg","width":50,"height":50,"mime-type":"image\/jpeg","source_url":"https:\/\/www.gardaseezeitung.it\/gardaseezeitung_new\/de\/wp-content\/uploads\/sites\/2\/2020\/05\/cover-FB-02-50x50.jpg"},"guest-author-64":{"file":"cover-FB-02-64x64.jpg","width":64,"height":64,"mime-type":"image\/jpeg","source_url":"https:\/\/www.gardaseezeitung.it\/gardaseezeitung_new\/de\/wp-content\/uploads\/sites\/2\/2020\/05\/cover-FB-02-64x64.jpg"},"guest-author-96":{"file":"cover-FB-02-96x96.jpg","width":96,"height":96,"mime-type":"image\/jpeg","source_url":"https:\/\/www.gardaseezeitung.it\/gardaseezeitung_new\/de\/wp-content\/uploads\/sites\/2\/2020\/05\/cover-FB-02-96x96.jpg"},"guest-author-128":{"file":"cover-FB-02-128x128.jpg","width":128,"height":128,"mime-type":"image\/jpeg","source_url":"https:\/\/www.gardaseezeitung.it\/gardaseezeitung_new\/de\/wp-content\/uploads\/sites\/2\/2020\/05\/cover-FB-02-128x128.jpg"},"full":{"file":"cover-FB-02.jpg","width":3417,"height":1500,"mime_type":"","source_url":"https:\/\/www.gardaseezeitung.it\/gardaseezeitung_new\/de\/wp-content\/uploads\/sites\/2\/2020\/05\/cover-FB-02.jpg"}},"image_meta":{"aperture":"0","credit":"","camera":"","caption":"","created_timestamp":"0","copyright":"","focal_length":"0","iso":"0","shutter_speed":"0","title":"","orientation":"0","keywords":[]}},"_links":{"self":[{"href":"https:\/\/www.gardaseezeitung.it\/gardaseezeitung_new\/de\/wp-json\/wp\/v2\/posts\/4078"}],"collection":[{"href":"https:\/\/www.gardaseezeitung.it\/gardaseezeitung_new\/de\/wp-json\/wp\/v2\/posts"}],"about":[{"href":"https:\/\/www.gardaseezeitung.it\/gardaseezeitung_new\/de\/wp-json\/wp\/v2\/types\/post"}],"author":[{"embeddable":true,"href":"https:\/\/www.gardaseezeitung.it\/gardaseezeitung_new\/de\/wp-json\/wp\/v2\/users\/9"}],"replies":[{"embeddable":true,"href":"https:\/\/www.gardaseezeitung.it\/gardaseezeitung_new\/de\/wp-json\/wp\/v2\/comments?post=4078"}],"version-history":[{"count":1,"href":"https:\/\/www.gardaseezeitung.it\/gardaseezeitung_new\/de\/wp-json\/wp\/v2\/posts\/4078\/revisions"}],"predecessor-version":[{"id":4079,"href":"https:\/\/www.gardaseezeitung.it\/gardaseezeitung_new\/de\/wp-json\/wp\/v2\/posts\/4078\/revisions\/4079"}],"wp:featuredmedia":[{"embeddable":true,"href":"https:\/\/www.gardaseezeitung.it\/gardaseezeitung_new\/de\/wp-json\/wp\/v2\/media\/4077"}],"wp:attachment":[{"href":"https:\/\/www.gardaseezeitung.it\/gardaseezeitung_new\/de\/wp-json\/wp\/v2\/media?parent=4078"}],"wp:term":[{"taxonomy":"category","embeddable":true,"href":"https:\/\/www.gardaseezeitung.it\/gardaseezeitung_new\/de\/wp-json\/wp\/v2\/categories?post=4078"},{"taxonomy":"post_tag","embeddable":true,"href":"https:\/\/www.gardaseezeitung.it\/gardaseezeitung_new\/de\/wp-json\/wp\/v2\/tags?post=4078"},{"taxonomy":"news-destination","embeddable":true,"href":"https:\/\/www.gardaseezeitung.it\/gardaseezeitung_new\/de\/wp-json\/wp\/v2\/news-destination?post=4078"},{"taxonomy":"news-source","embeddable":true,"href":"https:\/\/www.gardaseezeitung.it\/gardaseezeitung_new\/de\/wp-json\/wp\/v2\/news-source?post=4078"},{"taxonomy":"is_homepage","embeddable":true,"href":"https:\/\/www.gardaseezeitung.it\/gardaseezeitung_new\/de\/wp-json\/wp\/v2\/is_homepage?post=4078"},{"taxonomy":"ta_other","embeddable":true,"href":"https:\/\/www.gardaseezeitung.it\/gardaseezeitung_new\/de\/wp-json\/wp\/v2\/ta_other?post=4078"}],"curies":[{"name":"wp","href":"https:\/\/api.w.org\/{rel}","templated":true}]}}