{"id":4080,"date":"2020-05-18T01:04:10","date_gmt":"2020-05-17T23:04:10","guid":{"rendered":"http:\/\/euwp08.newsmemory.com\/gardaseezeitung_new\/de\/2020\/05\/18\/ab-juni-ist-es-moeglich-italien-zu-reisen-aber-mit-sehr-strengen-regeln\/"},"modified":"2020-05-18T01:05:04","modified_gmt":"2019-07-23T01:05:04","slug":"ab-juni-ist-es-moeglich-italien-zu-reisen-aber-mit-sehr-strengen-regeln","status":"publish","type":"post","link":"https:\/\/www.gardaseezeitung.it\/2020\/05\/18\/ab-juni-ist-es-moeglich-italien-zu-reisen-aber-mit-sehr-strengen-regeln\/","title":{"rendered":"Ab Juni ist es m\u00f6glich in Italien zu reisen, aber mit sehr strengen Regeln"},"content":{"rendered":"<p style=\"text-align: justify\">Ab 3. Juni die italienischen Grenzen ge\u00f6ffnet werden. Eine Ma\u00dfnahme, welche angesichts des bevorstehenden Sommers den Touristenstrom wieder anstossen soll. Im Moment gelten aber leider noch folgende strenge Vorschriften:<br \/>\n&#8211; die Einreise nach Italien ist im Moment nur aus nachweisbaren beruflichen Gr\u00fcnden, aus Notwendigkeit, oder aus gesundheitlichen Gr\u00fcnden genehmigt. Erlaubt ist in jedem Fall auch die Heimreise zu seinem Wohnsitz;<br \/>\n&#8211; Jeder, der nach Italien mit Flugzeug, per Schiff, Eisenbahn aus den oben geschriebenen Gr\u00fcnden einreist, muss dem Bef\u00f6rderungsunternehmen eine gesetzlich festgelegte Einreiseerkl\u00e4rung mit folgenden Angaben geben: Grund der Reise; Aufenthaltsadresse, wo die gesundheitliche \u00dcberwachung und Selbstisolation gem\u00e4\u00df Punkt 4 durchgef\u00fchrt wird und das private Transportmittel, mit dem dorthin gefahren wird; Telefonnummer, auch mobile f\u00fcr Mitteilungen w\u00e4hrend der Isolation;<br \/>\n&#8211; Die Bef\u00f6rderungsunternehmen pr\u00fcfen vor dem Einsteigen die Unterlagen, messen das Fieber und verhindern das Einsteigen im Falle von Fieber und nicht vollst\u00e4ndigen Unterlagen. Sie sind auch zur Anwendung von organisatorischen Ma\u00dfnahmen zur Verhinderung der Verbreitung des Virus verpflichtet, sichern die Einhaltung des Mindestabstandes von 1 m unter den Passagieren und Individualschutzmittel vonseiten der Passagiere und des Bordpersonals;<br \/>\n&#8211; Die Personen, die gem\u00e4\u00df der obengenannten Modalit\u00e4ten, nach Italien einreisen, auch wenn sie keine Symptome haben, m\u00fcssen sich sofort bei der zust\u00e4ndigen Gesundheitsstelle melden und m\u00fcssen eine 14-t\u00e4gige gesundheitliche \u00dcberwachung und freiwillige Selbstisolation\/Quarant\u00e4nen der genannten Aufenthaltsadresse durchf\u00fchren. Bei Auftauchen von Covid-Symptomen sind sie verpflichtet, dies der zust\u00e4ndigen Stelle zu melden;<br \/>\n&#8211; Falls Personen, die ab dem Ausstiegsort nicht mit privaten Transportmitteln weiterfahren k\u00f6nnen, wird die zust\u00e4ndige Gesundheitsstelle in Zusammenarbeit mit dem Zivilschutz die Modalit\u00e4t und den Ort f\u00fcr die Selbstisolation festlegen;<br \/>\n&#8211; die gleichen Vorschriften gelten auch f\u00fcr Personen, die mit privaten Transportmitteln einreisen, auch wenn keine Symptome vorliegen;<br \/>\n&#8211; Im Fall von Durchreise und Kurzaufenthalte, und ausschlie\u00dflich aus nachweislichen beruflichen Gr\u00fcnden und f\u00fcr einen Zeitraum von nicht \u00fcber 72 Stunden verl\u00e4ngerbar um weitere 48 Stundenaus spezifischen Gr\u00fcnden kann man analog zu Punkt 4 mit Flugzeug, Schiff, Eisenbahn (Vorlage der entsprechenden Unterlagen) oder mit privatem Transportmittel (sofortige Meldung bei der Gesundheitsstelle nach der Einreise und Abgabe einer Erkl\u00e4rung \u00fcber Motiv, Aufenthaltsort, Dauer) ohne Selbstisolation einreisen, wobei nach Ablauf der angegebenen Aufenthaltsdauer das Land sofort wieder verlassen werden muss.<br \/>\nEs gibt Unterschiede von Region zu Region: zu beachten ist, dass die Pr\u00e4sidenten der Regionen sowie B\u00fcrgermeister der Gemeinde per Erlass die M\u00f6glichkeit der Versch\u00e4rfung einiger Ma\u00dfnahmen haben. Informationen hierzu sind auf den offiziellen Internetseiten der Regionen und Gemeinden bzw. in der Lokalpresse zu finden.<\/p>\n<p>[In Zusammenarbeit mit Aiti Associazione Italiana Tedeschi in Italia]<\/p>\n","protected":false},"excerpt":{"rendered":"<p>Ab 3. Juni die Grenzen ge\u00f6ffnet werden. Eine Ma\u00dfnahme, welche angesichts des bevorstehenden Sommers den Touristenstrom wieder anstossen soll. <\/p>\n","protected":false},"author":9,"featured_media":4042,"comment_status":"open","ping_status":"open","sticky":false,"template":"","format":"standard","meta":[],"categories":[6],"tags":[25,23,26,49],"news-destination":[],"news-source":[],"is_homepage":[],"ta_other":[],"featured_media_details":{"width":1024,"height":583,"file":"2021\/03\/frontierabrennero_austria.jpg","sizes":{"thumbnail":{"file":"frontierabrennero_austria-150x150.jpg","width":150,"height":150,"mime-type":"image\/jpeg","source_url":"https:\/\/www.gardaseezeitung.it\/gardaseezeitung_new\/de\/wp-content\/uploads\/sites\/2\/2020\/05\/frontierabrennero_austria-150x150.jpg"},"medium":{"file":"frontierabrennero_austria-300x171.jpg","width":300,"height":171,"mime-type":"image\/jpeg","source_url":"https:\/\/www.gardaseezeitung.it\/gardaseezeitung_new\/de\/wp-content\/uploads\/sites\/2\/2020\/05\/frontierabrennero_austria-300x171.jpg"},"medium_large":{"file":"frontierabrennero_austria-768x437.jpg","width":768,"height":437,"mime-type":"image\/jpeg","source_url":"https:\/\/www.gardaseezeitung.it\/gardaseezeitung_new\/de\/wp-content\/uploads\/sites\/2\/2020\/05\/frontierabrennero_austria-768x437.jpg"},"large":{"file":"frontierabrennero_austria-1024x583.jpg","width":1024,"height":583,"mime-type":"image\/jpeg","source_url":"https:\/\/www.gardaseezeitung.it\/gardaseezeitung_new\/de\/wp-content\/uploads\/sites\/2\/2020\/05\/frontierabrennero_austria-1024x583.jpg"},"big_image":{"file":"frontierabrennero_austria-750x427.jpg","width":750,"height":427,"mime-type":"image\/jpeg","source_url":"https:\/\/www.gardaseezeitung.it\/gardaseezeitung_new\/de\/wp-content\/uploads\/sites\/2\/2020\/05\/frontierabrennero_austria-750x427.jpg"},"guest-author-32":{"file":"frontierabrennero_austria-32x32.jpg","width":32,"height":32,"mime-type":"image\/jpeg","source_url":"https:\/\/www.gardaseezeitung.it\/gardaseezeitung_new\/de\/wp-content\/uploads\/sites\/2\/2020\/05\/frontierabrennero_austria-32x32.jpg"},"guest-author-50":{"file":"frontierabrennero_austria-50x50.jpg","width":50,"height":50,"mime-type":"image\/jpeg","source_url":"https:\/\/www.gardaseezeitung.it\/gardaseezeitung_new\/de\/wp-content\/uploads\/sites\/2\/2020\/05\/frontierabrennero_austria-50x50.jpg"},"guest-author-64":{"file":"frontierabrennero_austria-64x64.jpg","width":64,"height":64,"mime-type":"image\/jpeg","source_url":"https:\/\/www.gardaseezeitung.it\/gardaseezeitung_new\/de\/wp-content\/uploads\/sites\/2\/2020\/05\/frontierabrennero_austria-64x64.jpg"},"guest-author-96":{"file":"frontierabrennero_austria-96x96.jpg","width":96,"height":96,"mime-type":"image\/jpeg","source_url":"https:\/\/www.gardaseezeitung.it\/gardaseezeitung_new\/de\/wp-content\/uploads\/sites\/2\/2020\/05\/frontierabrennero_austria-96x96.jpg"},"guest-author-128":{"file":"frontierabrennero_austria-128x128.jpg","width":128,"height":128,"mime-type":"image\/jpeg","source_url":"https:\/\/www.gardaseezeitung.it\/gardaseezeitung_new\/de\/wp-content\/uploads\/sites\/2\/2020\/05\/frontierabrennero_austria-128x128.jpg"},"full":{"file":"frontierabrennero_austria.jpg","width":1024,"height":583,"mime_type":"","source_url":"https:\/\/www.gardaseezeitung.it\/gardaseezeitung_new\/de\/wp-content\/uploads\/sites\/2\/2020\/05\/frontierabrennero_austria.jpg"}},"image_meta":{"aperture":"0","credit":"","camera":"","caption":"","created_timestamp":"0","copyright":"","focal_length":"0","iso":"0","shutter_speed":"0","title":"","orientation":"1","keywords":[]}},"_links":{"self":[{"href":"https:\/\/www.gardaseezeitung.it\/gardaseezeitung_new\/de\/wp-json\/wp\/v2\/posts\/4080"}],"collection":[{"href":"https:\/\/www.gardaseezeitung.it\/gardaseezeitung_new\/de\/wp-json\/wp\/v2\/posts"}],"about":[{"href":"https:\/\/www.gardaseezeitung.it\/gardaseezeitung_new\/de\/wp-json\/wp\/v2\/types\/post"}],"author":[{"embeddable":true,"href":"https:\/\/www.gardaseezeitung.it\/gardaseezeitung_new\/de\/wp-json\/wp\/v2\/users\/9"}],"replies":[{"embeddable":true,"href":"https:\/\/www.gardaseezeitung.it\/gardaseezeitung_new\/de\/wp-json\/wp\/v2\/comments?post=4080"}],"version-history":[{"count":1,"href":"https:\/\/www.gardaseezeitung.it\/gardaseezeitung_new\/de\/wp-json\/wp\/v2\/posts\/4080\/revisions"}],"predecessor-version":[{"id":4081,"href":"https:\/\/www.gardaseezeitung.it\/gardaseezeitung_new\/de\/wp-json\/wp\/v2\/posts\/4080\/revisions\/4081"}],"wp:featuredmedia":[{"embeddable":true,"href":"https:\/\/www.gardaseezeitung.it\/gardaseezeitung_new\/de\/wp-json\/wp\/v2\/media\/4042"}],"wp:attachment":[{"href":"https:\/\/www.gardaseezeitung.it\/gardaseezeitung_new\/de\/wp-json\/wp\/v2\/media?parent=4080"}],"wp:term":[{"taxonomy":"category","embeddable":true,"href":"https:\/\/www.gardaseezeitung.it\/gardaseezeitung_new\/de\/wp-json\/wp\/v2\/categories?post=4080"},{"taxonomy":"post_tag","embeddable":true,"href":"https:\/\/www.gardaseezeitung.it\/gardaseezeitung_new\/de\/wp-json\/wp\/v2\/tags?post=4080"},{"taxonomy":"news-destination","embeddable":true,"href":"https:\/\/www.gardaseezeitung.it\/gardaseezeitung_new\/de\/wp-json\/wp\/v2\/news-destination?post=4080"},{"taxonomy":"news-source","embeddable":true,"href":"https:\/\/www.gardaseezeitung.it\/gardaseezeitung_new\/de\/wp-json\/wp\/v2\/news-source?post=4080"},{"taxonomy":"is_homepage","embeddable":true,"href":"https:\/\/www.gardaseezeitung.it\/gardaseezeitung_new\/de\/wp-json\/wp\/v2\/is_homepage?post=4080"},{"taxonomy":"ta_other","embeddable":true,"href":"https:\/\/www.gardaseezeitung.it\/gardaseezeitung_new\/de\/wp-json\/wp\/v2\/ta_other?post=4080"}],"curies":[{"name":"wp","href":"https:\/\/api.w.org\/{rel}","templated":true}]}}