{"id":4091,"date":"2020-05-21T14:42:50","date_gmt":"2020-05-21T12:42:50","guid":{"rendered":"http:\/\/euwp08.newsmemory.com\/gardaseezeitung_new\/de\/2020\/05\/21\/arena-2020-im-herzen-der-musik\/"},"modified":"2020-05-21T15:27:25","modified_gmt":"2019-07-26T15:27:25","slug":"arena-2020-im-herzen-der-musik","status":"publish","type":"post","link":"https:\/\/www.gardaseezeitung.it\/2020\/05\/21\/arena-2020-im-herzen-der-musik\/","title":{"rendered":"Arena 2020: Im Herzen der Musik"},"content":{"rendered":"<p style=\"text-align: justify\">Der Opernsommer 2020 in der Arena von Verona wird \u2013 wie bereits vor einigen Wochen angek\u00fcndigt \u2013 nicht wie gewohnt stattfinden. F\u00fcr die Sommermonate hat die k\u00fcnstlerische Leitung der Fondazione Arena (Stiftung Arena), die jedes Jahr die Festspiele organisiert, ein innovatives und v\u00f6llig neues Projekt unter dem Motto \u201eIm Herzen der Musik\u201c entwickelt. Die vielen Freunde der Arena von Verona, denen die Fondazione das Projekt vorstellte, haben begeistert ihre Unterst\u00fctzung zugesagt: Marcelo \u00c1lvarez, Marco Armiliato, Roberto Aronica, Daniela Barcellona, \u200b\u200bPl\u00e1cido Domingo, Yusif Eyvazov, Vittorio Grigolo, Francesco Meli, Anna Netrebko, Leo Nucci, Daniel Oren, Lisette Oropesa, Michele Pertusi, Saimir Pirgu, Anna Piroza, Marina Rebek, Fabio Sartori, Ekaterina Semenchuk, Maria Jos\u00e9 Siri und Sonya Yoncheva. Die Stiftung m\u00f6chte ein stilles Jahr vermeiden und hat daher f\u00fcr August eine Reihe von Event-Abende vorgeschlagen, die in einer ungew\u00f6hnlichen Arena-Kulisse stattfinden sollen, wobei die B\u00fchne im Zentrum der Arena zu finden sein wird und die Zuschauer gut verteilt auf den breiten Stufenpl\u00e4tzen, ganz nach dem bereits erw\u00e4hnten Motto \u201eIm Herzen der Musik&#8220;. Die Zuschauerzahl wird stark begrenzt sein. Es wird zurzeit ein Gesundheitsprotokoll erstellt, das die k\u00fcnstlerischen Bed\u00fcrfnisse mit den gesundheitlichen und sozialen Distanzierungsaspekten verbinden soll. Die Abende werden durch eine Reihe internationaler und italienischer Stars bereichert, die den Zuschauern dank des neuen Formats ein unvergessliches Erlebnis schenken werden. Die Event-Daten und das k\u00fcnstlerische Programm werden erst dann endg\u00fcltig bekannt gegeben, wenn die erforderlichen Genehmigungen vorliegen &#8211; auch in \u00dcbereinstimmung mit den Ministerialverordnungen.<\/p>\n","protected":false},"excerpt":{"rendered":"<p>F\u00fcr die Sommermonate hat die k\u00fcnstlerische Leitung der Fondazione Arena (Stiftung Arena) ein innovatives Projekt unter dem Motto \u201eIm Herzen der Musik\u201c entwickelt<\/p>\n","protected":false},"author":9,"featured_media":4090,"comment_status":"open","ping_status":"open","sticky":false,"template":"","format":"standard","meta":[],"categories":[2],"tags":[54,55,36,52,56,57,25,58,59,60,23,26,61,62,63,64,65,66,67,68,69,70,71,38,72,73],"news-destination":[],"news-source":[],"is_homepage":[],"ta_other":[],"featured_media_details":{"width":1024,"height":704,"file":"2021\/03\/ARENA_ESTBLUwww.png","sizes":{"thumbnail":{"file":"ARENA_ESTBLUwww-150x150.png","width":150,"height":150,"mime-type":"image\/png","source_url":"https:\/\/www.gardaseezeitung.it\/gardaseezeitung_new\/de\/wp-content\/uploads\/sites\/2\/2020\/05\/ARENA_ESTBLUwww-150x150.png"},"medium":{"file":"ARENA_ESTBLUwww-300x206.png","width":300,"height":206,"mime-type":"image\/png","source_url":"https:\/\/www.gardaseezeitung.it\/gardaseezeitung_new\/de\/wp-content\/uploads\/sites\/2\/2020\/05\/ARENA_ESTBLUwww-300x206.png"},"medium_large":{"file":"ARENA_ESTBLUwww-768x528.png","width":768,"height":528,"mime-type":"image\/png","source_url":"https:\/\/www.gardaseezeitung.it\/gardaseezeitung_new\/de\/wp-content\/uploads\/sites\/2\/2020\/05\/ARENA_ESTBLUwww-768x528.png"},"large":{"file":"ARENA_ESTBLUwww-1024x704.png","width":1024,"height":704,"mime-type":"image\/png","source_url":"https:\/\/www.gardaseezeitung.it\/gardaseezeitung_new\/de\/wp-content\/uploads\/sites\/2\/2020\/05\/ARENA_ESTBLUwww-1024x704.png"},"big_image":{"file":"ARENA_ESTBLUwww-750x516.png","width":750,"height":516,"mime-type":"image\/png","source_url":"https:\/\/www.gardaseezeitung.it\/gardaseezeitung_new\/de\/wp-content\/uploads\/sites\/2\/2020\/05\/ARENA_ESTBLUwww-750x516.png"},"guest-author-32":{"file":"ARENA_ESTBLUwww-32x32.png","width":32,"height":32,"mime-type":"image\/png","source_url":"https:\/\/www.gardaseezeitung.it\/gardaseezeitung_new\/de\/wp-content\/uploads\/sites\/2\/2020\/05\/ARENA_ESTBLUwww-32x32.png"},"guest-author-50":{"file":"ARENA_ESTBLUwww-50x50.png","width":50,"height":50,"mime-type":"image\/png","source_url":"https:\/\/www.gardaseezeitung.it\/gardaseezeitung_new\/de\/wp-content\/uploads\/sites\/2\/2020\/05\/ARENA_ESTBLUwww-50x50.png"},"guest-author-64":{"file":"ARENA_ESTBLUwww-64x64.png","width":64,"height":64,"mime-type":"image\/png","source_url":"https:\/\/www.gardaseezeitung.it\/gardaseezeitung_new\/de\/wp-content\/uploads\/sites\/2\/2020\/05\/ARENA_ESTBLUwww-64x64.png"},"guest-author-96":{"file":"ARENA_ESTBLUwww-96x96.png","width":96,"height":96,"mime-type":"image\/png","source_url":"https:\/\/www.gardaseezeitung.it\/gardaseezeitung_new\/de\/wp-content\/uploads\/sites\/2\/2020\/05\/ARENA_ESTBLUwww-96x96.png"},"guest-author-128":{"file":"ARENA_ESTBLUwww-128x128.png","width":128,"height":128,"mime-type":"image\/png","source_url":"https:\/\/www.gardaseezeitung.it\/gardaseezeitung_new\/de\/wp-content\/uploads\/sites\/2\/2020\/05\/ARENA_ESTBLUwww-128x128.png"},"full":{"file":"ARENA_ESTBLUwww.png","width":1024,"height":704,"mime_type":"","source_url":"https:\/\/www.gardaseezeitung.it\/gardaseezeitung_new\/de\/wp-content\/uploads\/sites\/2\/2020\/05\/ARENA_ESTBLUwww.png"}},"image_meta":{"aperture":"0","credit":"","camera":"","caption":"","created_timestamp":"0","copyright":"","focal_length":"0","iso":"0","shutter_speed":"0","title":"","orientation":"0","keywords":[]}},"_links":{"self":[{"href":"https:\/\/www.gardaseezeitung.it\/gardaseezeitung_new\/de\/wp-json\/wp\/v2\/posts\/4091"}],"collection":[{"href":"https:\/\/www.gardaseezeitung.it\/gardaseezeitung_new\/de\/wp-json\/wp\/v2\/posts"}],"about":[{"href":"https:\/\/www.gardaseezeitung.it\/gardaseezeitung_new\/de\/wp-json\/wp\/v2\/types\/post"}],"author":[{"embeddable":true,"href":"https:\/\/www.gardaseezeitung.it\/gardaseezeitung_new\/de\/wp-json\/wp\/v2\/users\/9"}],"replies":[{"embeddable":true,"href":"https:\/\/www.gardaseezeitung.it\/gardaseezeitung_new\/de\/wp-json\/wp\/v2\/comments?post=4091"}],"version-history":[{"count":1,"href":"https:\/\/www.gardaseezeitung.it\/gardaseezeitung_new\/de\/wp-json\/wp\/v2\/posts\/4091\/revisions"}],"predecessor-version":[{"id":4092,"href":"https:\/\/www.gardaseezeitung.it\/gardaseezeitung_new\/de\/wp-json\/wp\/v2\/posts\/4091\/revisions\/4092"}],"wp:featuredmedia":[{"embeddable":true,"href":"https:\/\/www.gardaseezeitung.it\/gardaseezeitung_new\/de\/wp-json\/wp\/v2\/media\/4090"}],"wp:attachment":[{"href":"https:\/\/www.gardaseezeitung.it\/gardaseezeitung_new\/de\/wp-json\/wp\/v2\/media?parent=4091"}],"wp:term":[{"taxonomy":"category","embeddable":true,"href":"https:\/\/www.gardaseezeitung.it\/gardaseezeitung_new\/de\/wp-json\/wp\/v2\/categories?post=4091"},{"taxonomy":"post_tag","embeddable":true,"href":"https:\/\/www.gardaseezeitung.it\/gardaseezeitung_new\/de\/wp-json\/wp\/v2\/tags?post=4091"},{"taxonomy":"news-destination","embeddable":true,"href":"https:\/\/www.gardaseezeitung.it\/gardaseezeitung_new\/de\/wp-json\/wp\/v2\/news-destination?post=4091"},{"taxonomy":"news-source","embeddable":true,"href":"https:\/\/www.gardaseezeitung.it\/gardaseezeitung_new\/de\/wp-json\/wp\/v2\/news-source?post=4091"},{"taxonomy":"is_homepage","embeddable":true,"href":"https:\/\/www.gardaseezeitung.it\/gardaseezeitung_new\/de\/wp-json\/wp\/v2\/is_homepage?post=4091"},{"taxonomy":"ta_other","embeddable":true,"href":"https:\/\/www.gardaseezeitung.it\/gardaseezeitung_new\/de\/wp-json\/wp\/v2\/ta_other?post=4091"}],"curies":[{"name":"wp","href":"https:\/\/api.w.org\/{rel}","templated":true}]}}