{"id":4155,"date":"2020-05-31T22:38:27","date_gmt":"2020-05-31T20:38:27","guid":{"rendered":"http:\/\/euwp08.newsmemory.com\/gardaseezeitung_new\/de\/2020\/05\/31\/der-kuenstler-christo-starb-autor-von-floating-piers-auf-dem-iseo-see-im-jahr-2016\/"},"modified":"2020-05-31T22:41:25","modified_gmt":"2019-08-05T22:41:25","slug":"der-kuenstler-christo-starb-autor-von-floating-piers-auf-dem-iseo-see-im-jahr-2016","status":"publish","type":"post","link":"https:\/\/www.gardaseezeitung.it\/2020\/05\/31\/der-kuenstler-christo-starb-autor-von-floating-piers-auf-dem-iseo-see-im-jahr-2016\/","title":{"rendered":"Der K\u00fcnstler Christo starb, Autor von The Floating Piers auf dem Iseo-See im Jahr 2016"},"content":{"rendered":"<p style=\"text-align: justify\">Trauer in der internationalen Kunstwelt: Im Alter von 84 Jahren starb Christo Vladimirov Javacheff, von allen nur Christo genannt: 2016 hatte er uns mit seinem Werk Die schwimmenden Piers im Wasser des Iseo-Sees zum Tr\u00e4umen gebracht. Der K\u00fcnstler starb in New York City eines nat\u00fcrlichen Todes, wie die Ank\u00fcndigung auf der Facebook-Seite Christo und Jeanne-Claude Official erkl\u00e4rt: &#8222;Er lebte ein erf\u00fclltes Leben, in dem er nicht nur von dem tr\u00e4umte, was unm\u00f6glich schien, sondern es auch wahr werden lie\u00df &#8211; die Ank\u00fcndigung lautet &#8211; Christo und Jeanne-Claudes Arbeit hat die Menschen vereint, indem sie Erfahrungen auf der ganzen Welt, ihr Arbeitsleben in unseren Herzen und Erinnerungen teilen.<\/p>\n","protected":false},"excerpt":{"rendered":"<p>Trauer in der internationalen Kunstwelt: Im Alter von 84 Jahren starb Christo Vladimirov Javacheff, von allen nur Christo genannt: 2016 hatte er uns mit seinem Werk Die schwimmenden Piers im Wasser des Iseo-Sees zum Tr\u00e4umen gebracht.<\/p>\n","protected":false},"author":9,"featured_media":4154,"comment_status":"open","ping_status":"open","sticky":false,"template":"","format":"standard","meta":[],"categories":[2],"tags":[119,25,23,26,122,121],"news-destination":[],"news-source":[],"is_homepage":[],"ta_other":[],"featured_media_details":{"width":980,"height":490,"file":"2020\/05\/landscape-1466169422-the-floating-piers-christo-lago-iseo-informazioni-pratiche.jpg","sizes":{"thumbnail":{"file":"landscape-1466169422-the-floating-piers-christo-lago-iseo-informazioni-pratiche-150x150.jpg","width":150,"height":150,"mime-type":"image\/jpeg","source_url":"https:\/\/www.gardaseezeitung.it\/gardaseezeitung_new\/de\/wp-content\/uploads\/sites\/2\/2020\/05\/landscape-1466169422-the-floating-piers-christo-lago-iseo-informazioni-pratiche-150x150.jpg"},"medium":{"file":"landscape-1466169422-the-floating-piers-christo-lago-iseo-informazioni-pratiche-300x150.jpg","width":300,"height":150,"mime-type":"image\/jpeg","source_url":"https:\/\/www.gardaseezeitung.it\/gardaseezeitung_new\/de\/wp-content\/uploads\/sites\/2\/2020\/05\/landscape-1466169422-the-floating-piers-christo-lago-iseo-informazioni-pratiche-300x150.jpg"},"medium_large":{"file":"landscape-1466169422-the-floating-piers-christo-lago-iseo-informazioni-pratiche-768x384.jpg","width":768,"height":384,"mime-type":"image\/jpeg","source_url":"https:\/\/www.gardaseezeitung.it\/gardaseezeitung_new\/de\/wp-content\/uploads\/sites\/2\/2020\/05\/landscape-1466169422-the-floating-piers-christo-lago-iseo-informazioni-pratiche-768x384.jpg"},"big_image":{"file":"landscape-1466169422-the-floating-piers-christo-lago-iseo-informazioni-pratiche-750x375.jpg","width":750,"height":375,"mime-type":"image\/jpeg","source_url":"https:\/\/www.gardaseezeitung.it\/gardaseezeitung_new\/de\/wp-content\/uploads\/sites\/2\/2020\/05\/landscape-1466169422-the-floating-piers-christo-lago-iseo-informazioni-pratiche-750x375.jpg"},"guest-author-32":{"file":"landscape-1466169422-the-floating-piers-christo-lago-iseo-informazioni-pratiche-32x32.jpg","width":32,"height":32,"mime-type":"image\/jpeg","source_url":"https:\/\/www.gardaseezeitung.it\/gardaseezeitung_new\/de\/wp-content\/uploads\/sites\/2\/2020\/05\/landscape-1466169422-the-floating-piers-christo-lago-iseo-informazioni-pratiche-32x32.jpg"},"guest-author-50":{"file":"landscape-1466169422-the-floating-piers-christo-lago-iseo-informazioni-pratiche-50x50.jpg","width":50,"height":50,"mime-type":"image\/jpeg","source_url":"https:\/\/www.gardaseezeitung.it\/gardaseezeitung_new\/de\/wp-content\/uploads\/sites\/2\/2020\/05\/landscape-1466169422-the-floating-piers-christo-lago-iseo-informazioni-pratiche-50x50.jpg"},"guest-author-64":{"file":"landscape-1466169422-the-floating-piers-christo-lago-iseo-informazioni-pratiche-64x64.jpg","width":64,"height":64,"mime-type":"image\/jpeg","source_url":"https:\/\/www.gardaseezeitung.it\/gardaseezeitung_new\/de\/wp-content\/uploads\/sites\/2\/2020\/05\/landscape-1466169422-the-floating-piers-christo-lago-iseo-informazioni-pratiche-64x64.jpg"},"guest-author-96":{"file":"landscape-1466169422-the-floating-piers-christo-lago-iseo-informazioni-pratiche-96x96.jpg","width":96,"height":96,"mime-type":"image\/jpeg","source_url":"https:\/\/www.gardaseezeitung.it\/gardaseezeitung_new\/de\/wp-content\/uploads\/sites\/2\/2020\/05\/landscape-1466169422-the-floating-piers-christo-lago-iseo-informazioni-pratiche-96x96.jpg"},"guest-author-128":{"file":"landscape-1466169422-the-floating-piers-christo-lago-iseo-informazioni-pratiche-128x128.jpg","width":128,"height":128,"mime-type":"image\/jpeg","source_url":"https:\/\/www.gardaseezeitung.it\/gardaseezeitung_new\/de\/wp-content\/uploads\/sites\/2\/2020\/05\/landscape-1466169422-the-floating-piers-christo-lago-iseo-informazioni-pratiche-128x128.jpg"},"full":{"file":"landscape-1466169422-the-floating-piers-christo-lago-iseo-informazioni-pratiche.jpg","width":980,"height":490,"mime_type":"","source_url":"https:\/\/www.gardaseezeitung.it\/gardaseezeitung_new\/de\/wp-content\/uploads\/sites\/2\/2020\/05\/landscape-1466169422-the-floating-piers-christo-lago-iseo-informazioni-pratiche.jpg"}},"image_meta":{"aperture":"0","credit":"","camera":"","caption":"","created_timestamp":"0","copyright":"","focal_length":"0","iso":"0","shutter_speed":"0","title":"","orientation":"0","keywords":[]}},"_links":{"self":[{"href":"https:\/\/www.gardaseezeitung.it\/gardaseezeitung_new\/de\/wp-json\/wp\/v2\/posts\/4155"}],"collection":[{"href":"https:\/\/www.gardaseezeitung.it\/gardaseezeitung_new\/de\/wp-json\/wp\/v2\/posts"}],"about":[{"href":"https:\/\/www.gardaseezeitung.it\/gardaseezeitung_new\/de\/wp-json\/wp\/v2\/types\/post"}],"author":[{"embeddable":true,"href":"https:\/\/www.gardaseezeitung.it\/gardaseezeitung_new\/de\/wp-json\/wp\/v2\/users\/9"}],"replies":[{"embeddable":true,"href":"https:\/\/www.gardaseezeitung.it\/gardaseezeitung_new\/de\/wp-json\/wp\/v2\/comments?post=4155"}],"version-history":[{"count":1,"href":"https:\/\/www.gardaseezeitung.it\/gardaseezeitung_new\/de\/wp-json\/wp\/v2\/posts\/4155\/revisions"}],"predecessor-version":[{"id":4156,"href":"https:\/\/www.gardaseezeitung.it\/gardaseezeitung_new\/de\/wp-json\/wp\/v2\/posts\/4155\/revisions\/4156"}],"wp:featuredmedia":[{"embeddable":true,"href":"https:\/\/www.gardaseezeitung.it\/gardaseezeitung_new\/de\/wp-json\/wp\/v2\/media\/4154"}],"wp:attachment":[{"href":"https:\/\/www.gardaseezeitung.it\/gardaseezeitung_new\/de\/wp-json\/wp\/v2\/media?parent=4155"}],"wp:term":[{"taxonomy":"category","embeddable":true,"href":"https:\/\/www.gardaseezeitung.it\/gardaseezeitung_new\/de\/wp-json\/wp\/v2\/categories?post=4155"},{"taxonomy":"post_tag","embeddable":true,"href":"https:\/\/www.gardaseezeitung.it\/gardaseezeitung_new\/de\/wp-json\/wp\/v2\/tags?post=4155"},{"taxonomy":"news-destination","embeddable":true,"href":"https:\/\/www.gardaseezeitung.it\/gardaseezeitung_new\/de\/wp-json\/wp\/v2\/news-destination?post=4155"},{"taxonomy":"news-source","embeddable":true,"href":"https:\/\/www.gardaseezeitung.it\/gardaseezeitung_new\/de\/wp-json\/wp\/v2\/news-source?post=4155"},{"taxonomy":"is_homepage","embeddable":true,"href":"https:\/\/www.gardaseezeitung.it\/gardaseezeitung_new\/de\/wp-json\/wp\/v2\/is_homepage?post=4155"},{"taxonomy":"ta_other","embeddable":true,"href":"https:\/\/www.gardaseezeitung.it\/gardaseezeitung_new\/de\/wp-json\/wp\/v2\/ta_other?post=4155"}],"curies":[{"name":"wp","href":"https:\/\/api.w.org\/{rel}","templated":true}]}}