{"id":4176,"date":"2020-06-08T21:36:07","date_gmt":"2020-06-08T19:36:07","guid":{"rendered":"http:\/\/euwp08.newsmemory.com\/gardaseezeitung_new\/de\/2020\/06\/08\/ab-9-juni-wird-die-museen-des-gardasees-wiedereroeffnet\/"},"modified":"2020-06-08T21:54:24","modified_gmt":"2019-08-13T21:54:24","slug":"ab-9-juni-wird-die-museen-des-gardasees-wiedereroeffnet","status":"publish","type":"post","link":"https:\/\/www.gardaseezeitung.it\/2020\/06\/08\/ab-9-juni-wird-die-museen-des-gardasees-wiedereroeffnet\/","title":{"rendered":"Ab 9. Juni wird die Museen des Gardasees wiederer\u00f6ffnet"},"content":{"rendered":"<p style=\"text-align: justify\">Ab morgen, dem 9. Juni, sind das Scaliger Burg und die Grotten des Catullo von Sirmione sowie die r\u00f6mische Villa von Desenzano del Garda wieder f\u00fcr die \u00d6ffentlichkeit zug\u00e4nglich.Die Besucher werden zur\u00fcckkehren k\u00f6nnen, um die kulturelle und landschaftliche Sch\u00f6nheit der St\u00e4tten zu bewundern, die sich in einer Umgebung &#8211; der des Gardasees &#8211; befinden, in der Natur und Kultur in einem unwiederholbaren Unikat zusammenkommen. Um allen einen sicheren Besuch zu garantieren, wurden \u00c4nderungen an den Zugangswegen und -methoden vorgenommen. Bevor Sie sich zu den St\u00e4tten begeben, lesen Sie die relevanten Informationen und Karten und Wegbeschreibungen sorgf\u00e4ltig durch und drucken Sie sie, wenn Sie k\u00f6nnen, aus und bringen Sie sie mit:<\/p>\n<p style=\"text-align: justify\"><a href=\"https:\/\/musei.lombardia.beniculturali.it\/wp-content\/uploads\/2020\/06\/INDICAZIONI_Castello-Scaligero.pdf\">Sirmione &#8211; Scaliger Burg: Infos<\/a><br \/>\n<a href=\"https:\/\/musei.lombardia.beniculturali.it\/wp-content\/uploads\/2020\/06\/MAPPA_Castello-Scaligero.pdf\">Sirmione &#8211; Scaliger Burg: Karte<\/a><br \/>\n<a href=\"https:\/\/musei.lombardia.beniculturali.it\/wp-content\/uploads\/2020\/06\/MAPPA-E-INDICAZIONI_Grotte-di-Catullo.pdf\">Sirmione &#8211; Grotten des Catullo<\/a><br \/>\n<a href=\"https:\/\/musei.lombardia.beniculturali.it\/wp-content\/uploads\/2020\/06\/MAPPA-E-INDICAZIONI_Villa-Romana.pdf\">Desenzano &#8211; R\u00f6mische Villa<\/a><\/p>\n","protected":false},"excerpt":{"rendered":"<p>Ab morgen, dem 9. Juni, sind das Scaliger Burg und die Grotten des Catullo von Sirmione sowie die r\u00f6mische Villa von Desenzano wieder f\u00fcr die \u00d6ffentlichkeit zug\u00e4nglich<\/p>\n","protected":false},"author":9,"featured_media":4179,"comment_status":"open","ping_status":"open","sticky":false,"template":"","format":"standard","meta":[],"categories":[2],"tags":[25,131,23,26,132,133,134,31],"news-destination":[],"news-source":[],"is_homepage":[],"ta_other":[],"featured_media_details":{"width":1171,"height":674,"file":"2020\/11\/sirmio12.jpg","sizes":{"thumbnail":{"file":"sirmio12-150x150.jpg","width":150,"height":150,"mime-type":"image\/jpeg","source_url":"https:\/\/www.gardaseezeitung.it\/gardaseezeitung_new\/de\/wp-content\/uploads\/sites\/2\/2020\/06\/sirmio12-150x150.jpg"},"medium":{"file":"sirmio12-300x173.jpg","width":300,"height":173,"mime-type":"image\/jpeg","source_url":"https:\/\/www.gardaseezeitung.it\/gardaseezeitung_new\/de\/wp-content\/uploads\/sites\/2\/2020\/06\/sirmio12-300x173.jpg"},"medium_large":{"file":"sirmio12-768x442.jpg","width":768,"height":442,"mime-type":"image\/jpeg","source_url":"https:\/\/www.gardaseezeitung.it\/gardaseezeitung_new\/de\/wp-content\/uploads\/sites\/2\/2020\/06\/sirmio12-768x442.jpg"},"large":{"file":"sirmio12-1024x589.jpg","width":1024,"height":589,"mime-type":"image\/jpeg","source_url":"https:\/\/www.gardaseezeitung.it\/gardaseezeitung_new\/de\/wp-content\/uploads\/sites\/2\/2020\/06\/sirmio12-1024x589.jpg"},"big_image":{"file":"sirmio12-750x432.jpg","width":750,"height":432,"mime-type":"image\/jpeg","source_url":"https:\/\/www.gardaseezeitung.it\/gardaseezeitung_new\/de\/wp-content\/uploads\/sites\/2\/2020\/06\/sirmio12-750x432.jpg"},"guest-author-32":{"file":"sirmio12-32x32.jpg","width":32,"height":32,"mime-type":"image\/jpeg","source_url":"https:\/\/www.gardaseezeitung.it\/gardaseezeitung_new\/de\/wp-content\/uploads\/sites\/2\/2020\/06\/sirmio12-32x32.jpg"},"guest-author-50":{"file":"sirmio12-50x50.jpg","width":50,"height":50,"mime-type":"image\/jpeg","source_url":"https:\/\/www.gardaseezeitung.it\/gardaseezeitung_new\/de\/wp-content\/uploads\/sites\/2\/2020\/06\/sirmio12-50x50.jpg"},"guest-author-64":{"file":"sirmio12-64x64.jpg","width":64,"height":64,"mime-type":"image\/jpeg","source_url":"https:\/\/www.gardaseezeitung.it\/gardaseezeitung_new\/de\/wp-content\/uploads\/sites\/2\/2020\/06\/sirmio12-64x64.jpg"},"guest-author-96":{"file":"sirmio12-96x96.jpg","width":96,"height":96,"mime-type":"image\/jpeg","source_url":"https:\/\/www.gardaseezeitung.it\/gardaseezeitung_new\/de\/wp-content\/uploads\/sites\/2\/2020\/06\/sirmio12-96x96.jpg"},"guest-author-128":{"file":"sirmio12-128x128.jpg","width":128,"height":128,"mime-type":"image\/jpeg","source_url":"https:\/\/www.gardaseezeitung.it\/gardaseezeitung_new\/de\/wp-content\/uploads\/sites\/2\/2020\/06\/sirmio12-128x128.jpg"},"full":{"file":"sirmio12.jpg","width":1171,"height":674,"mime_type":"","source_url":"https:\/\/www.gardaseezeitung.it\/gardaseezeitung_new\/de\/wp-content\/uploads\/sites\/2\/2020\/06\/sirmio12.jpg"}},"image_meta":{"aperture":"0","credit":"","camera":"","caption":"","created_timestamp":"0","copyright":"","focal_length":"0","iso":"0","shutter_speed":"0","title":"","orientation":"1","keywords":[]}},"_links":{"self":[{"href":"https:\/\/www.gardaseezeitung.it\/gardaseezeitung_new\/de\/wp-json\/wp\/v2\/posts\/4176"}],"collection":[{"href":"https:\/\/www.gardaseezeitung.it\/gardaseezeitung_new\/de\/wp-json\/wp\/v2\/posts"}],"about":[{"href":"https:\/\/www.gardaseezeitung.it\/gardaseezeitung_new\/de\/wp-json\/wp\/v2\/types\/post"}],"author":[{"embeddable":true,"href":"https:\/\/www.gardaseezeitung.it\/gardaseezeitung_new\/de\/wp-json\/wp\/v2\/users\/9"}],"replies":[{"embeddable":true,"href":"https:\/\/www.gardaseezeitung.it\/gardaseezeitung_new\/de\/wp-json\/wp\/v2\/comments?post=4176"}],"version-history":[{"count":1,"href":"https:\/\/www.gardaseezeitung.it\/gardaseezeitung_new\/de\/wp-json\/wp\/v2\/posts\/4176\/revisions"}],"predecessor-version":[{"id":4177,"href":"https:\/\/www.gardaseezeitung.it\/gardaseezeitung_new\/de\/wp-json\/wp\/v2\/posts\/4176\/revisions\/4177"}],"wp:featuredmedia":[{"embeddable":true,"href":"https:\/\/www.gardaseezeitung.it\/gardaseezeitung_new\/de\/wp-json\/wp\/v2\/media\/4179"}],"wp:attachment":[{"href":"https:\/\/www.gardaseezeitung.it\/gardaseezeitung_new\/de\/wp-json\/wp\/v2\/media?parent=4176"}],"wp:term":[{"taxonomy":"category","embeddable":true,"href":"https:\/\/www.gardaseezeitung.it\/gardaseezeitung_new\/de\/wp-json\/wp\/v2\/categories?post=4176"},{"taxonomy":"post_tag","embeddable":true,"href":"https:\/\/www.gardaseezeitung.it\/gardaseezeitung_new\/de\/wp-json\/wp\/v2\/tags?post=4176"},{"taxonomy":"news-destination","embeddable":true,"href":"https:\/\/www.gardaseezeitung.it\/gardaseezeitung_new\/de\/wp-json\/wp\/v2\/news-destination?post=4176"},{"taxonomy":"news-source","embeddable":true,"href":"https:\/\/www.gardaseezeitung.it\/gardaseezeitung_new\/de\/wp-json\/wp\/v2\/news-source?post=4176"},{"taxonomy":"is_homepage","embeddable":true,"href":"https:\/\/www.gardaseezeitung.it\/gardaseezeitung_new\/de\/wp-json\/wp\/v2\/is_homepage?post=4176"},{"taxonomy":"ta_other","embeddable":true,"href":"https:\/\/www.gardaseezeitung.it\/gardaseezeitung_new\/de\/wp-json\/wp\/v2\/ta_other?post=4176"}],"curies":[{"name":"wp","href":"https:\/\/api.w.org\/{rel}","templated":true}]}}