{"id":4187,"date":"2020-06-15T22:20:22","date_gmt":"2020-06-15T20:20:22","guid":{"rendered":"http:\/\/euwp08.newsmemory.com\/gardaseezeitung_new\/de\/2020\/06\/15\/arena-2020-im-herzen-der-musik-das-programm-steht\/"},"modified":"2020-06-15T22:23:23","modified_gmt":"2019-08-20T22:23:23","slug":"arena-2020-im-herzen-der-musik-das-programm-steht","status":"publish","type":"post","link":"https:\/\/www.gardaseezeitung.it\/2020\/06\/15\/arena-2020-im-herzen-der-musik-das-programm-steht\/","title":{"rendered":"Arena 2020: Im Herzen der Musik \u2013 das Programm steht"},"content":{"rendered":"<p style=\"text-align: justify\">\u201eIm Herzen der Musik&#8220; \u2013 dies der Name des Festivals, das in diesem Jahr die Festspiele in der Arena von Verona ersetzen wird. Los geht es am 25. Juli mit einer gro\u00dfen Hommage an die italienische Kunst und die italienischen K\u00fcnstler: Francesco Meli, Saimir Pirgu, Roberto Aronica, Fabio Armiliato, Barbara Frittoli, Eleonora Buratto und Luca Salsi , Leo Nucci, Daniela Barcellona, \u200b\u200bMichele Pertusi, Katia Ricciarelli sind nur einige der insgesamt 31 italienischen K\u00fcnstler, die an dem Abend auftreten werden. Der Er\u00f6ffnungsabend ist eine Hommage an das verwundete Italien und an die gro\u00dfe Belcanto-Tradition. Am 31. Juli folgt eine absolute Premiere mit Mozarts Requiem unter der Regie von Marco Armiliato. Mit dabei Vittoria Yeo, Sonia Ganassi, Saimir Pirgu und Alex Esposito. Der Abend ist als ideeller Gru\u00df an die vielen Opfer der Pandemie und ihre Familien gedacht. Am Samstag, den 1. August werden Anna Netrebko, Yusif Eyvazov, Daniela Barcellona und Ambrogio Maestri auf der riesigen zentralen B\u00fchne der Arena eine wahre Wiedergeburt im Namen der Kunst feiern und in der Arena wird man erneut den internationalen Charme versp\u00fcren, der sie schon immer ausgemacht und der sie zum Reiseziel f\u00fcr Opernfans aus aller Welt gemacht hat. Weiter geht es am Freitag, den 7. August. An dem Abend m\u00f6chte man einen Vorgeschmack auf die Festspiele 2021 bieten. Mit einer Wagner-Gala l\u00e4sst man bereits das Deb\u00fct von Jonas Kaufmann erahnen, der versprochen hat, den gro\u00dfen Leipziger Komponisten auf die Arena-B\u00fchne zur\u00fcckzubringen. Bei den Verdi und Puccini gewidmeten Galas am 8. und 22. August kehren Daniel Oren und Andrea Battistoni an das Dirigentenpult zur\u00fcck und als S\u00e4nger hat sich der gro\u00dfe argentinische Tenor Marcelo Alvarez angek\u00fcndigt. Erw\u00e4hnenswert ist aber auch die Rossini-Gala, die f\u00fcr den 14. August geplant ist. Auf der B\u00fchne werden die Sopranistin und Rossini-Interpretin Lisette Oropesa, der junge s\u00fcdafrikanische Tenor Levy Sekgapane, die Baritone Alessandro Corbelli und Marco Filippo Romano sowie der Bass Roberto Tagliavini zu sehen sein. Am Dirigentenpult nimmt Jader Bignamini Platz. Ein au\u00dfergew\u00f6hnlicher Abend ist auch f\u00fcr den 13. August vorgesehen: pr\u00e4sentiert werden die \u201eVier Jahreszeiten\u201c von Antonio Vivaldi, und dies mit dem jungen venezianischen Geiger Giovanni Andrea Zanon und den Streichern des Arena-Orchesters. Am 21. August wird \u201eGianni Schicchi\u201c von Puccini in halbszenischer Form pr\u00e4sentiert &#8211; ein Werk, das noch nie in der Arena aufgef\u00fchrt wurde. In der Hauptrolle: Leo Nucci. Und dann sind da noch zwei Termine mit dem weltber\u00fchmten Tenor und Dirigenten Pl\u00e1cido Domingo: zun\u00e4chst am 28. August gemeinsam mit Saioa Hern\u00e1ndez und Saimir Pirgu auf der B\u00fchne stehen und dann am letzten Abend (29. August) wird er stehen und die internationale Diva Sonya Yoncheva und den italienischen Tenor Vittorio Grigolo dirigieren.<\/p>\n","protected":false},"excerpt":{"rendered":"<p>\u201eIm Herzen der Musik&#8220; \u2013 dies der Name des Festivals, das in diesem Jahr (25. Juli &#8211; 29. August) die Festspiele in der Arena von Verona ersetzen wird. <\/p>\n","protected":false},"author":9,"featured_media":4090,"comment_status":"open","ping_status":"open","sticky":false,"template":"","format":"standard","meta":[],"categories":[2],"tags":[136,137,93,138,54,36,52,139,56,57,25,140,141,60,23,26,142,143,104,61,144,62,63,145,67,68,146,69,147,148,70,113,149,71,150,72,151,152,73],"news-destination":[],"news-source":[],"is_homepage":[],"ta_other":[],"featured_media_details":{"width":1024,"height":704,"file":"2021\/03\/ARENA_ESTBLUwww.png","sizes":{"thumbnail":{"file":"ARENA_ESTBLUwww-150x150.png","width":150,"height":150,"mime-type":"image\/png","source_url":"https:\/\/www.gardaseezeitung.it\/gardaseezeitung_new\/de\/wp-content\/uploads\/sites\/2\/2020\/05\/ARENA_ESTBLUwww-150x150.png"},"medium":{"file":"ARENA_ESTBLUwww-300x206.png","width":300,"height":206,"mime-type":"image\/png","source_url":"https:\/\/www.gardaseezeitung.it\/gardaseezeitung_new\/de\/wp-content\/uploads\/sites\/2\/2020\/05\/ARENA_ESTBLUwww-300x206.png"},"medium_large":{"file":"ARENA_ESTBLUwww-768x528.png","width":768,"height":528,"mime-type":"image\/png","source_url":"https:\/\/www.gardaseezeitung.it\/gardaseezeitung_new\/de\/wp-content\/uploads\/sites\/2\/2020\/05\/ARENA_ESTBLUwww-768x528.png"},"large":{"file":"ARENA_ESTBLUwww-1024x704.png","width":1024,"height":704,"mime-type":"image\/png","source_url":"https:\/\/www.gardaseezeitung.it\/gardaseezeitung_new\/de\/wp-content\/uploads\/sites\/2\/2020\/05\/ARENA_ESTBLUwww-1024x704.png"},"big_image":{"file":"ARENA_ESTBLUwww-750x516.png","width":750,"height":516,"mime-type":"image\/png","source_url":"https:\/\/www.gardaseezeitung.it\/gardaseezeitung_new\/de\/wp-content\/uploads\/sites\/2\/2020\/05\/ARENA_ESTBLUwww-750x516.png"},"guest-author-32":{"file":"ARENA_ESTBLUwww-32x32.png","width":32,"height":32,"mime-type":"image\/png","source_url":"https:\/\/www.gardaseezeitung.it\/gardaseezeitung_new\/de\/wp-content\/uploads\/sites\/2\/2020\/05\/ARENA_ESTBLUwww-32x32.png"},"guest-author-50":{"file":"ARENA_ESTBLUwww-50x50.png","width":50,"height":50,"mime-type":"image\/png","source_url":"https:\/\/www.gardaseezeitung.it\/gardaseezeitung_new\/de\/wp-content\/uploads\/sites\/2\/2020\/05\/ARENA_ESTBLUwww-50x50.png"},"guest-author-64":{"file":"ARENA_ESTBLUwww-64x64.png","width":64,"height":64,"mime-type":"image\/png","source_url":"https:\/\/www.gardaseezeitung.it\/gardaseezeitung_new\/de\/wp-content\/uploads\/sites\/2\/2020\/05\/ARENA_ESTBLUwww-64x64.png"},"guest-author-96":{"file":"ARENA_ESTBLUwww-96x96.png","width":96,"height":96,"mime-type":"image\/png","source_url":"https:\/\/www.gardaseezeitung.it\/gardaseezeitung_new\/de\/wp-content\/uploads\/sites\/2\/2020\/05\/ARENA_ESTBLUwww-96x96.png"},"guest-author-128":{"file":"ARENA_ESTBLUwww-128x128.png","width":128,"height":128,"mime-type":"image\/png","source_url":"https:\/\/www.gardaseezeitung.it\/gardaseezeitung_new\/de\/wp-content\/uploads\/sites\/2\/2020\/05\/ARENA_ESTBLUwww-128x128.png"},"full":{"file":"ARENA_ESTBLUwww.png","width":1024,"height":704,"mime_type":"","source_url":"https:\/\/www.gardaseezeitung.it\/gardaseezeitung_new\/de\/wp-content\/uploads\/sites\/2\/2020\/05\/ARENA_ESTBLUwww.png"}},"image_meta":{"aperture":"0","credit":"","camera":"","caption":"","created_timestamp":"0","copyright":"","focal_length":"0","iso":"0","shutter_speed":"0","title":"","orientation":"0","keywords":[]}},"_links":{"self":[{"href":"https:\/\/www.gardaseezeitung.it\/gardaseezeitung_new\/de\/wp-json\/wp\/v2\/posts\/4187"}],"collection":[{"href":"https:\/\/www.gardaseezeitung.it\/gardaseezeitung_new\/de\/wp-json\/wp\/v2\/posts"}],"about":[{"href":"https:\/\/www.gardaseezeitung.it\/gardaseezeitung_new\/de\/wp-json\/wp\/v2\/types\/post"}],"author":[{"embeddable":true,"href":"https:\/\/www.gardaseezeitung.it\/gardaseezeitung_new\/de\/wp-json\/wp\/v2\/users\/9"}],"replies":[{"embeddable":true,"href":"https:\/\/www.gardaseezeitung.it\/gardaseezeitung_new\/de\/wp-json\/wp\/v2\/comments?post=4187"}],"version-history":[{"count":1,"href":"https:\/\/www.gardaseezeitung.it\/gardaseezeitung_new\/de\/wp-json\/wp\/v2\/posts\/4187\/revisions"}],"predecessor-version":[{"id":4188,"href":"https:\/\/www.gardaseezeitung.it\/gardaseezeitung_new\/de\/wp-json\/wp\/v2\/posts\/4187\/revisions\/4188"}],"wp:featuredmedia":[{"embeddable":true,"href":"https:\/\/www.gardaseezeitung.it\/gardaseezeitung_new\/de\/wp-json\/wp\/v2\/media\/4090"}],"wp:attachment":[{"href":"https:\/\/www.gardaseezeitung.it\/gardaseezeitung_new\/de\/wp-json\/wp\/v2\/media?parent=4187"}],"wp:term":[{"taxonomy":"category","embeddable":true,"href":"https:\/\/www.gardaseezeitung.it\/gardaseezeitung_new\/de\/wp-json\/wp\/v2\/categories?post=4187"},{"taxonomy":"post_tag","embeddable":true,"href":"https:\/\/www.gardaseezeitung.it\/gardaseezeitung_new\/de\/wp-json\/wp\/v2\/tags?post=4187"},{"taxonomy":"news-destination","embeddable":true,"href":"https:\/\/www.gardaseezeitung.it\/gardaseezeitung_new\/de\/wp-json\/wp\/v2\/news-destination?post=4187"},{"taxonomy":"news-source","embeddable":true,"href":"https:\/\/www.gardaseezeitung.it\/gardaseezeitung_new\/de\/wp-json\/wp\/v2\/news-source?post=4187"},{"taxonomy":"is_homepage","embeddable":true,"href":"https:\/\/www.gardaseezeitung.it\/gardaseezeitung_new\/de\/wp-json\/wp\/v2\/is_homepage?post=4187"},{"taxonomy":"ta_other","embeddable":true,"href":"https:\/\/www.gardaseezeitung.it\/gardaseezeitung_new\/de\/wp-json\/wp\/v2\/ta_other?post=4187"}],"curies":[{"name":"wp","href":"https:\/\/api.w.org\/{rel}","templated":true}]}}