{"id":4210,"date":"2020-06-19T22:21:05","date_gmt":"2020-06-19T20:21:05","guid":{"rendered":"http:\/\/euwp08.newsmemory.com\/gardaseezeitung_new\/de\/2020\/06\/19\/das-museum-mu-sa-kann-mit-online-buchung-besichtigt-werden\/"},"modified":"2021-03-08T16:06:52","modified_gmt":"2020-10-09T16:06:52","slug":"das-museum-mu-sa-kann-mit-online-buchung-besichtigt-werden","status":"publish","type":"post","link":"https:\/\/www.gardaseezeitung.it\/2020\/06\/19\/das-museum-mu-sa-kann-mit-online-buchung-besichtigt-werden\/","title":{"rendered":"Das Museum MU.SA kann mit Online-Buchung besichtigt werden"},"content":{"rendered":"<p style=\"text-align: justify\">Das MU.SA in Sal\u00f2 \u00f6ffnet ab dem 27. Juni wieder seine Pforten. Das Museum in Sal\u00f2 kann bis zum 10. Januar 2021 freitags, samstags und sonntags nur mit Online-Buchung besichtigt werden. Weitere Infos und Reservierungen unter www.museodisalo.it.<\/p>\n<figure style=\"width: 640px\" class=\"wp-caption alignnone\"><img title=\"Das Museum MU.SA kann mit Online-Buchung besichtigt werden\" loading=\"lazy\" class=\"size-large \" src=\"https:\/\/euwp05.newsmemory.com\/gardaseezeitung_new\/de\/wp-content\/uploads\/sites\/2\/2020\/06\/MU.SA-27-giugno-2020-724x1024.jpg\" alt=\"MU.SA\" width=\"640\" height=\"905\" \/><figcaption class=\"wp-caption-text\">MU.SA<\/figcaption><\/figure>\n","protected":false},"excerpt":{"rendered":"<p>Das MU.SA in Sal\u00f2 \u00f6ffnet ab dem 27. Juni wieder seine Pforten. Das Museum kann bis zum 10. Januar 2021 freitags, samstags und sonntags nur mit Online-Buchung besichtigt werden.<\/p>\n","protected":false},"author":9,"featured_media":0,"comment_status":"open","ping_status":"open","sticky":false,"template":"","format":"standard","meta":[],"categories":[2],"tags":[25,23,26,166,167],"news-destination":[],"news-source":[],"is_homepage":[],"ta_other":[],"_links":{"self":[{"href":"https:\/\/www.gardaseezeitung.it\/gardaseezeitung_new\/de\/wp-json\/wp\/v2\/posts\/4210"}],"collection":[{"href":"https:\/\/www.gardaseezeitung.it\/gardaseezeitung_new\/de\/wp-json\/wp\/v2\/posts"}],"about":[{"href":"https:\/\/www.gardaseezeitung.it\/gardaseezeitung_new\/de\/wp-json\/wp\/v2\/types\/post"}],"author":[{"embeddable":true,"href":"https:\/\/www.gardaseezeitung.it\/gardaseezeitung_new\/de\/wp-json\/wp\/v2\/users\/9"}],"replies":[{"embeddable":true,"href":"https:\/\/www.gardaseezeitung.it\/gardaseezeitung_new\/de\/wp-json\/wp\/v2\/comments?post=4210"}],"version-history":[{"count":2,"href":"https:\/\/www.gardaseezeitung.it\/gardaseezeitung_new\/de\/wp-json\/wp\/v2\/posts\/4210\/revisions"}],"predecessor-version":[{"id":17091,"href":"https:\/\/www.gardaseezeitung.it\/gardaseezeitung_new\/de\/wp-json\/wp\/v2\/posts\/4210\/revisions\/17091"}],"wp:attachment":[{"href":"https:\/\/www.gardaseezeitung.it\/gardaseezeitung_new\/de\/wp-json\/wp\/v2\/media?parent=4210"}],"wp:term":[{"taxonomy":"category","embeddable":true,"href":"https:\/\/www.gardaseezeitung.it\/gardaseezeitung_new\/de\/wp-json\/wp\/v2\/categories?post=4210"},{"taxonomy":"post_tag","embeddable":true,"href":"https:\/\/www.gardaseezeitung.it\/gardaseezeitung_new\/de\/wp-json\/wp\/v2\/tags?post=4210"},{"taxonomy":"news-destination","embeddable":true,"href":"https:\/\/www.gardaseezeitung.it\/gardaseezeitung_new\/de\/wp-json\/wp\/v2\/news-destination?post=4210"},{"taxonomy":"news-source","embeddable":true,"href":"https:\/\/www.gardaseezeitung.it\/gardaseezeitung_new\/de\/wp-json\/wp\/v2\/news-source?post=4210"},{"taxonomy":"is_homepage","embeddable":true,"href":"https:\/\/www.gardaseezeitung.it\/gardaseezeitung_new\/de\/wp-json\/wp\/v2\/is_homepage?post=4210"},{"taxonomy":"ta_other","embeddable":true,"href":"https:\/\/www.gardaseezeitung.it\/gardaseezeitung_new\/de\/wp-json\/wp\/v2\/ta_other?post=4210"}],"curies":[{"name":"wp","href":"https:\/\/api.w.org\/{rel}","templated":true}]}}