{"id":4238,"date":"2020-07-15T15:53:25","date_gmt":"2020-07-15T13:53:25","guid":{"rendered":"http:\/\/euwp08.newsmemory.com\/gardaseezeitung_new\/de\/2020\/07\/15\/saisonstart-im-parco-san-vigilio-20200715090130\/"},"modified":"2020-07-15T15:54:03","modified_gmt":"2019-09-19T15:54:03","slug":"saisonstart-im-parco-san-vigilio-20200715090130","status":"publish","type":"post","link":"https:\/\/www.gardaseezeitung.it\/2020\/07\/15\/saisonstart-im-parco-san-vigilio-20200715090130\/","title":{"rendered":"Saisonstart im Parco San Vigilio"},"content":{"rendered":"<p style=\"text-align: justify\">Am Juli \u00f6ffnen sich im Parco San Vigilio die Pforten zur Sommersaison 2020. Die Besucher l\u00e4dt man dazu ein, zwischen dem Gr\u00fcn und dem See Stunden im Zeichen der Ruhe und Erholung zu verbringen. Der Park erstreckt sich \u00fcber 10.000 Quadratmeter direkt am Veroneser Ufer des Gardasees, zwischen dem Golf von Garda und der Halbinsel Punta San Vigilio, mit Zufahrt von der Strada Gardesana. Die Natur dominiert ein herrliches Panorama: 35 jahrhundertealte Zypressen und 300 Casalivo-Olivenb\u00e4ume umgeben einen bogenf\u00f6rmigen Pool von 200 Quadratmetern Gr\u00f6\u00dfe und garantieren den G\u00e4sten Ruhe und Komfort. Gro\u00dfe Steinbrocken wurden an verschiedenen Punkten im Gr\u00fcnbereich platziert, um die Wirkung der Olivenb\u00e4ume hervorzuheben.\u00a0Die Liegewiese ist mit gro\u00dfen Sonnenliegen, Liegest\u00fchlen und Sonnenschirmen ausgestattet, die sich mit nat\u00fcrlichen schattigen Bereichen abwechseln.\u00a0Der gro\u00dfe, sandfarbene Pool ist angenehm in die Umgebung integriert und verw\u00f6hnt den Gast mit zwei Nacken-Wasserstrahlen. Der Park ist auch mit sanit\u00e4ren Anlagen, Duschen und bequemen Umkleidekabinen, die f\u00fcr Behinderte zug\u00e4nglich sind, ausgestattet. Ein Naturholzkiosk bietet einen Bar- und Restaurantservice.\u00a0Der Park hat bis zum 30. August ge\u00f6ffnet, und zwar von 9.30 Uhr bis 19.00 Uhr (Kasse von 9.30 bis 18 Uhr). Es ist die Onilne-Reservierung bis um 17 Uhr des Vortages vorgesehen. Dem Besucher stehen Tagestickets und Nachmittagstickets zur Wahl. Auch im Parco San Vigilio ist ein Covid-Protokoll zur Sicherheit der G\u00e4ste eingef\u00fchrt worden. Dies kann online konsultiert werden.Weitere Informationen: www.parcosanvigilio.com.<\/p>\n","protected":false},"excerpt":{"rendered":"","protected":false},"author":9,"featured_media":4237,"comment_status":"open","ping_status":"open","sticky":false,"template":"","format":"standard","meta":[],"categories":[3],"tags":[25,177,23,26,178,179],"news-destination":[],"news-source":[],"is_homepage":[],"ta_other":[],"featured_media_details":{"width":816,"height":545,"file":"2020\/08\/image002.jpg","sizes":{"thumbnail":{"file":"image002-150x150.jpg","width":150,"height":150,"mime-type":"image\/jpeg","source_url":"https:\/\/www.gardaseezeitung.it\/gardaseezeitung_new\/de\/wp-content\/uploads\/sites\/2\/2020\/07\/image002-150x150.jpg"},"medium":{"file":"image002-300x200.jpg","width":300,"height":200,"mime-type":"image\/jpeg","source_url":"https:\/\/www.gardaseezeitung.it\/gardaseezeitung_new\/de\/wp-content\/uploads\/sites\/2\/2020\/07\/image002-300x200.jpg"},"medium_large":{"file":"image002-768x513.jpg","width":768,"height":513,"mime-type":"image\/jpeg","source_url":"https:\/\/www.gardaseezeitung.it\/gardaseezeitung_new\/de\/wp-content\/uploads\/sites\/2\/2020\/07\/image002-768x513.jpg"},"big_image":{"file":"image002-750x501.jpg","width":750,"height":501,"mime-type":"image\/jpeg","source_url":"https:\/\/www.gardaseezeitung.it\/gardaseezeitung_new\/de\/wp-content\/uploads\/sites\/2\/2020\/07\/image002-750x501.jpg"},"guest-author-32":{"file":"image002-32x32.jpg","width":32,"height":32,"mime-type":"image\/jpeg","source_url":"https:\/\/www.gardaseezeitung.it\/gardaseezeitung_new\/de\/wp-content\/uploads\/sites\/2\/2020\/07\/image002-32x32.jpg"},"guest-author-50":{"file":"image002-50x50.jpg","width":50,"height":50,"mime-type":"image\/jpeg","source_url":"https:\/\/www.gardaseezeitung.it\/gardaseezeitung_new\/de\/wp-content\/uploads\/sites\/2\/2020\/07\/image002-50x50.jpg"},"guest-author-64":{"file":"image002-64x64.jpg","width":64,"height":64,"mime-type":"image\/jpeg","source_url":"https:\/\/www.gardaseezeitung.it\/gardaseezeitung_new\/de\/wp-content\/uploads\/sites\/2\/2020\/07\/image002-64x64.jpg"},"guest-author-96":{"file":"image002-96x96.jpg","width":96,"height":96,"mime-type":"image\/jpeg","source_url":"https:\/\/www.gardaseezeitung.it\/gardaseezeitung_new\/de\/wp-content\/uploads\/sites\/2\/2020\/07\/image002-96x96.jpg"},"guest-author-128":{"file":"image002-128x128.jpg","width":128,"height":128,"mime-type":"image\/jpeg","source_url":"https:\/\/www.gardaseezeitung.it\/gardaseezeitung_new\/de\/wp-content\/uploads\/sites\/2\/2020\/07\/image002-128x128.jpg"},"full":{"file":"image002.jpg","width":816,"height":545,"mime_type":"","source_url":"https:\/\/www.gardaseezeitung.it\/gardaseezeitung_new\/de\/wp-content\/uploads\/sites\/2\/2020\/07\/image002.jpg"}},"image_meta":{"aperture":"0","credit":"","camera":"","caption":"","created_timestamp":"0","copyright":"","focal_length":"0","iso":"0","shutter_speed":"0","title":"","orientation":"1","keywords":[]}},"_links":{"self":[{"href":"https:\/\/www.gardaseezeitung.it\/gardaseezeitung_new\/de\/wp-json\/wp\/v2\/posts\/4238"}],"collection":[{"href":"https:\/\/www.gardaseezeitung.it\/gardaseezeitung_new\/de\/wp-json\/wp\/v2\/posts"}],"about":[{"href":"https:\/\/www.gardaseezeitung.it\/gardaseezeitung_new\/de\/wp-json\/wp\/v2\/types\/post"}],"author":[{"embeddable":true,"href":"https:\/\/www.gardaseezeitung.it\/gardaseezeitung_new\/de\/wp-json\/wp\/v2\/users\/9"}],"replies":[{"embeddable":true,"href":"https:\/\/www.gardaseezeitung.it\/gardaseezeitung_new\/de\/wp-json\/wp\/v2\/comments?post=4238"}],"version-history":[{"count":1,"href":"https:\/\/www.gardaseezeitung.it\/gardaseezeitung_new\/de\/wp-json\/wp\/v2\/posts\/4238\/revisions"}],"predecessor-version":[{"id":4239,"href":"https:\/\/www.gardaseezeitung.it\/gardaseezeitung_new\/de\/wp-json\/wp\/v2\/posts\/4238\/revisions\/4239"}],"wp:featuredmedia":[{"embeddable":true,"href":"https:\/\/www.gardaseezeitung.it\/gardaseezeitung_new\/de\/wp-json\/wp\/v2\/media\/4237"}],"wp:attachment":[{"href":"https:\/\/www.gardaseezeitung.it\/gardaseezeitung_new\/de\/wp-json\/wp\/v2\/media?parent=4238"}],"wp:term":[{"taxonomy":"category","embeddable":true,"href":"https:\/\/www.gardaseezeitung.it\/gardaseezeitung_new\/de\/wp-json\/wp\/v2\/categories?post=4238"},{"taxonomy":"post_tag","embeddable":true,"href":"https:\/\/www.gardaseezeitung.it\/gardaseezeitung_new\/de\/wp-json\/wp\/v2\/tags?post=4238"},{"taxonomy":"news-destination","embeddable":true,"href":"https:\/\/www.gardaseezeitung.it\/gardaseezeitung_new\/de\/wp-json\/wp\/v2\/news-destination?post=4238"},{"taxonomy":"news-source","embeddable":true,"href":"https:\/\/www.gardaseezeitung.it\/gardaseezeitung_new\/de\/wp-json\/wp\/v2\/news-source?post=4238"},{"taxonomy":"is_homepage","embeddable":true,"href":"https:\/\/www.gardaseezeitung.it\/gardaseezeitung_new\/de\/wp-json\/wp\/v2\/is_homepage?post=4238"},{"taxonomy":"ta_other","embeddable":true,"href":"https:\/\/www.gardaseezeitung.it\/gardaseezeitung_new\/de\/wp-json\/wp\/v2\/ta_other?post=4238"}],"curies":[{"name":"wp","href":"https:\/\/api.w.org\/{rel}","templated":true}]}}