{"id":4368,"date":"2020-07-26T12:52:38","date_gmt":"2020-07-26T10:52:38","guid":{"rendered":"http:\/\/euwp08.newsmemory.com\/gardaseezeitung_new\/de\/2020\/07\/26\/valpolicella-31-juli-picknick-zum-sonnenuntergang\/"},"modified":"2020-07-26T12:52:54","modified_gmt":"2019-09-30T12:52:54","slug":"valpolicella-31-juli-picknick-zum-sonnenuntergang","status":"publish","type":"post","link":"https:\/\/www.gardaseezeitung.it\/2020\/07\/26\/valpolicella-31-juli-picknick-zum-sonnenuntergang\/","title":{"rendered":"Valpolicella, 31. Juli: Picknick zum Sonnenuntergang"},"content":{"rendered":"<p style=\"text-align: justify\">Freitag, 31. Juli bei\u00a0Possessioni Serego Alighieri, Valpolicella um 18.30 Uhr: Ein Abend mit edlem Wein und K\u00f6rben voller K\u00f6stlichkeiten, w\u00e4hrend das magische Licht des Sonnenuntergangs den Weinberg in sch\u00f6ne Farben t\u00fcncht. Jedes G\u00e4stepaar erh\u00e4lt den Picknickkorb und zwei Verkostungsgl\u00e4ser als Geschenk. Dress-Code: ein Hauch von BlauWein und Speisen:\u00a060 Euro\/PersonInfos und Reservierungen 045 7703622 | serego@seregoalighieri.it\u00a0Das vollst\u00e4ndige Programm und das Men\u00fc auf Facebook unter @Serego Alighieri<\/p>\n","protected":false},"excerpt":{"rendered":"<p>Ein Abend mit edlem Wein und K\u00f6rben voller K\u00f6stlichkeiten, w\u00e4hrend das magische Licht des Sonnenuntergangs den Weinberg in sch\u00f6ne Farben t\u00fcncht<\/p>\n","protected":false},"author":9,"featured_media":4367,"comment_status":"open","ping_status":"open","sticky":false,"template":"","format":"standard","meta":[],"categories":[2],"tags":[25,23,26,198,84,199],"news-destination":[],"news-source":[],"is_homepage":[],"ta_other":[],"featured_media_details":{"width":1024,"height":683,"file":"2020\/08\/IMG_9650.jpg","sizes":{"thumbnail":{"file":"IMG_9650-150x150.jpg","width":150,"height":150,"mime-type":"image\/jpeg","source_url":"https:\/\/www.gardaseezeitung.it\/gardaseezeitung_new\/de\/wp-content\/uploads\/sites\/2\/2020\/07\/IMG_9650-150x150.jpg"},"medium":{"file":"IMG_9650-300x200.jpg","width":300,"height":200,"mime-type":"image\/jpeg","source_url":"https:\/\/www.gardaseezeitung.it\/gardaseezeitung_new\/de\/wp-content\/uploads\/sites\/2\/2020\/07\/IMG_9650-300x200.jpg"},"medium_large":{"file":"IMG_9650-768x512.jpg","width":768,"height":512,"mime-type":"image\/jpeg","source_url":"https:\/\/www.gardaseezeitung.it\/gardaseezeitung_new\/de\/wp-content\/uploads\/sites\/2\/2020\/07\/IMG_9650-768x512.jpg"},"large":{"file":"IMG_9650-1024x683.jpg","width":1024,"height":683,"mime-type":"image\/jpeg","source_url":"https:\/\/www.gardaseezeitung.it\/gardaseezeitung_new\/de\/wp-content\/uploads\/sites\/2\/2020\/07\/IMG_9650-1024x683.jpg"},"big_image":{"file":"IMG_9650-750x500.jpg","width":750,"height":500,"mime-type":"image\/jpeg","source_url":"https:\/\/www.gardaseezeitung.it\/gardaseezeitung_new\/de\/wp-content\/uploads\/sites\/2\/2020\/07\/IMG_9650-750x500.jpg"},"guest-author-32":{"file":"IMG_9650-32x32.jpg","width":32,"height":32,"mime-type":"image\/jpeg","source_url":"https:\/\/www.gardaseezeitung.it\/gardaseezeitung_new\/de\/wp-content\/uploads\/sites\/2\/2020\/07\/IMG_9650-32x32.jpg"},"guest-author-50":{"file":"IMG_9650-50x50.jpg","width":50,"height":50,"mime-type":"image\/jpeg","source_url":"https:\/\/www.gardaseezeitung.it\/gardaseezeitung_new\/de\/wp-content\/uploads\/sites\/2\/2020\/07\/IMG_9650-50x50.jpg"},"guest-author-64":{"file":"IMG_9650-64x64.jpg","width":64,"height":64,"mime-type":"image\/jpeg","source_url":"https:\/\/www.gardaseezeitung.it\/gardaseezeitung_new\/de\/wp-content\/uploads\/sites\/2\/2020\/07\/IMG_9650-64x64.jpg"},"guest-author-96":{"file":"IMG_9650-96x96.jpg","width":96,"height":96,"mime-type":"image\/jpeg","source_url":"https:\/\/www.gardaseezeitung.it\/gardaseezeitung_new\/de\/wp-content\/uploads\/sites\/2\/2020\/07\/IMG_9650-96x96.jpg"},"guest-author-128":{"file":"IMG_9650-128x128.jpg","width":128,"height":128,"mime-type":"image\/jpeg","source_url":"https:\/\/www.gardaseezeitung.it\/gardaseezeitung_new\/de\/wp-content\/uploads\/sites\/2\/2020\/07\/IMG_9650-128x128.jpg"},"full":{"file":"IMG_9650.jpg","width":1024,"height":683,"mime_type":"","source_url":"https:\/\/www.gardaseezeitung.it\/gardaseezeitung_new\/de\/wp-content\/uploads\/sites\/2\/2020\/07\/IMG_9650.jpg"}},"image_meta":{"aperture":"0","credit":"","camera":"","caption":"","created_timestamp":"0","copyright":"Copyright:Barbara Zonzin","focal_length":"0","iso":"0","shutter_speed":"0","title":"","orientation":"0","keywords":[]}},"_links":{"self":[{"href":"https:\/\/www.gardaseezeitung.it\/gardaseezeitung_new\/de\/wp-json\/wp\/v2\/posts\/4368"}],"collection":[{"href":"https:\/\/www.gardaseezeitung.it\/gardaseezeitung_new\/de\/wp-json\/wp\/v2\/posts"}],"about":[{"href":"https:\/\/www.gardaseezeitung.it\/gardaseezeitung_new\/de\/wp-json\/wp\/v2\/types\/post"}],"author":[{"embeddable":true,"href":"https:\/\/www.gardaseezeitung.it\/gardaseezeitung_new\/de\/wp-json\/wp\/v2\/users\/9"}],"replies":[{"embeddable":true,"href":"https:\/\/www.gardaseezeitung.it\/gardaseezeitung_new\/de\/wp-json\/wp\/v2\/comments?post=4368"}],"version-history":[{"count":1,"href":"https:\/\/www.gardaseezeitung.it\/gardaseezeitung_new\/de\/wp-json\/wp\/v2\/posts\/4368\/revisions"}],"predecessor-version":[{"id":4369,"href":"https:\/\/www.gardaseezeitung.it\/gardaseezeitung_new\/de\/wp-json\/wp\/v2\/posts\/4368\/revisions\/4369"}],"wp:featuredmedia":[{"embeddable":true,"href":"https:\/\/www.gardaseezeitung.it\/gardaseezeitung_new\/de\/wp-json\/wp\/v2\/media\/4367"}],"wp:attachment":[{"href":"https:\/\/www.gardaseezeitung.it\/gardaseezeitung_new\/de\/wp-json\/wp\/v2\/media?parent=4368"}],"wp:term":[{"taxonomy":"category","embeddable":true,"href":"https:\/\/www.gardaseezeitung.it\/gardaseezeitung_new\/de\/wp-json\/wp\/v2\/categories?post=4368"},{"taxonomy":"post_tag","embeddable":true,"href":"https:\/\/www.gardaseezeitung.it\/gardaseezeitung_new\/de\/wp-json\/wp\/v2\/tags?post=4368"},{"taxonomy":"news-destination","embeddable":true,"href":"https:\/\/www.gardaseezeitung.it\/gardaseezeitung_new\/de\/wp-json\/wp\/v2\/news-destination?post=4368"},{"taxonomy":"news-source","embeddable":true,"href":"https:\/\/www.gardaseezeitung.it\/gardaseezeitung_new\/de\/wp-json\/wp\/v2\/news-source?post=4368"},{"taxonomy":"is_homepage","embeddable":true,"href":"https:\/\/www.gardaseezeitung.it\/gardaseezeitung_new\/de\/wp-json\/wp\/v2\/is_homepage?post=4368"},{"taxonomy":"ta_other","embeddable":true,"href":"https:\/\/www.gardaseezeitung.it\/gardaseezeitung_new\/de\/wp-json\/wp\/v2\/ta_other?post=4368"}],"curies":[{"name":"wp","href":"https:\/\/api.w.org\/{rel}","templated":true}]}}