{"id":5517,"date":"2020-08-27T16:08:53","date_gmt":"2020-08-27T14:08:53","guid":{"rendered":"http:\/\/euwp08.newsmemory.com\/gardaseezeitung_new\/de\/2020\/08\/27\/verschobene-konzerte-28-und-29-august-ueber-dem-monte-baldo\/"},"modified":"2020-08-27T16:08:55","modified_gmt":"2019-11-01T16:08:55","slug":"verschobene-konzerte-28-und-29-august-ueber-dem-monte-baldo","status":"publish","type":"post","link":"https:\/\/www.gardaseezeitung.it\/2020\/08\/27\/verschobene-konzerte-28-und-29-august-ueber-dem-monte-baldo\/","title":{"rendered":"Verschobene Konzerte am 28. und 29. August \u00fcber dem Monte Baldo"},"content":{"rendered":"<p style=\"text-align: justify\">Die Konzerte vom 28. und 29. August, die von der Seilbahn Malcesine-Monte Baldo in Zusammenarbeit mit der Stiftung Arena di Verona organisiert werden, aufgrund der eher unsicheren Wettervorhersage in gro\u00dfer H\u00f6he in der Gemeinde Malcesine nicht stattfinden werden. Die beiden Institutionen arbeiten bereits daran, neue Termine zu evaluieren, um auch im Jahr 2020 einen so herzlichen und erwarteten Termin zu erneuern, der seit 2004 Touristen und Fans in gro\u00dfer H\u00f6he anzieht, um eine einzigartige Show in einem ebenso exklusiven Rahmen zu genie\u00dfen.<\/p>\n","protected":false},"excerpt":{"rendered":"<p>Die Konzerte vom 28. und 29. August, die von der Seilbahn Malcesine-Monte Baldo in Zusammenarbeit mit der Stiftung Arena di Verona organisiert werden, aufgrund der eher unsicheren Wettervorhersage in gro\u00dfer H\u00f6he in der Gemeinde Malcesine nicht stattfinden werden. <\/p>\n","protected":false},"author":9,"featured_media":5512,"comment_status":"open","ping_status":"open","sticky":false,"template":"","format":"standard","meta":[],"categories":[2],"tags":[],"news-destination":[],"news-source":[],"is_homepage":[],"ta_other":[],"featured_media_details":{"width":652,"height":200,"file":"2020\/08\/baldo007.jpg","sizes":{"thumbnail":{"file":"baldo007-150x150.jpg","width":150,"height":150,"mime-type":"image\/jpeg","source_url":"https:\/\/www.gardaseezeitung.it\/gardaseezeitung_new\/de\/wp-content\/uploads\/sites\/2\/2020\/08\/baldo007-150x150.jpg"},"medium":{"file":"baldo007-300x92.jpg","width":300,"height":92,"mime-type":"image\/jpeg","source_url":"https:\/\/www.gardaseezeitung.it\/gardaseezeitung_new\/de\/wp-content\/uploads\/sites\/2\/2020\/08\/baldo007-300x92.jpg"},"guest-author-32":{"file":"baldo007-32x32.jpg","width":32,"height":32,"mime-type":"image\/jpeg","source_url":"https:\/\/www.gardaseezeitung.it\/gardaseezeitung_new\/de\/wp-content\/uploads\/sites\/2\/2020\/08\/baldo007-32x32.jpg"},"guest-author-50":{"file":"baldo007-50x50.jpg","width":50,"height":50,"mime-type":"image\/jpeg","source_url":"https:\/\/www.gardaseezeitung.it\/gardaseezeitung_new\/de\/wp-content\/uploads\/sites\/2\/2020\/08\/baldo007-50x50.jpg"},"guest-author-64":{"file":"baldo007-64x64.jpg","width":64,"height":64,"mime-type":"image\/jpeg","source_url":"https:\/\/www.gardaseezeitung.it\/gardaseezeitung_new\/de\/wp-content\/uploads\/sites\/2\/2020\/08\/baldo007-64x64.jpg"},"guest-author-96":{"file":"baldo007-96x96.jpg","width":96,"height":96,"mime-type":"image\/jpeg","source_url":"https:\/\/www.gardaseezeitung.it\/gardaseezeitung_new\/de\/wp-content\/uploads\/sites\/2\/2020\/08\/baldo007-96x96.jpg"},"guest-author-128":{"file":"baldo007-128x128.jpg","width":128,"height":128,"mime-type":"image\/jpeg","source_url":"https:\/\/www.gardaseezeitung.it\/gardaseezeitung_new\/de\/wp-content\/uploads\/sites\/2\/2020\/08\/baldo007-128x128.jpg"},"full":{"file":"baldo007.jpg","width":652,"height":200,"mime_type":"","source_url":"https:\/\/www.gardaseezeitung.it\/gardaseezeitung_new\/de\/wp-content\/uploads\/sites\/2\/2020\/08\/baldo007.jpg"}},"image_meta":{"aperture":"0","credit":"","camera":"","caption":"","created_timestamp":"0","copyright":"","focal_length":"0","iso":"0","shutter_speed":"0","title":"","orientation":"1","keywords":[]}},"_links":{"self":[{"href":"https:\/\/www.gardaseezeitung.it\/gardaseezeitung_new\/de\/wp-json\/wp\/v2\/posts\/5517"}],"collection":[{"href":"https:\/\/www.gardaseezeitung.it\/gardaseezeitung_new\/de\/wp-json\/wp\/v2\/posts"}],"about":[{"href":"https:\/\/www.gardaseezeitung.it\/gardaseezeitung_new\/de\/wp-json\/wp\/v2\/types\/post"}],"author":[{"embeddable":true,"href":"https:\/\/www.gardaseezeitung.it\/gardaseezeitung_new\/de\/wp-json\/wp\/v2\/users\/9"}],"replies":[{"embeddable":true,"href":"https:\/\/www.gardaseezeitung.it\/gardaseezeitung_new\/de\/wp-json\/wp\/v2\/comments?post=5517"}],"version-history":[{"count":1,"href":"https:\/\/www.gardaseezeitung.it\/gardaseezeitung_new\/de\/wp-json\/wp\/v2\/posts\/5517\/revisions"}],"predecessor-version":[{"id":5518,"href":"https:\/\/www.gardaseezeitung.it\/gardaseezeitung_new\/de\/wp-json\/wp\/v2\/posts\/5517\/revisions\/5518"}],"wp:featuredmedia":[{"embeddable":true,"href":"https:\/\/www.gardaseezeitung.it\/gardaseezeitung_new\/de\/wp-json\/wp\/v2\/media\/5512"}],"wp:attachment":[{"href":"https:\/\/www.gardaseezeitung.it\/gardaseezeitung_new\/de\/wp-json\/wp\/v2\/media?parent=5517"}],"wp:term":[{"taxonomy":"category","embeddable":true,"href":"https:\/\/www.gardaseezeitung.it\/gardaseezeitung_new\/de\/wp-json\/wp\/v2\/categories?post=5517"},{"taxonomy":"post_tag","embeddable":true,"href":"https:\/\/www.gardaseezeitung.it\/gardaseezeitung_new\/de\/wp-json\/wp\/v2\/tags?post=5517"},{"taxonomy":"news-destination","embeddable":true,"href":"https:\/\/www.gardaseezeitung.it\/gardaseezeitung_new\/de\/wp-json\/wp\/v2\/news-destination?post=5517"},{"taxonomy":"news-source","embeddable":true,"href":"https:\/\/www.gardaseezeitung.it\/gardaseezeitung_new\/de\/wp-json\/wp\/v2\/news-source?post=5517"},{"taxonomy":"is_homepage","embeddable":true,"href":"https:\/\/www.gardaseezeitung.it\/gardaseezeitung_new\/de\/wp-json\/wp\/v2\/is_homepage?post=5517"},{"taxonomy":"ta_other","embeddable":true,"href":"https:\/\/www.gardaseezeitung.it\/gardaseezeitung_new\/de\/wp-json\/wp\/v2\/ta_other?post=5517"}],"curies":[{"name":"wp","href":"https:\/\/api.w.org\/{rel}","templated":true}]}}