{"id":5560,"date":"2020-10-16T10:09:13","date_gmt":"2020-10-16T08:09:13","guid":{"rendered":"http:\/\/euwp08.newsmemory.com\/gardaseezeitung_new\/de\/2020\/10\/16\/segeln-fuer-alle-das-gefuehl-des-segelns-voelliger-autonomie\/"},"modified":"2020-10-16T10:09:14","modified_gmt":"2019-12-21T10:09:14","slug":"segeln-fuer-alle-das-gefuehl-des-segelns-voelliger-autonomie","status":"publish","type":"post","link":"https:\/\/www.gardaseezeitung.it\/2020\/10\/16\/segeln-fuer-alle-das-gefuehl-des-segelns-voelliger-autonomie\/","title":{"rendered":"&#8222;Segeln f\u00fcr alle&#8220;: das Gef\u00fchl des Segelns in v\u00f6lliger Autonomie"},"content":{"rendered":"<p style=\"text-align: justify\">Am Samstag, den 17. Oktober, ab 10 Uhr, am Sirmione (Lungolago Diaz), organisiert der Verein Sailability unter der Schirmherrschaft der Gemeinde die Veranstaltung &#8222;Der See f\u00fcr alle, niemand ausgeschlossen&#8220;: ein Tag der offenen T\u00fcr auf einem Segelboot f\u00fcr Menschen mit Gehbehinderungen. Von 10.00 Uhr bis 12.30 Uhr und von 14.30 Uhr bis 16.30 Uhr k\u00f6nnen motorisch behinderte Menschen unter Anleitung qualifizierter Ausbilder Segelboote sicher steuern. Infos: sailabilityonlus@gmail.com<\/p>\n","protected":false},"excerpt":{"rendered":"<p>Ein Tag der offenen T\u00fcr auf einem Segelboot f\u00fcr Menschen mit Gehbehinderungen. Am Samstag, den 17. Oktober, ab 10 Uhr, am Sirmione (Lungolago Diaz)<\/p>\n","protected":false},"author":9,"featured_media":5559,"comment_status":"open","ping_status":"open","sticky":false,"template":"","format":"standard","meta":[],"categories":[3],"tags":[25,23,26,211,212,213,214,31],"news-destination":[],"news-source":[],"is_homepage":[],"ta_other":[],"featured_media_details":{"width":1620,"height":405,"file":"2020\/10\/8x2-barche-a-vela.jpeg","sizes":{"thumbnail":{"file":"8x2-barche-a-vela-150x150.jpeg","width":150,"height":150,"mime-type":"image\/jpeg","source_url":"https:\/\/www.gardaseezeitung.it\/gardaseezeitung_new\/de\/wp-content\/uploads\/sites\/2\/2020\/10\/8x2-barche-a-vela-150x150.jpeg"},"medium":{"file":"8x2-barche-a-vela-300x75.jpeg","width":300,"height":75,"mime-type":"image\/jpeg","source_url":"https:\/\/www.gardaseezeitung.it\/gardaseezeitung_new\/de\/wp-content\/uploads\/sites\/2\/2020\/10\/8x2-barche-a-vela-300x75.jpeg"},"medium_large":{"file":"8x2-barche-a-vela-768x192.jpeg","width":768,"height":192,"mime-type":"image\/jpeg","source_url":"https:\/\/www.gardaseezeitung.it\/gardaseezeitung_new\/de\/wp-content\/uploads\/sites\/2\/2020\/10\/8x2-barche-a-vela-768x192.jpeg"},"large":{"file":"8x2-barche-a-vela-1024x256.jpeg","width":1024,"height":256,"mime-type":"image\/jpeg","source_url":"https:\/\/www.gardaseezeitung.it\/gardaseezeitung_new\/de\/wp-content\/uploads\/sites\/2\/2020\/10\/8x2-barche-a-vela-1024x256.jpeg"},"big_image":{"file":"8x2-barche-a-vela-750x188.jpeg","width":750,"height":188,"mime-type":"image\/jpeg","source_url":"https:\/\/www.gardaseezeitung.it\/gardaseezeitung_new\/de\/wp-content\/uploads\/sites\/2\/2020\/10\/8x2-barche-a-vela-750x188.jpeg"},"guest-author-32":{"file":"8x2-barche-a-vela-32x32.jpeg","width":32,"height":32,"mime-type":"image\/jpeg","source_url":"https:\/\/www.gardaseezeitung.it\/gardaseezeitung_new\/de\/wp-content\/uploads\/sites\/2\/2020\/10\/8x2-barche-a-vela-32x32.jpeg"},"guest-author-50":{"file":"8x2-barche-a-vela-50x50.jpeg","width":50,"height":50,"mime-type":"image\/jpeg","source_url":"https:\/\/www.gardaseezeitung.it\/gardaseezeitung_new\/de\/wp-content\/uploads\/sites\/2\/2020\/10\/8x2-barche-a-vela-50x50.jpeg"},"guest-author-64":{"file":"8x2-barche-a-vela-64x64.jpeg","width":64,"height":64,"mime-type":"image\/jpeg","source_url":"https:\/\/www.gardaseezeitung.it\/gardaseezeitung_new\/de\/wp-content\/uploads\/sites\/2\/2020\/10\/8x2-barche-a-vela-64x64.jpeg"},"guest-author-96":{"file":"8x2-barche-a-vela-96x96.jpeg","width":96,"height":96,"mime-type":"image\/jpeg","source_url":"https:\/\/www.gardaseezeitung.it\/gardaseezeitung_new\/de\/wp-content\/uploads\/sites\/2\/2020\/10\/8x2-barche-a-vela-96x96.jpeg"},"guest-author-128":{"file":"8x2-barche-a-vela-128x128.jpeg","width":128,"height":128,"mime-type":"image\/jpeg","source_url":"https:\/\/www.gardaseezeitung.it\/gardaseezeitung_new\/de\/wp-content\/uploads\/sites\/2\/2020\/10\/8x2-barche-a-vela-128x128.jpeg"},"full":{"file":"8x2-barche-a-vela.jpeg","width":1620,"height":405,"mime_type":"","source_url":"https:\/\/www.gardaseezeitung.it\/gardaseezeitung_new\/de\/wp-content\/uploads\/sites\/2\/2020\/10\/8x2-barche-a-vela.jpeg"}},"image_meta":{"aperture":"4.5","credit":"Giacomo Frison","camera":"NIKON D500","caption":"","created_timestamp":"1571583626","copyright":"giacomofrison.com","focal_length":"70","iso":"200","shutter_speed":"0.0002","title":"","orientation":"0","keywords":[]}},"_links":{"self":[{"href":"https:\/\/www.gardaseezeitung.it\/gardaseezeitung_new\/de\/wp-json\/wp\/v2\/posts\/5560"}],"collection":[{"href":"https:\/\/www.gardaseezeitung.it\/gardaseezeitung_new\/de\/wp-json\/wp\/v2\/posts"}],"about":[{"href":"https:\/\/www.gardaseezeitung.it\/gardaseezeitung_new\/de\/wp-json\/wp\/v2\/types\/post"}],"author":[{"embeddable":true,"href":"https:\/\/www.gardaseezeitung.it\/gardaseezeitung_new\/de\/wp-json\/wp\/v2\/users\/9"}],"replies":[{"embeddable":true,"href":"https:\/\/www.gardaseezeitung.it\/gardaseezeitung_new\/de\/wp-json\/wp\/v2\/comments?post=5560"}],"version-history":[{"count":1,"href":"https:\/\/www.gardaseezeitung.it\/gardaseezeitung_new\/de\/wp-json\/wp\/v2\/posts\/5560\/revisions"}],"predecessor-version":[{"id":5561,"href":"https:\/\/www.gardaseezeitung.it\/gardaseezeitung_new\/de\/wp-json\/wp\/v2\/posts\/5560\/revisions\/5561"}],"wp:featuredmedia":[{"embeddable":true,"href":"https:\/\/www.gardaseezeitung.it\/gardaseezeitung_new\/de\/wp-json\/wp\/v2\/media\/5559"}],"wp:attachment":[{"href":"https:\/\/www.gardaseezeitung.it\/gardaseezeitung_new\/de\/wp-json\/wp\/v2\/media?parent=5560"}],"wp:term":[{"taxonomy":"category","embeddable":true,"href":"https:\/\/www.gardaseezeitung.it\/gardaseezeitung_new\/de\/wp-json\/wp\/v2\/categories?post=5560"},{"taxonomy":"post_tag","embeddable":true,"href":"https:\/\/www.gardaseezeitung.it\/gardaseezeitung_new\/de\/wp-json\/wp\/v2\/tags?post=5560"},{"taxonomy":"news-destination","embeddable":true,"href":"https:\/\/www.gardaseezeitung.it\/gardaseezeitung_new\/de\/wp-json\/wp\/v2\/news-destination?post=5560"},{"taxonomy":"news-source","embeddable":true,"href":"https:\/\/www.gardaseezeitung.it\/gardaseezeitung_new\/de\/wp-json\/wp\/v2\/news-source?post=5560"},{"taxonomy":"is_homepage","embeddable":true,"href":"https:\/\/www.gardaseezeitung.it\/gardaseezeitung_new\/de\/wp-json\/wp\/v2\/is_homepage?post=5560"},{"taxonomy":"ta_other","embeddable":true,"href":"https:\/\/www.gardaseezeitung.it\/gardaseezeitung_new\/de\/wp-json\/wp\/v2\/ta_other?post=5560"}],"curies":[{"name":"wp","href":"https:\/\/api.w.org\/{rel}","templated":true}]}}