{"id":5570,"date":"2020-10-18T00:04:07","date_gmt":"2020-10-17T22:04:07","guid":{"rendered":"http:\/\/euwp08.newsmemory.com\/gardaseezeitung_new\/de\/2020\/10\/18\/garda-begruesst-die-1000-miglia-das-schoenste-rennen-der-welt\/"},"modified":"2020-10-18T00:04:29","modified_gmt":"2020-10-17T22:04:29","slug":"garda-begruesst-die-1000-miglia-das-schoenste-rennen-der-welt","status":"publish","type":"post","link":"https:\/\/www.gardaseezeitung.it\/2020\/10\/18\/garda-begruesst-die-1000-miglia-das-schoenste-rennen-der-welt\/","title":{"rendered":"Garda begr\u00fc\u00dft die 1000 Miglia, das &#8222;sch\u00f6nste Rennen der Welt&#8220;"},"content":{"rendered":"<p style=\"text-align: justify\">Am 22. Oktober startet das Rennen von Brescia aus mit dem &#8222;Ferrari Tribute to 1000 Miglia&#8220;, der Parade der Sportwagen, die im Rennen die Durchfahrt von Oldtimern vorwegnehmen. Gegen 14.45 Uhr wird die Karawane in Desenzano sein, um um 14.00 Uhr in Sirmione anzukommen, wo in der Viale Matteotti, Via Salvo d&#8217;Acquisto und Via Bagnera die ersten Sonderpr\u00fcfungen des Rennens stattfinden, die sehr wichtig sind, um die Rangliste zu umrei\u00dfen, gefolgt von der Stempelkontrolle der Autos auf dem Piazzale Porto. Die &#8222;alten Damen&#8220; fahren dann nach Peschiera, Rovizza und Pozzolengo.<\/p>\n<figure id=\"attachment_17097\" style=\"width: 640px\" class=\"wp-caption alignnone\"><img title=\"Garda begr\u00fc\u00dft die 1000 Miglia, das \"sch\u00f6nste Rennen der Welt\"\" loading=\"lazy\" class=\"size-large wp-image-17097\" src=\"https:\/\/www.gardaseezeitung.it\/gardaseezeitung_new\/de\/wp-content\/uploads\/sites\/2\/2020\/10\/00_1m2020_roadmap_a4_orari_ita.jpg\" alt=\"MilleMiglia 2020\" width=\"640\" height=\"905\" srcset=\"https:\/\/euwps06.newsmemory.com\/gardaseezeitung_new\/de\/wp-content\/uploads\/sites\/2\/2020\/10\/00_1m2020_roadmap_a4_orari_ita.jpg 1654w, https:\/\/euwps06.newsmemory.com\/gardaseezeitung_new\/de\/wp-content\/uploads\/sites\/2\/2020\/10\/00_1m2020_roadmap_a4_orari_ita-212x300.jpg 212w, https:\/\/euwps06.newsmemory.com\/gardaseezeitung_new\/de\/wp-content\/uploads\/sites\/2\/2020\/10\/00_1m2020_roadmap_a4_orari_ita-724x1024.jpg 724w, https:\/\/euwps06.newsmemory.com\/gardaseezeitung_new\/de\/wp-content\/uploads\/sites\/2\/2020\/10\/00_1m2020_roadmap_a4_orari_ita-768x1086.jpg 768w, https:\/\/euwps06.newsmemory.com\/gardaseezeitung_new\/de\/wp-content\/uploads\/sites\/2\/2020\/10\/00_1m2020_roadmap_a4_orari_ita-1086x1536.jpg 1086w, https:\/\/euwps06.newsmemory.com\/gardaseezeitung_new\/de\/wp-content\/uploads\/sites\/2\/2020\/10\/00_1m2020_roadmap_a4_orari_ita-1448x2048.jpg 1448w, https:\/\/euwps06.newsmemory.com\/gardaseezeitung_new\/de\/wp-content\/uploads\/sites\/2\/2020\/10\/00_1m2020_roadmap_a4_orari_ita-750x1061.jpg 750w\" sizes=\"(max-width: 640px) 100vw, 640px\" \/><figcaption class=\"wp-caption-text\">MilleMiglia 2020<\/figcaption><\/figure>\n<p>&nbsp;<\/p>\n","protected":false},"excerpt":{"rendered":"","protected":false},"author":9,"featured_media":5569,"comment_status":"open","ping_status":"open","sticky":false,"template":"","format":"standard","meta":[],"categories":[2],"tags":[216,25,131,23,26,210,217,218,31],"news-destination":[],"news-source":[],"is_homepage":[],"ta_other":[],"featured_media_details":{"width":1996,"height":501,"file":"2020\/10\/8X2-AUTO-EPOCA-e1600856176563.jpg","sizes":{"thumbnail":{"file":"8X2-AUTO-EPOCA-e1600856176563-150x150.jpg","width":150,"height":150,"mime-type":"image\/jpeg","source_url":"https:\/\/www.gardaseezeitung.it\/gardaseezeitung_new\/de\/wp-content\/uploads\/sites\/2\/2020\/10\/8X2-AUTO-EPOCA-e1600856176563-150x150.jpg"},"medium":{"file":"8X2-AUTO-EPOCA-e1600856176563-300x75.jpg","width":300,"height":75,"mime-type":"image\/jpeg","source_url":"https:\/\/www.gardaseezeitung.it\/gardaseezeitung_new\/de\/wp-content\/uploads\/sites\/2\/2020\/10\/8X2-AUTO-EPOCA-e1600856176563-300x75.jpg"},"medium_large":{"file":"8X2-AUTO-EPOCA-e1600856176563-768x193.jpg","width":768,"height":193,"mime-type":"image\/jpeg","source_url":"https:\/\/www.gardaseezeitung.it\/gardaseezeitung_new\/de\/wp-content\/uploads\/sites\/2\/2020\/10\/8X2-AUTO-EPOCA-e1600856176563-768x193.jpg"},"large":{"file":"8X2-AUTO-EPOCA-e1600856176563-1024x257.jpg","width":1024,"height":257,"mime-type":"image\/jpeg","source_url":"https:\/\/www.gardaseezeitung.it\/gardaseezeitung_new\/de\/wp-content\/uploads\/sites\/2\/2020\/10\/8X2-AUTO-EPOCA-e1600856176563-1024x257.jpg"},"big_image":{"file":"8X2-AUTO-EPOCA-e1600856176563-750x188.jpg","width":750,"height":188,"mime-type":"image\/jpeg","source_url":"https:\/\/www.gardaseezeitung.it\/gardaseezeitung_new\/de\/wp-content\/uploads\/sites\/2\/2020\/10\/8X2-AUTO-EPOCA-e1600856176563-750x188.jpg"},"guest-author-32":{"file":"8X2-AUTO-EPOCA-e1600856176563-32x32.jpg","width":32,"height":32,"mime-type":"image\/jpeg","source_url":"https:\/\/www.gardaseezeitung.it\/gardaseezeitung_new\/de\/wp-content\/uploads\/sites\/2\/2020\/10\/8X2-AUTO-EPOCA-e1600856176563-32x32.jpg"},"guest-author-50":{"file":"8X2-AUTO-EPOCA-e1600856176563-50x50.jpg","width":50,"height":50,"mime-type":"image\/jpeg","source_url":"https:\/\/www.gardaseezeitung.it\/gardaseezeitung_new\/de\/wp-content\/uploads\/sites\/2\/2020\/10\/8X2-AUTO-EPOCA-e1600856176563-50x50.jpg"},"guest-author-64":{"file":"8X2-AUTO-EPOCA-e1600856176563-64x64.jpg","width":64,"height":64,"mime-type":"image\/jpeg","source_url":"https:\/\/www.gardaseezeitung.it\/gardaseezeitung_new\/de\/wp-content\/uploads\/sites\/2\/2020\/10\/8X2-AUTO-EPOCA-e1600856176563-64x64.jpg"},"guest-author-96":{"file":"8X2-AUTO-EPOCA-e1600856176563-96x96.jpg","width":96,"height":96,"mime-type":"image\/jpeg","source_url":"https:\/\/www.gardaseezeitung.it\/gardaseezeitung_new\/de\/wp-content\/uploads\/sites\/2\/2020\/10\/8X2-AUTO-EPOCA-e1600856176563-96x96.jpg"},"guest-author-128":{"file":"8X2-AUTO-EPOCA-e1600856176563-128x128.jpg","width":128,"height":128,"mime-type":"image\/jpeg","source_url":"https:\/\/www.gardaseezeitung.it\/gardaseezeitung_new\/de\/wp-content\/uploads\/sites\/2\/2020\/10\/8X2-AUTO-EPOCA-e1600856176563-128x128.jpg"},"full":{"file":"8X2-AUTO-EPOCA-e1600856176563.jpg","width":1996,"height":501,"mime_type":"","source_url":"https:\/\/www.gardaseezeitung.it\/gardaseezeitung_new\/de\/wp-content\/uploads\/sites\/2\/2020\/10\/8X2-AUTO-EPOCA-e1600856176563.jpg"}},"image_meta":{"aperture":"0","credit":"","camera":"","caption":"","created_timestamp":"0","copyright":"","focal_length":"0","iso":"0","shutter_speed":"0","title":"","orientation":"0","keywords":[]}},"_links":{"self":[{"href":"https:\/\/www.gardaseezeitung.it\/gardaseezeitung_new\/de\/wp-json\/wp\/v2\/posts\/5570"}],"collection":[{"href":"https:\/\/www.gardaseezeitung.it\/gardaseezeitung_new\/de\/wp-json\/wp\/v2\/posts"}],"about":[{"href":"https:\/\/www.gardaseezeitung.it\/gardaseezeitung_new\/de\/wp-json\/wp\/v2\/types\/post"}],"author":[{"embeddable":true,"href":"https:\/\/www.gardaseezeitung.it\/gardaseezeitung_new\/de\/wp-json\/wp\/v2\/users\/9"}],"replies":[{"embeddable":true,"href":"https:\/\/www.gardaseezeitung.it\/gardaseezeitung_new\/de\/wp-json\/wp\/v2\/comments?post=5570"}],"version-history":[{"count":2,"href":"https:\/\/www.gardaseezeitung.it\/gardaseezeitung_new\/de\/wp-json\/wp\/v2\/posts\/5570\/revisions"}],"predecessor-version":[{"id":17098,"href":"https:\/\/www.gardaseezeitung.it\/gardaseezeitung_new\/de\/wp-json\/wp\/v2\/posts\/5570\/revisions\/17098"}],"wp:featuredmedia":[{"embeddable":true,"href":"https:\/\/www.gardaseezeitung.it\/gardaseezeitung_new\/de\/wp-json\/wp\/v2\/media\/5569"}],"wp:attachment":[{"href":"https:\/\/www.gardaseezeitung.it\/gardaseezeitung_new\/de\/wp-json\/wp\/v2\/media?parent=5570"}],"wp:term":[{"taxonomy":"category","embeddable":true,"href":"https:\/\/www.gardaseezeitung.it\/gardaseezeitung_new\/de\/wp-json\/wp\/v2\/categories?post=5570"},{"taxonomy":"post_tag","embeddable":true,"href":"https:\/\/www.gardaseezeitung.it\/gardaseezeitung_new\/de\/wp-json\/wp\/v2\/tags?post=5570"},{"taxonomy":"news-destination","embeddable":true,"href":"https:\/\/www.gardaseezeitung.it\/gardaseezeitung_new\/de\/wp-json\/wp\/v2\/news-destination?post=5570"},{"taxonomy":"news-source","embeddable":true,"href":"https:\/\/www.gardaseezeitung.it\/gardaseezeitung_new\/de\/wp-json\/wp\/v2\/news-source?post=5570"},{"taxonomy":"is_homepage","embeddable":true,"href":"https:\/\/www.gardaseezeitung.it\/gardaseezeitung_new\/de\/wp-json\/wp\/v2\/is_homepage?post=5570"},{"taxonomy":"ta_other","embeddable":true,"href":"https:\/\/www.gardaseezeitung.it\/gardaseezeitung_new\/de\/wp-json\/wp\/v2\/ta_other?post=5570"}],"curies":[{"name":"wp","href":"https:\/\/api.w.org\/{rel}","templated":true}]}}