{"id":5583,"date":"2020-10-17T12:06:32","date_gmt":"2020-10-17T10:06:32","guid":{"rendered":"http:\/\/euwp08.newsmemory.com\/gardaseezeitung_new\/de\/2020\/10\/17\/es-war-einmal-hoert-zu-und-macht-mit-deutsche-lesungen-fuer-kinder\/"},"modified":"2020-10-19T23:02:22","modified_gmt":"2019-12-24T23:02:22","slug":"es-war-einmal-hoert-zu-und-macht-mit-deutsche-lesungen-fuer-kinder","status":"publish","type":"post","link":"https:\/\/www.gardaseezeitung.it\/2020\/10\/17\/es-war-einmal-hoert-zu-und-macht-mit-deutsche-lesungen-fuer-kinder\/","title":{"rendered":"&#8222;Es war einmal&#8230; H\u00f6rt zu und macht mit! Deutsche Lesungen f\u00fcr Kinder"},"content":{"rendered":"<p style=\"text-align: justify\">&#8222;Es war einmal&#8230; H\u00f6rt zu und macht mit!&#8220; wird von Christine R\u00f6fner dirigiert. Deutsche Lesungen f\u00fcr Kinder ab drei Jahren kehren in die Bibliothek zur\u00fcck. Eine Gelegenheit, durch das H\u00f6ren sch\u00f6ner Geschichten mit einer neuen Sprache in Kontakt zu kommen. Auf jedes Treffen folgt ein kleiner, von Christine gestalteter manueller Workshop. In Zusammenarbeit mit dem Verein der Freunde von Bensheim. Freier Eintritt mit Buchungspflicht.<\/p>\n<p style=\"text-align: justify\">17.10 &#8211; 14.11 &#8211; 12.12 &#8211; 16.1 &#8211; 13.2 &#8211; 13.3 &#8211; 17.4 &#8211; 15.5<\/p>\n<p style=\"text-align: justify\">10.30 &gt; 11.30 Uhr<\/p>\n<p style=\"text-align: justify\">Zelle\u00a0348 5252486 Tel. 0464 573806<br \/>\nEmail biblioteca@comune.rivadelgarda.tn.it<\/p>\n<p style=\"text-align: justify\">In \u00dcbereinstimmung mit den Vorschriften zur Eind\u00e4mmung der Ausbreitung von Covid-19 ist die Zahl der aufgenommenen Personen begrenzt.<\/p>\n","protected":false},"excerpt":{"rendered":"<p>&#8222;Es war einmal&#8230;H\u00f6rt zu und macht mit!&#8220; wird von Christine R\u00f6fner dirigiert. Deutsche Lesungen f\u00fcr Kinder ab drei Jahren kehren in die Bibliothek zur\u00fcck. Auf jedes Treffen folgt ein kleiner, von Christine gestalteter manueller Workshop. In Zusammenarbeit mit dem Verein der Freunde von Bensheim Freier Eintritt mit Buchungspflicht<\/p>\n","protected":false},"author":9,"featured_media":5582,"comment_status":"open","ping_status":"open","sticky":false,"template":"","format":"standard","meta":[],"categories":[6],"tags":[25,225,23,26,221,226],"news-destination":[],"news-source":[],"is_homepage":[],"ta_other":[],"featured_media_details":{"width":1024,"height":560,"file":"2020\/10\/Schermata-2020-10-17-alle-11.45.18.png","sizes":{"thumbnail":{"file":"Schermata-2020-10-17-alle-11.45.18-150x150.png","width":150,"height":150,"mime-type":"image\/png","source_url":"https:\/\/www.gardaseezeitung.it\/gardaseezeitung_new\/de\/wp-content\/uploads\/sites\/2\/2020\/10\/Schermata-2020-10-17-alle-11.45.18-150x150.png"},"medium":{"file":"Schermata-2020-10-17-alle-11.45.18-300x164.png","width":300,"height":164,"mime-type":"image\/png","source_url":"https:\/\/www.gardaseezeitung.it\/gardaseezeitung_new\/de\/wp-content\/uploads\/sites\/2\/2020\/10\/Schermata-2020-10-17-alle-11.45.18-300x164.png"},"medium_large":{"file":"Schermata-2020-10-17-alle-11.45.18-768x420.png","width":768,"height":420,"mime-type":"image\/png","source_url":"https:\/\/www.gardaseezeitung.it\/gardaseezeitung_new\/de\/wp-content\/uploads\/sites\/2\/2020\/10\/Schermata-2020-10-17-alle-11.45.18-768x420.png"},"large":{"file":"Schermata-2020-10-17-alle-11.45.18-1024x560.png","width":1024,"height":560,"mime-type":"image\/png","source_url":"https:\/\/www.gardaseezeitung.it\/gardaseezeitung_new\/de\/wp-content\/uploads\/sites\/2\/2020\/10\/Schermata-2020-10-17-alle-11.45.18-1024x560.png"},"big_image":{"file":"Schermata-2020-10-17-alle-11.45.18-750x410.png","width":750,"height":410,"mime-type":"image\/png","source_url":"https:\/\/www.gardaseezeitung.it\/gardaseezeitung_new\/de\/wp-content\/uploads\/sites\/2\/2020\/10\/Schermata-2020-10-17-alle-11.45.18-750x410.png"},"guest-author-32":{"file":"Schermata-2020-10-17-alle-11.45.18-32x32.png","width":32,"height":32,"mime-type":"image\/png","source_url":"https:\/\/www.gardaseezeitung.it\/gardaseezeitung_new\/de\/wp-content\/uploads\/sites\/2\/2020\/10\/Schermata-2020-10-17-alle-11.45.18-32x32.png"},"guest-author-50":{"file":"Schermata-2020-10-17-alle-11.45.18-50x50.png","width":50,"height":50,"mime-type":"image\/png","source_url":"https:\/\/www.gardaseezeitung.it\/gardaseezeitung_new\/de\/wp-content\/uploads\/sites\/2\/2020\/10\/Schermata-2020-10-17-alle-11.45.18-50x50.png"},"guest-author-64":{"file":"Schermata-2020-10-17-alle-11.45.18-64x64.png","width":64,"height":64,"mime-type":"image\/png","source_url":"https:\/\/www.gardaseezeitung.it\/gardaseezeitung_new\/de\/wp-content\/uploads\/sites\/2\/2020\/10\/Schermata-2020-10-17-alle-11.45.18-64x64.png"},"guest-author-96":{"file":"Schermata-2020-10-17-alle-11.45.18-96x96.png","width":96,"height":96,"mime-type":"image\/png","source_url":"https:\/\/www.gardaseezeitung.it\/gardaseezeitung_new\/de\/wp-content\/uploads\/sites\/2\/2020\/10\/Schermata-2020-10-17-alle-11.45.18-96x96.png"},"guest-author-128":{"file":"Schermata-2020-10-17-alle-11.45.18-128x128.png","width":128,"height":128,"mime-type":"image\/png","source_url":"https:\/\/www.gardaseezeitung.it\/gardaseezeitung_new\/de\/wp-content\/uploads\/sites\/2\/2020\/10\/Schermata-2020-10-17-alle-11.45.18-128x128.png"},"full":{"file":"Schermata-2020-10-17-alle-11.45.18.png","width":1024,"height":560,"mime_type":"","source_url":"https:\/\/www.gardaseezeitung.it\/gardaseezeitung_new\/de\/wp-content\/uploads\/sites\/2\/2020\/10\/Schermata-2020-10-17-alle-11.45.18.png"}},"image_meta":{"aperture":"0","credit":"","camera":"","caption":"","created_timestamp":"0","copyright":"","focal_length":"0","iso":"0","shutter_speed":"0","title":"","orientation":"0","keywords":[]}},"_links":{"self":[{"href":"https:\/\/www.gardaseezeitung.it\/gardaseezeitung_new\/de\/wp-json\/wp\/v2\/posts\/5583"}],"collection":[{"href":"https:\/\/www.gardaseezeitung.it\/gardaseezeitung_new\/de\/wp-json\/wp\/v2\/posts"}],"about":[{"href":"https:\/\/www.gardaseezeitung.it\/gardaseezeitung_new\/de\/wp-json\/wp\/v2\/types\/post"}],"author":[{"embeddable":true,"href":"https:\/\/www.gardaseezeitung.it\/gardaseezeitung_new\/de\/wp-json\/wp\/v2\/users\/9"}],"replies":[{"embeddable":true,"href":"https:\/\/www.gardaseezeitung.it\/gardaseezeitung_new\/de\/wp-json\/wp\/v2\/comments?post=5583"}],"version-history":[{"count":2,"href":"https:\/\/www.gardaseezeitung.it\/gardaseezeitung_new\/de\/wp-json\/wp\/v2\/posts\/5583\/revisions"}],"predecessor-version":[{"id":5585,"href":"https:\/\/www.gardaseezeitung.it\/gardaseezeitung_new\/de\/wp-json\/wp\/v2\/posts\/5583\/revisions\/5585"}],"wp:featuredmedia":[{"embeddable":true,"href":"https:\/\/www.gardaseezeitung.it\/gardaseezeitung_new\/de\/wp-json\/wp\/v2\/media\/5582"}],"wp:attachment":[{"href":"https:\/\/www.gardaseezeitung.it\/gardaseezeitung_new\/de\/wp-json\/wp\/v2\/media?parent=5583"}],"wp:term":[{"taxonomy":"category","embeddable":true,"href":"https:\/\/www.gardaseezeitung.it\/gardaseezeitung_new\/de\/wp-json\/wp\/v2\/categories?post=5583"},{"taxonomy":"post_tag","embeddable":true,"href":"https:\/\/www.gardaseezeitung.it\/gardaseezeitung_new\/de\/wp-json\/wp\/v2\/tags?post=5583"},{"taxonomy":"news-destination","embeddable":true,"href":"https:\/\/www.gardaseezeitung.it\/gardaseezeitung_new\/de\/wp-json\/wp\/v2\/news-destination?post=5583"},{"taxonomy":"news-source","embeddable":true,"href":"https:\/\/www.gardaseezeitung.it\/gardaseezeitung_new\/de\/wp-json\/wp\/v2\/news-source?post=5583"},{"taxonomy":"is_homepage","embeddable":true,"href":"https:\/\/www.gardaseezeitung.it\/gardaseezeitung_new\/de\/wp-json\/wp\/v2\/is_homepage?post=5583"},{"taxonomy":"ta_other","embeddable":true,"href":"https:\/\/www.gardaseezeitung.it\/gardaseezeitung_new\/de\/wp-json\/wp\/v2\/ta_other?post=5583"}],"curies":[{"name":"wp","href":"https:\/\/api.w.org\/{rel}","templated":true}]}}