{"id":5594,"date":"2020-10-22T16:38:51","date_gmt":"2020-10-22T14:38:51","guid":{"rendered":"http:\/\/euwp08.newsmemory.com\/gardaseezeitung_new\/de\/2020\/10\/22\/masi-possessioni-serego-alighieri-location-des-jahres\/"},"modified":"2020-10-22T16:39:14","modified_gmt":"2020-10-22T14:39:14","slug":"masi-possessioni-serego-alighieri-location-des-jahres","status":"publish","type":"post","link":"https:\/\/www.gardaseezeitung.it\/2020\/10\/22\/masi-possessioni-serego-alighieri-location-des-jahres\/","title":{"rendered":"Masi: Possessioni Serego Alighieri \u201eLocation des Jahres&#8220;"},"content":{"rendered":"<p style=\"text-align: justify\">Das \u00e4lteste Weingut des Anbaugebiets Valpolicella, Wahrzeichen der Masi Wine Experience, wurde von der f\u00fchrenden Zeitschrift im Bereich Food &amp; Beverage, Tourismus und Lifestyle \u201eFood and Travel Italia\u201c im Rahmen der Reader Awards ausgezeichnet. Die renommierte Zeitschrift, die in 14 L\u00e4ndern ver\u00f6ffentlicht wird, hat die Possessioni Serego Alighieri als eine Location anerkannt, \u201edie es schafft, ihren G\u00e4sten immense Momente der Tradition, Geschichte, Kultur, und Kunst sowie Gastronomie und Wein zu bieten und dazu beitragen, den Namen Italiens in der Welt gro\u00df zu machen\u201c. Das Anwesen kann die l\u00e4ngste Kultur- und Weinbautradition des Valpolicella-Anbaugebiets aufweisen: Eine \u00fcber 650 Jahre lange Geschichte, die 1353 begann, als Pietro Alighieri, Sohn des wichtigsten italienischen Dichters Dante Alighieri, das Gut Casal dei Ronchi im Herzen der Valpolicella Classica kaufte. Noch heute leben hier die Nachkommen von Dante.Zu den vielen Anerkennung, die das Weingut bereits erhalten hat, gesellt sich nun die eingangs erw\u00e4hnte. Zu den Auszeichnungen, die man vorweisen kann z\u00e4hlt zum Beispiel der renommierte internationale Preis \u201eBest of Wine Tourism\u201c, der 2018 verliehen wurde und das Weingut zu einem der wichtigsten Wein-Locations der Weinhauptst\u00e4dte auf der ganzen Welt machte. Dieses Chateau inmitten der Valpolicella Classica offenbart den G\u00e4sten heute die Seele der Umgebung und seine historische Erinnerung: Die \u201eForesteria\u201c, die aus der Renovierung der alten Rustico der Villa entstand, verf\u00fcgt \u00fcber acht Apartments im traditionellen Landhausstil. Dank ihnen kann man inmitten der Weinberge und der Natur wohnen. Dann ist da der Weinkeller, in dem noch Kirschholzf\u00e4sser, aber auch die \u00fcblicheren Eichenf\u00e4sser verwendet werden, und dann nat\u00fcrlich der historische \u201eFruttaio\u201c, in dem die Trauben w\u00e4hrend der Wintermonate trocknen. Das Anwesen verf\u00fcgt \u00fcber eine voll ausgestattete Kochschule, helle Tagungsr\u00e4ume sowie R\u00e4ume f\u00fcr elegante Empf\u00e4nge. In der Verkaufsstelle stehen den Besuchern alle Weine zur Verf\u00fcgung, um sie zu probieren und herauszufinden, wie sie am besten mit typischen lokalen Gerichten kombiniert werden k\u00f6nnen. Serego Alighieri ist ein zentrales Element des Masi Wine Experience-Projekts, das im Namen der Gastfreundschaft, Kultur und des Respekts f\u00fcr das Gebiet die Pforten des historischen Hauptsitzes von Masi Agricola und anderer Weing\u00fcter, die zu Masi z\u00e4hlen, ge\u00f6ffnet hat. Neben Serego Alighieri geh\u00f6ren auch die Cantine in Valpolicella Classica, die Masi Tenuta Canova Lazise del Garda, die Masi Tupungato in Argentinien sowie Canevel in Valdobbiadene dazu. Es gibt auch einige reine Lifestyle-Locations wie die Masi Wine Bars in Cortina und Z\u00fcrich, zu denen sich in K\u00fcrze die in der Maximilianstra\u00dfe in M\u00fcnchen gesellen wird.<\/p>\n<figure id=\"attachment_8397\" style=\"width: 640px\" class=\"wp-caption alignnone\"><img title=\"Masi: Possessioni Serego Alighieri \u201eLocation des Jahres\"\" loading=\"lazy\" class=\"size-large wp-image-8397\" src=\"https:\/\/www.gardaseezeitung.it\/gardaseezeitung_new\/de\/wp-content\/uploads\/sites\/2\/2020\/10\/Serego-Alighieri_Scuola-di-Cucina.jpg\" alt=\"Serego Alighieri\" width=\"640\" height=\"427\" srcset=\"https:\/\/euwps06.newsmemory.com\/gardaseezeitung_new\/de\/wp-content\/uploads\/sites\/2\/2020\/10\/Serego-Alighieri_Scuola-di-Cucina.jpg 1024w, https:\/\/euwps06.newsmemory.com\/gardaseezeitung_new\/de\/wp-content\/uploads\/sites\/2\/2020\/10\/Serego-Alighieri_Scuola-di-Cucina-300x200.jpg 300w, https:\/\/euwps06.newsmemory.com\/gardaseezeitung_new\/de\/wp-content\/uploads\/sites\/2\/2020\/10\/Serego-Alighieri_Scuola-di-Cucina-768x512.jpg 768w, https:\/\/euwps06.newsmemory.com\/gardaseezeitung_new\/de\/wp-content\/uploads\/sites\/2\/2020\/10\/Serego-Alighieri_Scuola-di-Cucina-750x500.jpg 750w\" sizes=\"(max-width: 640px) 100vw, 640px\" \/><figcaption class=\"wp-caption-text\">Serego Alighieri<\/figcaption><\/figure>\n<figure id=\"attachment_8369\" style=\"width: 640px\" class=\"wp-caption alignnone\"><img title=\"Masi: Possessioni Serego Alighieri \u201eLocation des Jahres\"\" loading=\"lazy\" class=\"size-large wp-image-8369\" src=\"https:\/\/www.gardaseezeitung.it\/gardaseezeitung_new\/de\/wp-content\/uploads\/sites\/2\/2020\/10\/ND19930okISTITUZIONALE.jpg\" alt=\"Serego Alighieri\" width=\"640\" height=\"423\" srcset=\"https:\/\/euwps06.newsmemory.com\/gardaseezeitung_new\/de\/wp-content\/uploads\/sites\/2\/2020\/10\/ND19930okISTITUZIONALE.jpg 1417w, https:\/\/euwps06.newsmemory.com\/gardaseezeitung_new\/de\/wp-content\/uploads\/sites\/2\/2020\/10\/ND19930okISTITUZIONALE-300x198.jpg 300w, https:\/\/euwps06.newsmemory.com\/gardaseezeitung_new\/de\/wp-content\/uploads\/sites\/2\/2020\/10\/ND19930okISTITUZIONALE-768x507.jpg 768w, https:\/\/euwps06.newsmemory.com\/gardaseezeitung_new\/de\/wp-content\/uploads\/sites\/2\/2020\/10\/ND19930okISTITUZIONALE-1024x676.jpg 1024w, https:\/\/euwps06.newsmemory.com\/gardaseezeitung_new\/de\/wp-content\/uploads\/sites\/2\/2020\/10\/ND19930okISTITUZIONALE-750x495.jpg 750w\" sizes=\"(max-width: 640px) 100vw, 640px\" \/><figcaption class=\"wp-caption-text\">Serego Alighieri<\/figcaption><\/figure>\n","protected":false},"excerpt":{"rendered":"<p>Das \u00e4lteste Weingut des Anbaugebiets Valpolicella, Wahrzeichen der Masi Wine Experience, wurde von der f\u00fchrenden Zeitschrift im Bereich Food &amp; Beverage, Tourismus und Lifestyle \u201eFood and Travel Italia\u201c im Rahmen der Reader Awards ausgezeichnet. Die renommierte Zeitschrift, die in 14 L\u00e4ndern ver\u00f6ffentlicht wird, hat die Possessioni Serego Alighieri als eine Location anerkannt, \u201edie es schafft, ihren G\u00e4sten immense Momente der Tradition, Geschichte, Kultur, und Kunst sowie Gastronomie und Wein zu bieten und dazu beitragen, den Namen Italiens in der Welt gro\u00df zu machen\u201c.<\/p>\n","protected":false},"author":9,"featured_media":5593,"comment_status":"open","ping_status":"open","sticky":false,"template":"","format":"standard","meta":[],"categories":[6],"tags":[25,23,26,228,198],"news-destination":[],"news-source":[],"is_homepage":[],"ta_other":[],"featured_media_details":{"width":1024,"height":683,"file":"2020\/10\/AWARD-FoodTravel-Serego-Alighieri.jpg","sizes":{"thumbnail":{"file":"AWARD-FoodTravel-Serego-Alighieri-150x150.jpg","width":150,"height":150,"mime-type":"image\/jpeg","source_url":"https:\/\/www.gardaseezeitung.it\/gardaseezeitung_new\/de\/wp-content\/uploads\/sites\/2\/2020\/10\/AWARD-FoodTravel-Serego-Alighieri-150x150.jpg"},"medium":{"file":"AWARD-FoodTravel-Serego-Alighieri-300x200.jpg","width":300,"height":200,"mime-type":"image\/jpeg","source_url":"https:\/\/www.gardaseezeitung.it\/gardaseezeitung_new\/de\/wp-content\/uploads\/sites\/2\/2020\/10\/AWARD-FoodTravel-Serego-Alighieri-300x200.jpg"},"medium_large":{"file":"AWARD-FoodTravel-Serego-Alighieri-768x512.jpg","width":768,"height":512,"mime-type":"image\/jpeg","source_url":"https:\/\/www.gardaseezeitung.it\/gardaseezeitung_new\/de\/wp-content\/uploads\/sites\/2\/2020\/10\/AWARD-FoodTravel-Serego-Alighieri-768x512.jpg"},"large":{"file":"AWARD-FoodTravel-Serego-Alighieri-1024x683.jpg","width":1024,"height":683,"mime-type":"image\/jpeg","source_url":"https:\/\/www.gardaseezeitung.it\/gardaseezeitung_new\/de\/wp-content\/uploads\/sites\/2\/2020\/10\/AWARD-FoodTravel-Serego-Alighieri-1024x683.jpg"},"big_image":{"file":"AWARD-FoodTravel-Serego-Alighieri-750x500.jpg","width":750,"height":500,"mime-type":"image\/jpeg","source_url":"https:\/\/www.gardaseezeitung.it\/gardaseezeitung_new\/de\/wp-content\/uploads\/sites\/2\/2020\/10\/AWARD-FoodTravel-Serego-Alighieri-750x500.jpg"},"guest-author-32":{"file":"AWARD-FoodTravel-Serego-Alighieri-32x32.jpg","width":32,"height":32,"mime-type":"image\/jpeg","source_url":"https:\/\/www.gardaseezeitung.it\/gardaseezeitung_new\/de\/wp-content\/uploads\/sites\/2\/2020\/10\/AWARD-FoodTravel-Serego-Alighieri-32x32.jpg"},"guest-author-50":{"file":"AWARD-FoodTravel-Serego-Alighieri-50x50.jpg","width":50,"height":50,"mime-type":"image\/jpeg","source_url":"https:\/\/www.gardaseezeitung.it\/gardaseezeitung_new\/de\/wp-content\/uploads\/sites\/2\/2020\/10\/AWARD-FoodTravel-Serego-Alighieri-50x50.jpg"},"guest-author-64":{"file":"AWARD-FoodTravel-Serego-Alighieri-64x64.jpg","width":64,"height":64,"mime-type":"image\/jpeg","source_url":"https:\/\/www.gardaseezeitung.it\/gardaseezeitung_new\/de\/wp-content\/uploads\/sites\/2\/2020\/10\/AWARD-FoodTravel-Serego-Alighieri-64x64.jpg"},"guest-author-96":{"file":"AWARD-FoodTravel-Serego-Alighieri-96x96.jpg","width":96,"height":96,"mime-type":"image\/jpeg","source_url":"https:\/\/www.gardaseezeitung.it\/gardaseezeitung_new\/de\/wp-content\/uploads\/sites\/2\/2020\/10\/AWARD-FoodTravel-Serego-Alighieri-96x96.jpg"},"guest-author-128":{"file":"AWARD-FoodTravel-Serego-Alighieri-128x128.jpg","width":128,"height":128,"mime-type":"image\/jpeg","source_url":"https:\/\/www.gardaseezeitung.it\/gardaseezeitung_new\/de\/wp-content\/uploads\/sites\/2\/2020\/10\/AWARD-FoodTravel-Serego-Alighieri-128x128.jpg"},"full":{"file":"AWARD-FoodTravel-Serego-Alighieri.jpg","width":1024,"height":683,"mime_type":"","source_url":"https:\/\/www.gardaseezeitung.it\/gardaseezeitung_new\/de\/wp-content\/uploads\/sites\/2\/2020\/10\/AWARD-FoodTravel-Serego-Alighieri.jpg"}},"image_meta":{"aperture":"2.8","credit":"","camera":"ILCE-7M3","caption":"","created_timestamp":"1601666395","copyright":"","focal_length":"200","iso":"1250","shutter_speed":"0.004","title":"","orientation":"1","keywords":[]}},"_links":{"self":[{"href":"https:\/\/www.gardaseezeitung.it\/gardaseezeitung_new\/de\/wp-json\/wp\/v2\/posts\/5594"}],"collection":[{"href":"https:\/\/www.gardaseezeitung.it\/gardaseezeitung_new\/de\/wp-json\/wp\/v2\/posts"}],"about":[{"href":"https:\/\/www.gardaseezeitung.it\/gardaseezeitung_new\/de\/wp-json\/wp\/v2\/types\/post"}],"author":[{"embeddable":true,"href":"https:\/\/www.gardaseezeitung.it\/gardaseezeitung_new\/de\/wp-json\/wp\/v2\/users\/9"}],"replies":[{"embeddable":true,"href":"https:\/\/www.gardaseezeitung.it\/gardaseezeitung_new\/de\/wp-json\/wp\/v2\/comments?post=5594"}],"version-history":[{"count":2,"href":"https:\/\/www.gardaseezeitung.it\/gardaseezeitung_new\/de\/wp-json\/wp\/v2\/posts\/5594\/revisions"}],"predecessor-version":[{"id":17100,"href":"https:\/\/www.gardaseezeitung.it\/gardaseezeitung_new\/de\/wp-json\/wp\/v2\/posts\/5594\/revisions\/17100"}],"wp:featuredmedia":[{"embeddable":true,"href":"https:\/\/www.gardaseezeitung.it\/gardaseezeitung_new\/de\/wp-json\/wp\/v2\/media\/5593"}],"wp:attachment":[{"href":"https:\/\/www.gardaseezeitung.it\/gardaseezeitung_new\/de\/wp-json\/wp\/v2\/media?parent=5594"}],"wp:term":[{"taxonomy":"category","embeddable":true,"href":"https:\/\/www.gardaseezeitung.it\/gardaseezeitung_new\/de\/wp-json\/wp\/v2\/categories?post=5594"},{"taxonomy":"post_tag","embeddable":true,"href":"https:\/\/www.gardaseezeitung.it\/gardaseezeitung_new\/de\/wp-json\/wp\/v2\/tags?post=5594"},{"taxonomy":"news-destination","embeddable":true,"href":"https:\/\/www.gardaseezeitung.it\/gardaseezeitung_new\/de\/wp-json\/wp\/v2\/news-destination?post=5594"},{"taxonomy":"news-source","embeddable":true,"href":"https:\/\/www.gardaseezeitung.it\/gardaseezeitung_new\/de\/wp-json\/wp\/v2\/news-source?post=5594"},{"taxonomy":"is_homepage","embeddable":true,"href":"https:\/\/www.gardaseezeitung.it\/gardaseezeitung_new\/de\/wp-json\/wp\/v2\/is_homepage?post=5594"},{"taxonomy":"ta_other","embeddable":true,"href":"https:\/\/www.gardaseezeitung.it\/gardaseezeitung_new\/de\/wp-json\/wp\/v2\/ta_other?post=5594"}],"curies":[{"name":"wp","href":"https:\/\/api.w.org\/{rel}","templated":true}]}}