{"id":5606,"date":"2020-10-28T10:00:18","date_gmt":"2020-10-28T09:00:18","guid":{"rendered":"http:\/\/euwp08.newsmemory.com\/gardaseezeitung_new\/de\/2020\/10\/28\/die-musik-des-teatro-filarmonico-von-verona-kostenlos-online\/"},"modified":"2020-10-28T10:01:00","modified_gmt":"2020-05-31T10:01:00","slug":"die-musik-des-teatro-filarmonico-von-verona-kostenlos-online","status":"publish","type":"post","link":"https:\/\/www.gardaseezeitung.it\/2020\/10\/28\/die-musik-des-teatro-filarmonico-von-verona-kostenlos-online\/","title":{"rendered":"Die Musik des Teatro Filarmonico von Verona kostenlos online"},"content":{"rendered":"<p style=\"text-align: justify\">Nach dem j\u00fcngsten DPCM zur Eind\u00e4mmung des Notstands, der die f\u00fcr das Publikum in den Theatern zug\u00e4nglichen Vorstellungen aussetzte, hat die Fondazione Arena umgehend Ma\u00dfnahmen ergriffen, um eine alternative M\u00f6glichkeit zu finden, die Sch\u00f6nheit der in den kommenden Wochen geplanten Konzerte zu genie\u00dfen. Der 9. Termin der Symphonic Season, der hinter verschlossenen T\u00fcren stattfindet, wird ab Freitag, dem 30. Oktober, um 20.00 Uhr auf dem neuen Webtv der Fondazione Arena unter http:\/\/arena.it\/tv (ab Freitag verf\u00fcgbar) sowie auf Facebook und Youtube kostenlos zur Verf\u00fcgung stehen. Und der Streaming-Modus wird f\u00fcr alle Konzerte bis zum 24. November fortgesetzt. &#8222;Fondazione Arena h\u00f6rt nicht auf, Verbote und Einschr\u00e4nkungen werden die Musik nicht abschalten&#8220;, sagt der B\u00fcrgermeister Federico Sboarina, Pr\u00e4sident der Fondazione Arena. Zuschauer, die im Besitz von Dauerkarten und Karten f\u00fcr abgesagte Konzerte sind, haben wie bisher Anspruch auf einen Gutschein. Das Gutscheinverfahren ist bereits online und wird 30 Tage lang aktiv sein. Die Gutscheine, die ab ihrer Ausstellung 18 Monate g\u00fcltig sind, k\u00f6nnen auch an der Kasse zu folgenden Zeiten angefordert werden: von Montag bis Freitag von 10.30 Uhr bis 16.00 Uhr, am Samstag von 09.15 Uhr bis 12.45 Uhr<\/p>\n","protected":false},"excerpt":{"rendered":"<p>Der 9. Termin der Symphonic Season, der hinter verschlossenen T\u00fcren stattfindet, wird ab Freitag, dem 30. Oktober, um 20.00 Uhr auf dem neuen Webtv der Fondazione Arena unter http:\/\/arena.it\/tv (ab Freitag verf\u00fcgbar) sowie auf Facebook und Youtube kostenlos zur Verf\u00fcgung stehen. Und der Streaming-Modus wird f\u00fcr alle Konzerte bis zum 24. November fortgesetzt. <\/p>\n","protected":false},"author":9,"featured_media":5605,"comment_status":"open","ping_status":"open","sticky":false,"template":"","format":"standard","meta":[],"categories":[6],"tags":[23,26,235,236,38],"news-destination":[],"news-source":[],"is_homepage":[],"ta_other":[],"featured_media_details":{"width":2700,"height":1800,"file":"2021\/02\/16.10.2020_Coro-e-Orchestra-TF_Ennevifoto_DSCF8983.jpg","sizes":{"thumbnail":{"file":"16.10.2020_Coro-e-Orchestra-TF_Ennevifoto_DSCF8983-150x150.jpg","width":150,"height":150,"mime-type":"image\/jpeg","source_url":"https:\/\/www.gardaseezeitung.it\/gardaseezeitung_new\/de\/wp-content\/uploads\/sites\/2\/2020\/10\/16.10.2020_Coro-e-Orchestra-TF_Ennevifoto_DSCF8983-150x150.jpg"},"medium":{"file":"16.10.2020_Coro-e-Orchestra-TF_Ennevifoto_DSCF8983-300x200.jpg","width":300,"height":200,"mime-type":"image\/jpeg","source_url":"https:\/\/www.gardaseezeitung.it\/gardaseezeitung_new\/de\/wp-content\/uploads\/sites\/2\/2020\/10\/16.10.2020_Coro-e-Orchestra-TF_Ennevifoto_DSCF8983-300x200.jpg"},"medium_large":{"file":"16.10.2020_Coro-e-Orchestra-TF_Ennevifoto_DSCF8983-768x512.jpg","width":768,"height":512,"mime-type":"image\/jpeg","source_url":"https:\/\/www.gardaseezeitung.it\/gardaseezeitung_new\/de\/wp-content\/uploads\/sites\/2\/2020\/10\/16.10.2020_Coro-e-Orchestra-TF_Ennevifoto_DSCF8983-768x512.jpg"},"large":{"file":"16.10.2020_Coro-e-Orchestra-TF_Ennevifoto_DSCF8983-1024x683.jpg","width":1024,"height":683,"mime-type":"image\/jpeg","source_url":"https:\/\/www.gardaseezeitung.it\/gardaseezeitung_new\/de\/wp-content\/uploads\/sites\/2\/2020\/10\/16.10.2020_Coro-e-Orchestra-TF_Ennevifoto_DSCF8983-1024x683.jpg"},"big_image":{"file":"16.10.2020_Coro-e-Orchestra-TF_Ennevifoto_DSCF8983-750x500.jpg","width":750,"height":500,"mime-type":"image\/jpeg","source_url":"https:\/\/www.gardaseezeitung.it\/gardaseezeitung_new\/de\/wp-content\/uploads\/sites\/2\/2020\/10\/16.10.2020_Coro-e-Orchestra-TF_Ennevifoto_DSCF8983-750x500.jpg"},"guest-author-32":{"file":"16.10.2020_Coro-e-Orchestra-TF_Ennevifoto_DSCF8983-32x32.jpg","width":32,"height":32,"mime-type":"image\/jpeg","source_url":"https:\/\/www.gardaseezeitung.it\/gardaseezeitung_new\/de\/wp-content\/uploads\/sites\/2\/2020\/10\/16.10.2020_Coro-e-Orchestra-TF_Ennevifoto_DSCF8983-32x32.jpg"},"guest-author-50":{"file":"16.10.2020_Coro-e-Orchestra-TF_Ennevifoto_DSCF8983-50x50.jpg","width":50,"height":50,"mime-type":"image\/jpeg","source_url":"https:\/\/www.gardaseezeitung.it\/gardaseezeitung_new\/de\/wp-content\/uploads\/sites\/2\/2020\/10\/16.10.2020_Coro-e-Orchestra-TF_Ennevifoto_DSCF8983-50x50.jpg"},"guest-author-64":{"file":"16.10.2020_Coro-e-Orchestra-TF_Ennevifoto_DSCF8983-64x64.jpg","width":64,"height":64,"mime-type":"image\/jpeg","source_url":"https:\/\/www.gardaseezeitung.it\/gardaseezeitung_new\/de\/wp-content\/uploads\/sites\/2\/2020\/10\/16.10.2020_Coro-e-Orchestra-TF_Ennevifoto_DSCF8983-64x64.jpg"},"guest-author-96":{"file":"16.10.2020_Coro-e-Orchestra-TF_Ennevifoto_DSCF8983-96x96.jpg","width":96,"height":96,"mime-type":"image\/jpeg","source_url":"https:\/\/www.gardaseezeitung.it\/gardaseezeitung_new\/de\/wp-content\/uploads\/sites\/2\/2020\/10\/16.10.2020_Coro-e-Orchestra-TF_Ennevifoto_DSCF8983-96x96.jpg"},"guest-author-128":{"file":"16.10.2020_Coro-e-Orchestra-TF_Ennevifoto_DSCF8983-128x128.jpg","width":128,"height":128,"mime-type":"image\/jpeg","source_url":"https:\/\/www.gardaseezeitung.it\/gardaseezeitung_new\/de\/wp-content\/uploads\/sites\/2\/2020\/10\/16.10.2020_Coro-e-Orchestra-TF_Ennevifoto_DSCF8983-128x128.jpg"},"full":{"file":"16.10.2020_Coro-e-Orchestra-TF_Ennevifoto_DSCF8983.jpg","width":2700,"height":1800,"mime_type":"","source_url":"https:\/\/www.gardaseezeitung.it\/gardaseezeitung_new\/de\/wp-content\/uploads\/sites\/2\/2020\/10\/16.10.2020_Coro-e-Orchestra-TF_Ennevifoto_DSCF8983.jpg"}},"image_meta":{"aperture":"2.8","credit":"","camera":"X-H1","caption":"","created_timestamp":"1602881796","copyright":"","focal_length":"18.2","iso":"2500","shutter_speed":"0.008","title":"","orientation":"1","keywords":[]}},"_links":{"self":[{"href":"https:\/\/www.gardaseezeitung.it\/gardaseezeitung_new\/de\/wp-json\/wp\/v2\/posts\/5606"}],"collection":[{"href":"https:\/\/www.gardaseezeitung.it\/gardaseezeitung_new\/de\/wp-json\/wp\/v2\/posts"}],"about":[{"href":"https:\/\/www.gardaseezeitung.it\/gardaseezeitung_new\/de\/wp-json\/wp\/v2\/types\/post"}],"author":[{"embeddable":true,"href":"https:\/\/www.gardaseezeitung.it\/gardaseezeitung_new\/de\/wp-json\/wp\/v2\/users\/9"}],"replies":[{"embeddable":true,"href":"https:\/\/www.gardaseezeitung.it\/gardaseezeitung_new\/de\/wp-json\/wp\/v2\/comments?post=5606"}],"version-history":[{"count":1,"href":"https:\/\/www.gardaseezeitung.it\/gardaseezeitung_new\/de\/wp-json\/wp\/v2\/posts\/5606\/revisions"}],"predecessor-version":[{"id":5607,"href":"https:\/\/www.gardaseezeitung.it\/gardaseezeitung_new\/de\/wp-json\/wp\/v2\/posts\/5606\/revisions\/5607"}],"wp:featuredmedia":[{"embeddable":true,"href":"https:\/\/www.gardaseezeitung.it\/gardaseezeitung_new\/de\/wp-json\/wp\/v2\/media\/5605"}],"wp:attachment":[{"href":"https:\/\/www.gardaseezeitung.it\/gardaseezeitung_new\/de\/wp-json\/wp\/v2\/media?parent=5606"}],"wp:term":[{"taxonomy":"category","embeddable":true,"href":"https:\/\/www.gardaseezeitung.it\/gardaseezeitung_new\/de\/wp-json\/wp\/v2\/categories?post=5606"},{"taxonomy":"post_tag","embeddable":true,"href":"https:\/\/www.gardaseezeitung.it\/gardaseezeitung_new\/de\/wp-json\/wp\/v2\/tags?post=5606"},{"taxonomy":"news-destination","embeddable":true,"href":"https:\/\/www.gardaseezeitung.it\/gardaseezeitung_new\/de\/wp-json\/wp\/v2\/news-destination?post=5606"},{"taxonomy":"news-source","embeddable":true,"href":"https:\/\/www.gardaseezeitung.it\/gardaseezeitung_new\/de\/wp-json\/wp\/v2\/news-source?post=5606"},{"taxonomy":"is_homepage","embeddable":true,"href":"https:\/\/www.gardaseezeitung.it\/gardaseezeitung_new\/de\/wp-json\/wp\/v2\/is_homepage?post=5606"},{"taxonomy":"ta_other","embeddable":true,"href":"https:\/\/www.gardaseezeitung.it\/gardaseezeitung_new\/de\/wp-json\/wp\/v2\/ta_other?post=5606"}],"curies":[{"name":"wp","href":"https:\/\/api.w.org\/{rel}","templated":true}]}}