{"id":5622,"date":"2020-10-29T11:13:07","date_gmt":"2020-10-29T10:13:07","guid":{"rendered":"http:\/\/euwp08.newsmemory.com\/gardaseezeitung_new\/de\/2020\/10\/29\/fieracavalli-2020-absage-der-groessten-reitsportveranstaltung-italiens\/"},"modified":"2020-10-29T11:13:08","modified_gmt":"2020-06-01T11:13:08","slug":"fieracavalli-2020-absage-der-groessten-reitsportveranstaltung-italiens","status":"publish","type":"post","link":"https:\/\/www.gardaseezeitung.it\/2020\/10\/29\/fieracavalli-2020-absage-der-groessten-reitsportveranstaltung-italiens\/","title":{"rendered":"Fieracavalli 2020: Absage der gr\u00f6\u00dften Reitsportveranstaltung Italiens"},"content":{"rendered":"<p style=\"text-align: justify\">Der Erlass des Premierministers, der am Sonntag, dem 25. Oktober, erlassen wurde, um dem gesundheitlichen Notstand im Zusammenhang mit Covid-19 zu begegnen, legt fest, dass alle nationalen und internationalen Messen im Land bis zum 24. November 2020 abgesagt werden m\u00fcssen. Der vorherige Erlass hatte bereits regionale und lokale Konferenzen und gro\u00dfe Versammlungen verboten. Veronafiere hat daher die Absage der 122. Ausgabe der Fieracavalli angek\u00fcndigt, die f\u00fcr den 5. bis 8. November und den 13. bis 15. November geplant ist.Italiens wichtiges Reitsportereignis verwandelt sich also dank seiner Website und seines offiziellen sozialen Netzwerks in einen Ort, an dem die Gemeinschaft der Fieracavallis die Aufregung dieses Ereignisses noch erleben kann. Ein Teil der Inhalte der Messe wird daher vom 5. bis 8. November live im Internet zu sehen sein.<\/p>\n","protected":false},"excerpt":{"rendered":"<p>Fieracavalli hat Online-Webinare und On-Demand-Programme f\u00fcr seine 200.000 Mitglieder starke Online-Community geplant. Der Erlass des Premierministers, der am Sonntag, dem 25. Oktober, erlassen wurde, um dem gesundheitlichen Notstand im Zusammenhang mit Covid-19 zu begegnen, legt fest, dass alle nationalen und internationalen Messen im Land bis zum 24. November 2020 abgesagt werden m\u00fcssen. <\/p>\n","protected":false},"author":9,"featured_media":5621,"comment_status":"open","ping_status":"open","sticky":false,"template":"","format":"standard","meta":[],"categories":[2],"tags":[249,23,26,38],"news-destination":[],"news-source":[],"is_homepage":[],"ta_other":[],"featured_media_details":{"width":930,"height":620,"file":"2020\/10\/fieracavalligaladoro.jpg","sizes":{"thumbnail":{"file":"fieracavalligaladoro-150x150.jpg","width":150,"height":150,"mime-type":"image\/jpeg","source_url":"https:\/\/www.gardaseezeitung.it\/gardaseezeitung_new\/de\/wp-content\/uploads\/sites\/2\/2020\/10\/fieracavalligaladoro-150x150.jpg"},"medium":{"file":"fieracavalligaladoro-300x200.jpg","width":300,"height":200,"mime-type":"image\/jpeg","source_url":"https:\/\/www.gardaseezeitung.it\/gardaseezeitung_new\/de\/wp-content\/uploads\/sites\/2\/2020\/10\/fieracavalligaladoro-300x200.jpg"},"medium_large":{"file":"fieracavalligaladoro-768x512.jpg","width":768,"height":512,"mime-type":"image\/jpeg","source_url":"https:\/\/www.gardaseezeitung.it\/gardaseezeitung_new\/de\/wp-content\/uploads\/sites\/2\/2020\/10\/fieracavalligaladoro-768x512.jpg"},"big_image":{"file":"fieracavalligaladoro-750x500.jpg","width":750,"height":500,"mime-type":"image\/jpeg","source_url":"https:\/\/www.gardaseezeitung.it\/gardaseezeitung_new\/de\/wp-content\/uploads\/sites\/2\/2020\/10\/fieracavalligaladoro-750x500.jpg"},"guest-author-32":{"file":"fieracavalligaladoro-32x32.jpg","width":32,"height":32,"mime-type":"image\/jpeg","source_url":"https:\/\/www.gardaseezeitung.it\/gardaseezeitung_new\/de\/wp-content\/uploads\/sites\/2\/2020\/10\/fieracavalligaladoro-32x32.jpg"},"guest-author-50":{"file":"fieracavalligaladoro-50x50.jpg","width":50,"height":50,"mime-type":"image\/jpeg","source_url":"https:\/\/www.gardaseezeitung.it\/gardaseezeitung_new\/de\/wp-content\/uploads\/sites\/2\/2020\/10\/fieracavalligaladoro-50x50.jpg"},"guest-author-64":{"file":"fieracavalligaladoro-64x64.jpg","width":64,"height":64,"mime-type":"image\/jpeg","source_url":"https:\/\/www.gardaseezeitung.it\/gardaseezeitung_new\/de\/wp-content\/uploads\/sites\/2\/2020\/10\/fieracavalligaladoro-64x64.jpg"},"guest-author-96":{"file":"fieracavalligaladoro-96x96.jpg","width":96,"height":96,"mime-type":"image\/jpeg","source_url":"https:\/\/www.gardaseezeitung.it\/gardaseezeitung_new\/de\/wp-content\/uploads\/sites\/2\/2020\/10\/fieracavalligaladoro-96x96.jpg"},"guest-author-128":{"file":"fieracavalligaladoro-128x128.jpg","width":128,"height":128,"mime-type":"image\/jpeg","source_url":"https:\/\/www.gardaseezeitung.it\/gardaseezeitung_new\/de\/wp-content\/uploads\/sites\/2\/2020\/10\/fieracavalligaladoro-128x128.jpg"},"full":{"file":"fieracavalligaladoro.jpg","width":930,"height":620,"mime_type":"","source_url":"https:\/\/www.gardaseezeitung.it\/gardaseezeitung_new\/de\/wp-content\/uploads\/sites\/2\/2020\/10\/fieracavalligaladoro.jpg"}},"image_meta":{"aperture":"0","credit":"","camera":"","caption":"","created_timestamp":"0","copyright":"","focal_length":"0","iso":"0","shutter_speed":"0","title":"","orientation":"1","keywords":[]}},"_links":{"self":[{"href":"https:\/\/www.gardaseezeitung.it\/gardaseezeitung_new\/de\/wp-json\/wp\/v2\/posts\/5622"}],"collection":[{"href":"https:\/\/www.gardaseezeitung.it\/gardaseezeitung_new\/de\/wp-json\/wp\/v2\/posts"}],"about":[{"href":"https:\/\/www.gardaseezeitung.it\/gardaseezeitung_new\/de\/wp-json\/wp\/v2\/types\/post"}],"author":[{"embeddable":true,"href":"https:\/\/www.gardaseezeitung.it\/gardaseezeitung_new\/de\/wp-json\/wp\/v2\/users\/9"}],"replies":[{"embeddable":true,"href":"https:\/\/www.gardaseezeitung.it\/gardaseezeitung_new\/de\/wp-json\/wp\/v2\/comments?post=5622"}],"version-history":[{"count":1,"href":"https:\/\/www.gardaseezeitung.it\/gardaseezeitung_new\/de\/wp-json\/wp\/v2\/posts\/5622\/revisions"}],"predecessor-version":[{"id":5623,"href":"https:\/\/www.gardaseezeitung.it\/gardaseezeitung_new\/de\/wp-json\/wp\/v2\/posts\/5622\/revisions\/5623"}],"wp:featuredmedia":[{"embeddable":true,"href":"https:\/\/www.gardaseezeitung.it\/gardaseezeitung_new\/de\/wp-json\/wp\/v2\/media\/5621"}],"wp:attachment":[{"href":"https:\/\/www.gardaseezeitung.it\/gardaseezeitung_new\/de\/wp-json\/wp\/v2\/media?parent=5622"}],"wp:term":[{"taxonomy":"category","embeddable":true,"href":"https:\/\/www.gardaseezeitung.it\/gardaseezeitung_new\/de\/wp-json\/wp\/v2\/categories?post=5622"},{"taxonomy":"post_tag","embeddable":true,"href":"https:\/\/www.gardaseezeitung.it\/gardaseezeitung_new\/de\/wp-json\/wp\/v2\/tags?post=5622"},{"taxonomy":"news-destination","embeddable":true,"href":"https:\/\/www.gardaseezeitung.it\/gardaseezeitung_new\/de\/wp-json\/wp\/v2\/news-destination?post=5622"},{"taxonomy":"news-source","embeddable":true,"href":"https:\/\/www.gardaseezeitung.it\/gardaseezeitung_new\/de\/wp-json\/wp\/v2\/news-source?post=5622"},{"taxonomy":"is_homepage","embeddable":true,"href":"https:\/\/www.gardaseezeitung.it\/gardaseezeitung_new\/de\/wp-json\/wp\/v2\/is_homepage?post=5622"},{"taxonomy":"ta_other","embeddable":true,"href":"https:\/\/www.gardaseezeitung.it\/gardaseezeitung_new\/de\/wp-json\/wp\/v2\/ta_other?post=5622"}],"curies":[{"name":"wp","href":"https:\/\/api.w.org\/{rel}","templated":true}]}}