{"id":5633,"date":"2020-11-09T10:52:22","date_gmt":"2020-11-09T09:52:22","guid":{"rendered":"http:\/\/euwp08.newsmemory.com\/gardaseezeitung_new\/de\/2020\/11\/09\/salo-plant-weihnachtsdeko\/"},"modified":"2020-11-09T10:52:24","modified_gmt":"2020-06-12T10:52:24","slug":"salo-plant-weihnachtsdeko","status":"publish","type":"post","link":"https:\/\/www.gardaseezeitung.it\/2020\/11\/09\/salo-plant-weihnachtsdeko\/","title":{"rendered":"Sal\u00f2 plant Weihnachtsdeko"},"content":{"rendered":"<p style=\"text-align: justify\">In Sal\u00f2 am Westufer plant man in diesen Tagen schon die Weihnachtsdeko f\u00fcr die Feiertage. Man hofft nat\u00fcrlich, dass in der Vorweihnachtszeit die Gesch\u00e4fte wieder ge\u00f6ffnet sein werden. Sicher ist, dass in diesem Jahr Menschenansammlungen untersagt sind. Nichtsdestotrotz m\u00f6chte man eine sch\u00f6ne festliche Atmosph\u00e4re schaffen, und dies mit verschiedenen Installationen und weihnachtlichen Lichtern. Ab dem letzten November-Wochenende werden auf den Kreisverkehren des Ortes die verschiedensten Lichterdekos zu finden sein. Gleiches gilt f\u00fcr die Altstadt und andere Ecken des beliebten Ferienortes.<\/p>\n","protected":false},"excerpt":{"rendered":"<p>In Sal\u00f2 am Westufer plant man in diesen Tagen schon die Weihnachtsdeko f\u00fcr die Feiertage. Man hofft nat\u00fcrlich, dass in der Vorweihnachtszeit die Gesch\u00e4fte wieder ge\u00f6ffnet sein werden. Sicher ist, dass in diesem Jahr Menschenansammlungen untersagt sind. <\/p>\n","protected":false},"author":9,"featured_media":5632,"comment_status":"open","ping_status":"open","sticky":false,"template":"","format":"standard","meta":[],"categories":[3],"tags":[],"news-destination":[],"news-source":[],"is_homepage":[],"ta_other":[],"featured_media_details":{"width":460,"height":216,"file":"2020\/11\/Sal\u00f2-by-night-1.jpg","sizes":{"thumbnail":{"file":"Sal\u00f2-by-night-1-150x150.jpg","width":150,"height":150,"mime-type":"image\/jpeg","source_url":"https:\/\/www.gardaseezeitung.it\/gardaseezeitung_new\/de\/wp-content\/uploads\/sites\/2\/2020\/11\/Sal\u00f2-by-night-1-150x150.jpg"},"medium":{"file":"Sal\u00f2-by-night-1-300x141.jpg","width":300,"height":141,"mime-type":"image\/jpeg","source_url":"https:\/\/www.gardaseezeitung.it\/gardaseezeitung_new\/de\/wp-content\/uploads\/sites\/2\/2020\/11\/Sal\u00f2-by-night-1-300x141.jpg"},"guest-author-32":{"file":"Sal\u00f2-by-night-1-32x32.jpg","width":32,"height":32,"mime-type":"image\/jpeg","source_url":"https:\/\/www.gardaseezeitung.it\/gardaseezeitung_new\/de\/wp-content\/uploads\/sites\/2\/2020\/11\/Sal\u00f2-by-night-1-32x32.jpg"},"guest-author-50":{"file":"Sal\u00f2-by-night-1-50x50.jpg","width":50,"height":50,"mime-type":"image\/jpeg","source_url":"https:\/\/www.gardaseezeitung.it\/gardaseezeitung_new\/de\/wp-content\/uploads\/sites\/2\/2020\/11\/Sal\u00f2-by-night-1-50x50.jpg"},"guest-author-64":{"file":"Sal\u00f2-by-night-1-64x64.jpg","width":64,"height":64,"mime-type":"image\/jpeg","source_url":"https:\/\/www.gardaseezeitung.it\/gardaseezeitung_new\/de\/wp-content\/uploads\/sites\/2\/2020\/11\/Sal\u00f2-by-night-1-64x64.jpg"},"guest-author-96":{"file":"Sal\u00f2-by-night-1-96x96.jpg","width":96,"height":96,"mime-type":"image\/jpeg","source_url":"https:\/\/www.gardaseezeitung.it\/gardaseezeitung_new\/de\/wp-content\/uploads\/sites\/2\/2020\/11\/Sal\u00f2-by-night-1-96x96.jpg"},"guest-author-128":{"file":"Sal\u00f2-by-night-1-128x128.jpg","width":128,"height":128,"mime-type":"image\/jpeg","source_url":"https:\/\/www.gardaseezeitung.it\/gardaseezeitung_new\/de\/wp-content\/uploads\/sites\/2\/2020\/11\/Sal\u00f2-by-night-1-128x128.jpg"},"full":{"file":"Sal\u00f2-by-night-1.jpg","width":460,"height":216,"mime_type":"","source_url":"https:\/\/www.gardaseezeitung.it\/gardaseezeitung_new\/de\/wp-content\/uploads\/sites\/2\/2020\/11\/Sal\u00f2-by-night-1.jpg"}},"image_meta":{"aperture":"0","credit":"","camera":"","caption":"","created_timestamp":"0","copyright":"","focal_length":"0","iso":"0","shutter_speed":"0","title":"","orientation":"1","keywords":[]}},"_links":{"self":[{"href":"https:\/\/www.gardaseezeitung.it\/gardaseezeitung_new\/de\/wp-json\/wp\/v2\/posts\/5633"}],"collection":[{"href":"https:\/\/www.gardaseezeitung.it\/gardaseezeitung_new\/de\/wp-json\/wp\/v2\/posts"}],"about":[{"href":"https:\/\/www.gardaseezeitung.it\/gardaseezeitung_new\/de\/wp-json\/wp\/v2\/types\/post"}],"author":[{"embeddable":true,"href":"https:\/\/www.gardaseezeitung.it\/gardaseezeitung_new\/de\/wp-json\/wp\/v2\/users\/9"}],"replies":[{"embeddable":true,"href":"https:\/\/www.gardaseezeitung.it\/gardaseezeitung_new\/de\/wp-json\/wp\/v2\/comments?post=5633"}],"version-history":[{"count":1,"href":"https:\/\/www.gardaseezeitung.it\/gardaseezeitung_new\/de\/wp-json\/wp\/v2\/posts\/5633\/revisions"}],"predecessor-version":[{"id":5634,"href":"https:\/\/www.gardaseezeitung.it\/gardaseezeitung_new\/de\/wp-json\/wp\/v2\/posts\/5633\/revisions\/5634"}],"wp:featuredmedia":[{"embeddable":true,"href":"https:\/\/www.gardaseezeitung.it\/gardaseezeitung_new\/de\/wp-json\/wp\/v2\/media\/5632"}],"wp:attachment":[{"href":"https:\/\/www.gardaseezeitung.it\/gardaseezeitung_new\/de\/wp-json\/wp\/v2\/media?parent=5633"}],"wp:term":[{"taxonomy":"category","embeddable":true,"href":"https:\/\/www.gardaseezeitung.it\/gardaseezeitung_new\/de\/wp-json\/wp\/v2\/categories?post=5633"},{"taxonomy":"post_tag","embeddable":true,"href":"https:\/\/www.gardaseezeitung.it\/gardaseezeitung_new\/de\/wp-json\/wp\/v2\/tags?post=5633"},{"taxonomy":"news-destination","embeddable":true,"href":"https:\/\/www.gardaseezeitung.it\/gardaseezeitung_new\/de\/wp-json\/wp\/v2\/news-destination?post=5633"},{"taxonomy":"news-source","embeddable":true,"href":"https:\/\/www.gardaseezeitung.it\/gardaseezeitung_new\/de\/wp-json\/wp\/v2\/news-source?post=5633"},{"taxonomy":"is_homepage","embeddable":true,"href":"https:\/\/www.gardaseezeitung.it\/gardaseezeitung_new\/de\/wp-json\/wp\/v2\/is_homepage?post=5633"},{"taxonomy":"ta_other","embeddable":true,"href":"https:\/\/www.gardaseezeitung.it\/gardaseezeitung_new\/de\/wp-json\/wp\/v2\/ta_other?post=5633"}],"curies":[{"name":"wp","href":"https:\/\/api.w.org\/{rel}","templated":true}]}}