{"id":5662,"date":"2020-11-16T09:54:07","date_gmt":"2020-11-16T08:54:07","guid":{"rendered":"http:\/\/euwp08.newsmemory.com\/gardaseezeitung_new\/de\/2020\/11\/16\/vorbereitungen-fuer-colnago-cycling-festival-haben-begonnen\/"},"modified":"2020-11-16T09:54:09","modified_gmt":"2020-06-19T09:54:09","slug":"vorbereitungen-fuer-colnago-cycling-festival-haben-begonnen","status":"publish","type":"post","link":"https:\/\/www.gardaseezeitung.it\/2020\/11\/16\/vorbereitungen-fuer-colnago-cycling-festival-haben-begonnen\/","title":{"rendered":"Vorbereitungen f\u00fcr Colnago Cycling Festival haben begonnen"},"content":{"rendered":"<p style=\"text-align: justify\">Ab 18. November kann man sich anmelden. Die Sonderausgabe 2020 ist zwar gerade zu Ende gegangen, doch das Team des Colnago Cycling Festivals arbeitet bereits an der Ausgabe 2021. Die Ausgabe 2020 wird sicherlich im Herzen all jener bleiben, die an ihrer Organisation teilgenommen haben, aber auch in den Herzen der ehrenamtlichen Helfer und nat\u00fcrlich auch aller Teilnehmer. Die Voraussetzungen f\u00fcr die n\u00e4chste Ausgabe sind optimal &#8230; auf dem Programm steht vom 9. bis zum 11. April ein langes Wochenende voller Neuigkeiten f\u00fcr Biker-Freaks, aber auch f\u00fcr die ganze Familie, und dies in der einzigartigen Umgebung des Gardasees. In diesen Tagen l\u00e4uft nun die Anmeldung f\u00fcr das Biker-Weekend 2021 an. Ab Mittwoch, 18. November um 21 Uhr kann man sich zur kommenden Ausgabe anmelden. Die ersten f\u00fcnf Teilnehmer haben direkt Zugang zum GOLD GRID. Das ist aber noch nicht alles: Um denjenigen zu danken, die in diesem schwierigen Jahr f\u00fcr alle gek\u00e4mpft haben, werden die ersten 100 in Gesundheitsberufen t\u00e4tigen Sportler in der kommenden Ausgabe des Colnago Cycling Festivals im GRID OF HONOR starten. Weitere Infos: https:\/\/www.colnagocyclingfestival.com.<\/p>\n","protected":false},"excerpt":{"rendered":"<p>Ab 18. November kann man sich anmelden. Die Sonderausgabe 2020 ist zwar gerade zu Ende gegangen, doch das Team des Colnago Cycling Festivals arbeitet bereits an der Ausgabe 2021. Die Ausgabe 2020 wird sicherlich im Herzen all jener bleiben, die an ihrer Organisation teilgenommen haben, aber auch in den Herzen der ehrenamtlichen Helfer und nat\u00fcrlich auch aller Teilnehmer. <\/p>\n","protected":false},"author":9,"featured_media":4849,"comment_status":"open","ping_status":"open","sticky":false,"template":"","format":"standard","meta":[],"categories":[2],"tags":[263,264,265],"news-destination":[],"news-source":[],"is_homepage":[],"ta_other":[],"featured_media_details":{"width":1600,"height":900,"file":"2020\/11\/colnagogranfondo.jpg","sizes":{"thumbnail":{"file":"colnagogranfondo-150x150.jpg","width":150,"height":150,"mime-type":"image\/jpeg","source_url":"https:\/\/www.gardaseezeitung.it\/gardaseezeitung_new\/de\/wp-content\/uploads\/sites\/2\/2020\/08\/colnagogranfondo-150x150.jpg"},"medium":{"file":"colnagogranfondo-300x169.jpg","width":300,"height":169,"mime-type":"image\/jpeg","source_url":"https:\/\/www.gardaseezeitung.it\/gardaseezeitung_new\/de\/wp-content\/uploads\/sites\/2\/2020\/08\/colnagogranfondo-300x169.jpg"},"medium_large":{"file":"colnagogranfondo-768x432.jpg","width":768,"height":432,"mime-type":"image\/jpeg","source_url":"https:\/\/www.gardaseezeitung.it\/gardaseezeitung_new\/de\/wp-content\/uploads\/sites\/2\/2020\/08\/colnagogranfondo-768x432.jpg"},"large":{"file":"colnagogranfondo-1024x576.jpg","width":1024,"height":576,"mime-type":"image\/jpeg","source_url":"https:\/\/www.gardaseezeitung.it\/gardaseezeitung_new\/de\/wp-content\/uploads\/sites\/2\/2020\/08\/colnagogranfondo-1024x576.jpg"},"big_image":{"file":"colnagogranfondo-750x422.jpg","width":750,"height":422,"mime-type":"image\/jpeg","source_url":"https:\/\/www.gardaseezeitung.it\/gardaseezeitung_new\/de\/wp-content\/uploads\/sites\/2\/2020\/08\/colnagogranfondo-750x422.jpg"},"guest-author-32":{"file":"colnagogranfondo-32x32.jpg","width":32,"height":32,"mime-type":"image\/jpeg","source_url":"https:\/\/www.gardaseezeitung.it\/gardaseezeitung_new\/de\/wp-content\/uploads\/sites\/2\/2020\/08\/colnagogranfondo-32x32.jpg"},"guest-author-50":{"file":"colnagogranfondo-50x50.jpg","width":50,"height":50,"mime-type":"image\/jpeg","source_url":"https:\/\/www.gardaseezeitung.it\/gardaseezeitung_new\/de\/wp-content\/uploads\/sites\/2\/2020\/08\/colnagogranfondo-50x50.jpg"},"guest-author-64":{"file":"colnagogranfondo-64x64.jpg","width":64,"height":64,"mime-type":"image\/jpeg","source_url":"https:\/\/www.gardaseezeitung.it\/gardaseezeitung_new\/de\/wp-content\/uploads\/sites\/2\/2020\/08\/colnagogranfondo-64x64.jpg"},"guest-author-96":{"file":"colnagogranfondo-96x96.jpg","width":96,"height":96,"mime-type":"image\/jpeg","source_url":"https:\/\/www.gardaseezeitung.it\/gardaseezeitung_new\/de\/wp-content\/uploads\/sites\/2\/2020\/08\/colnagogranfondo-96x96.jpg"},"guest-author-128":{"file":"colnagogranfondo-128x128.jpg","width":128,"height":128,"mime-type":"image\/jpeg","source_url":"https:\/\/www.gardaseezeitung.it\/gardaseezeitung_new\/de\/wp-content\/uploads\/sites\/2\/2020\/08\/colnagogranfondo-128x128.jpg"},"full":{"file":"colnagogranfondo.jpg","width":1600,"height":900,"mime_type":"","source_url":"https:\/\/www.gardaseezeitung.it\/gardaseezeitung_new\/de\/wp-content\/uploads\/sites\/2\/2020\/08\/colnagogranfondo.jpg"}},"image_meta":{"aperture":"0","credit":"","camera":"","caption":"","created_timestamp":"0","copyright":"","focal_length":"0","iso":"0","shutter_speed":"0","title":"","orientation":"0","keywords":[]}},"_links":{"self":[{"href":"https:\/\/www.gardaseezeitung.it\/gardaseezeitung_new\/de\/wp-json\/wp\/v2\/posts\/5662"}],"collection":[{"href":"https:\/\/www.gardaseezeitung.it\/gardaseezeitung_new\/de\/wp-json\/wp\/v2\/posts"}],"about":[{"href":"https:\/\/www.gardaseezeitung.it\/gardaseezeitung_new\/de\/wp-json\/wp\/v2\/types\/post"}],"author":[{"embeddable":true,"href":"https:\/\/www.gardaseezeitung.it\/gardaseezeitung_new\/de\/wp-json\/wp\/v2\/users\/9"}],"replies":[{"embeddable":true,"href":"https:\/\/www.gardaseezeitung.it\/gardaseezeitung_new\/de\/wp-json\/wp\/v2\/comments?post=5662"}],"version-history":[{"count":1,"href":"https:\/\/www.gardaseezeitung.it\/gardaseezeitung_new\/de\/wp-json\/wp\/v2\/posts\/5662\/revisions"}],"predecessor-version":[{"id":5663,"href":"https:\/\/www.gardaseezeitung.it\/gardaseezeitung_new\/de\/wp-json\/wp\/v2\/posts\/5662\/revisions\/5663"}],"wp:featuredmedia":[{"embeddable":true,"href":"https:\/\/www.gardaseezeitung.it\/gardaseezeitung_new\/de\/wp-json\/wp\/v2\/media\/4849"}],"wp:attachment":[{"href":"https:\/\/www.gardaseezeitung.it\/gardaseezeitung_new\/de\/wp-json\/wp\/v2\/media?parent=5662"}],"wp:term":[{"taxonomy":"category","embeddable":true,"href":"https:\/\/www.gardaseezeitung.it\/gardaseezeitung_new\/de\/wp-json\/wp\/v2\/categories?post=5662"},{"taxonomy":"post_tag","embeddable":true,"href":"https:\/\/www.gardaseezeitung.it\/gardaseezeitung_new\/de\/wp-json\/wp\/v2\/tags?post=5662"},{"taxonomy":"news-destination","embeddable":true,"href":"https:\/\/www.gardaseezeitung.it\/gardaseezeitung_new\/de\/wp-json\/wp\/v2\/news-destination?post=5662"},{"taxonomy":"news-source","embeddable":true,"href":"https:\/\/www.gardaseezeitung.it\/gardaseezeitung_new\/de\/wp-json\/wp\/v2\/news-source?post=5662"},{"taxonomy":"is_homepage","embeddable":true,"href":"https:\/\/www.gardaseezeitung.it\/gardaseezeitung_new\/de\/wp-json\/wp\/v2\/is_homepage?post=5662"},{"taxonomy":"ta_other","embeddable":true,"href":"https:\/\/www.gardaseezeitung.it\/gardaseezeitung_new\/de\/wp-json\/wp\/v2\/ta_other?post=5662"}],"curies":[{"name":"wp","href":"https:\/\/api.w.org\/{rel}","templated":true}]}}