{"id":5688,"date":"2020-11-25T10:44:05","date_gmt":"2020-11-25T09:44:05","guid":{"rendered":"http:\/\/euwp08.newsmemory.com\/gardaseezeitung_new\/de\/2020\/11\/25\/vinitaly-2021-vom-20-bis-zum-23-juni\/"},"modified":"2020-11-25T10:58:07","modified_gmt":"2020-06-28T10:58:07","slug":"vinitaly-2021-vom-20-bis-zum-23-juni","status":"publish","type":"post","link":"https:\/\/www.gardaseezeitung.it\/2020\/11\/25\/vinitaly-2021-vom-20-bis-zum-23-juni\/","title":{"rendered":"Vinitaly 2021 vom 20. bis zum 23. Juni"},"content":{"rendered":"<p style=\"text-align: justify\">Die internationale Weinmesse Vinitaly, die jedes Jahr in Verona organisiert wird, findet im kommenden Jahr zu einem ungew\u00f6hnlichen Zeitpunkt statt. Normalerweise wird die renommierte Messe im April organisiert, im kommenden Jahr findet sie hingegen im Juni statt. Dies gab der Generaldirektor des Messunternehmens Veronafiere, Giovanni Mantovani, nun bekannt. \u201eVinitaly 2021 wird mit seinem wichtigen Unternehmen aus der Weinbranche am 19. Juni mit der zwanzigsten Ausgabe von \u201eOperawine\u201c eingeleitet. Im Rahmen dieser Veranstaltung stehen die von der Fachzeitschrift \u201eWine Specator\u201c ausgew\u00e4hlten Weine im Mittelpunkt\u201c, so Mantovani.Vinitaly l\u00e4uft dann vom 20. bis 23. Juni. \u201eDie viert\u00e4gige Weinmesse wird sich wie eine Reise zu den historisch-k\u00fcnstlerischen Sch\u00f6nheiten von Verona pr\u00e4sentieren \u2013 mit der Arena und dem Image, die Stadt Romeos und Julias zu sein\u201c.<\/p>\n","protected":false},"excerpt":{"rendered":"<p>Die internationale Weinmesse Vinitaly, die jedes Jahr in Verona organisiert wird, findet im kommenden Jahr zu einem ungew\u00f6hnlichen Zeitpunkt statt. Normalerweise wird die renommierte Messe im April organisiert, im kommenden Jahr findet sie hingegen im Juni statt. <\/p>\n","protected":false},"author":9,"featured_media":3300,"comment_status":"open","ping_status":"open","sticky":false,"template":"","format":"standard","meta":[],"categories":[2],"tags":[25,23,26,38,286],"news-destination":[],"news-source":[],"is_homepage":[],"ta_other":[],"featured_media_details":{"width":1024,"height":768,"file":"2021\/03\/b4b7672f43488109718f0e46d397ffd1.jpg","sizes":{"thumbnail":{"file":"b4b7672f43488109718f0e46d397ffd1-150x150.jpg","width":150,"height":150,"mime-type":"image\/jpeg","source_url":"https:\/\/www.gardaseezeitung.it\/gardaseezeitung_new\/de\/wp-content\/uploads\/sites\/2\/2019\/10\/b4b7672f43488109718f0e46d397ffd1-150x150.jpg"},"medium":{"file":"b4b7672f43488109718f0e46d397ffd1-300x225.jpg","width":300,"height":225,"mime-type":"image\/jpeg","source_url":"https:\/\/www.gardaseezeitung.it\/gardaseezeitung_new\/de\/wp-content\/uploads\/sites\/2\/2019\/10\/b4b7672f43488109718f0e46d397ffd1-300x225.jpg"},"medium_large":{"file":"b4b7672f43488109718f0e46d397ffd1-768x576.jpg","width":768,"height":576,"mime-type":"image\/jpeg","source_url":"https:\/\/www.gardaseezeitung.it\/gardaseezeitung_new\/de\/wp-content\/uploads\/sites\/2\/2019\/10\/b4b7672f43488109718f0e46d397ffd1-768x576.jpg"},"large":{"file":"b4b7672f43488109718f0e46d397ffd1-1024x768.jpg","width":1024,"height":768,"mime-type":"image\/jpeg","source_url":"https:\/\/www.gardaseezeitung.it\/gardaseezeitung_new\/de\/wp-content\/uploads\/sites\/2\/2019\/10\/b4b7672f43488109718f0e46d397ffd1-1024x768.jpg"},"big_image":{"file":"b4b7672f43488109718f0e46d397ffd1-750x563.jpg","width":750,"height":563,"mime-type":"image\/jpeg","source_url":"https:\/\/www.gardaseezeitung.it\/gardaseezeitung_new\/de\/wp-content\/uploads\/sites\/2\/2019\/10\/b4b7672f43488109718f0e46d397ffd1-750x563.jpg"},"guest-author-32":{"file":"b4b7672f43488109718f0e46d397ffd1-32x32.jpg","width":32,"height":32,"mime-type":"image\/jpeg","source_url":"https:\/\/www.gardaseezeitung.it\/gardaseezeitung_new\/de\/wp-content\/uploads\/sites\/2\/2019\/10\/b4b7672f43488109718f0e46d397ffd1-32x32.jpg"},"guest-author-50":{"file":"b4b7672f43488109718f0e46d397ffd1-50x50.jpg","width":50,"height":50,"mime-type":"image\/jpeg","source_url":"https:\/\/www.gardaseezeitung.it\/gardaseezeitung_new\/de\/wp-content\/uploads\/sites\/2\/2019\/10\/b4b7672f43488109718f0e46d397ffd1-50x50.jpg"},"guest-author-64":{"file":"b4b7672f43488109718f0e46d397ffd1-64x64.jpg","width":64,"height":64,"mime-type":"image\/jpeg","source_url":"https:\/\/www.gardaseezeitung.it\/gardaseezeitung_new\/de\/wp-content\/uploads\/sites\/2\/2019\/10\/b4b7672f43488109718f0e46d397ffd1-64x64.jpg"},"guest-author-96":{"file":"b4b7672f43488109718f0e46d397ffd1-96x96.jpg","width":96,"height":96,"mime-type":"image\/jpeg","source_url":"https:\/\/www.gardaseezeitung.it\/gardaseezeitung_new\/de\/wp-content\/uploads\/sites\/2\/2019\/10\/b4b7672f43488109718f0e46d397ffd1-96x96.jpg"},"guest-author-128":{"file":"b4b7672f43488109718f0e46d397ffd1-128x128.jpg","width":128,"height":128,"mime-type":"image\/jpeg","source_url":"https:\/\/www.gardaseezeitung.it\/gardaseezeitung_new\/de\/wp-content\/uploads\/sites\/2\/2019\/10\/b4b7672f43488109718f0e46d397ffd1-128x128.jpg"},"full":{"file":"b4b7672f43488109718f0e46d397ffd1.jpg","width":1024,"height":768,"mime_type":"","source_url":"https:\/\/www.gardaseezeitung.it\/gardaseezeitung_new\/de\/wp-content\/uploads\/sites\/2\/2019\/10\/b4b7672f43488109718f0e46d397ffd1.jpg"}},"image_meta":{"aperture":"0","credit":"","camera":"","caption":"","created_timestamp":"0","copyright":"","focal_length":"0","iso":"0","shutter_speed":"0","title":"","orientation":"0","keywords":[]}},"_links":{"self":[{"href":"https:\/\/www.gardaseezeitung.it\/gardaseezeitung_new\/de\/wp-json\/wp\/v2\/posts\/5688"}],"collection":[{"href":"https:\/\/www.gardaseezeitung.it\/gardaseezeitung_new\/de\/wp-json\/wp\/v2\/posts"}],"about":[{"href":"https:\/\/www.gardaseezeitung.it\/gardaseezeitung_new\/de\/wp-json\/wp\/v2\/types\/post"}],"author":[{"embeddable":true,"href":"https:\/\/www.gardaseezeitung.it\/gardaseezeitung_new\/de\/wp-json\/wp\/v2\/users\/9"}],"replies":[{"embeddable":true,"href":"https:\/\/www.gardaseezeitung.it\/gardaseezeitung_new\/de\/wp-json\/wp\/v2\/comments?post=5688"}],"version-history":[{"count":2,"href":"https:\/\/www.gardaseezeitung.it\/gardaseezeitung_new\/de\/wp-json\/wp\/v2\/posts\/5688\/revisions"}],"predecessor-version":[{"id":5690,"href":"https:\/\/www.gardaseezeitung.it\/gardaseezeitung_new\/de\/wp-json\/wp\/v2\/posts\/5688\/revisions\/5690"}],"wp:featuredmedia":[{"embeddable":true,"href":"https:\/\/www.gardaseezeitung.it\/gardaseezeitung_new\/de\/wp-json\/wp\/v2\/media\/3300"}],"wp:attachment":[{"href":"https:\/\/www.gardaseezeitung.it\/gardaseezeitung_new\/de\/wp-json\/wp\/v2\/media?parent=5688"}],"wp:term":[{"taxonomy":"category","embeddable":true,"href":"https:\/\/www.gardaseezeitung.it\/gardaseezeitung_new\/de\/wp-json\/wp\/v2\/categories?post=5688"},{"taxonomy":"post_tag","embeddable":true,"href":"https:\/\/www.gardaseezeitung.it\/gardaseezeitung_new\/de\/wp-json\/wp\/v2\/tags?post=5688"},{"taxonomy":"news-destination","embeddable":true,"href":"https:\/\/www.gardaseezeitung.it\/gardaseezeitung_new\/de\/wp-json\/wp\/v2\/news-destination?post=5688"},{"taxonomy":"news-source","embeddable":true,"href":"https:\/\/www.gardaseezeitung.it\/gardaseezeitung_new\/de\/wp-json\/wp\/v2\/news-source?post=5688"},{"taxonomy":"is_homepage","embeddable":true,"href":"https:\/\/www.gardaseezeitung.it\/gardaseezeitung_new\/de\/wp-json\/wp\/v2\/is_homepage?post=5688"},{"taxonomy":"ta_other","embeddable":true,"href":"https:\/\/www.gardaseezeitung.it\/gardaseezeitung_new\/de\/wp-json\/wp\/v2\/ta_other?post=5688"}],"curies":[{"name":"wp","href":"https:\/\/api.w.org\/{rel}","templated":true}]}}