{"id":5691,"date":"2020-11-25T11:05:28","date_gmt":"2020-11-25T10:05:28","guid":{"rendered":"http:\/\/euwp08.newsmemory.com\/gardaseezeitung_new\/de\/2020\/11\/25\/mille-miglia-2021-rennstrecke-fuehrt-auch-gardasee-entlang\/"},"modified":"2020-11-25T11:17:51","modified_gmt":"2020-06-28T11:17:51","slug":"mille-miglia-2021-rennstrecke-fuehrt-auch-gardasee-entlang","status":"publish","type":"post","link":"https:\/\/www.gardaseezeitung.it\/2020\/11\/25\/mille-miglia-2021-rennstrecke-fuehrt-auch-gardasee-entlang\/","title":{"rendered":"Mille Miglia 2021: Rennstrecke f\u00fchrt auch am Gardasee entlang"},"content":{"rendered":"<p style=\"text-align: justify\">Es ist zwar noch rund sechs Monate bis zur n\u00e4chsten \u201eMille Miglia\u201c, doch das Programm der Ausgabe 2021 des Oldtimer-Rennens, das auch das sch\u00f6nste Autorennen der Welt genannt wird, steht. Geplant ist die Mille Miglia, die die Teilnehmer von Brescia bis nach Rom und wieder zur\u00fcckf\u00fchrt, vom 12. bis zum 15. Mai 2021. Und dies mit einer Besonderheit: diesmal f\u00fchrt die Strecke entgegen des Uhrzeigersinnes gen Rom. In den letzten Jahren hatte man immer eine Route entlang der \u00f6stlichen Regionen Italiens gew\u00e4hlt, um dann entlang westlicher liegenden Regionen erneut Brescia zu erreichen. 2021 wird man nun \u201eumgekehrt\u201c fahren. Der Startschuss f\u00e4llt am 12. Mai in Brescia. Die erste Etappe f\u00fchrt von der lombardischen Stadt bis nach Viareggio. Die zweite Etappe erreicht am 13. Mai die ewige Stadt Rom. Von hier geht es am dritten Renntag (14. Mai) wieder gen Norden, genauer gesagt bis nach Bologna. Am letzten Renntag steht dann die Strecke Bologna \u2013 Brescia auf dem Programm. Die Mille Miglia ist auch f\u00fcr alle Gardasee-Fans interessant, denn im Laufe der Renntage kommt die Oldtimer-Karawane auch durch einige Gardesaner Orte. In diesem Jahr ist dies im Laufe der vierten Etappe der Fall, denn von Bologna geht es \u00fcber Modena und Verona bis nach Desenzano, Sirmione und Sal\u00f2, bevor die Teilnehmer des Rennens erneut Brescia erreichen. Weitere Infos: www.1000miglia.it<\/p>\n","protected":false},"excerpt":{"rendered":"<p>Es ist zwar noch rund sechs Monate bis zur n\u00e4chsten \u201eMille Miglia\u201c, doch das Programm der Ausgabe 2021 des Oldtimer-Rennens, das auch das sch\u00f6nste Autorennen der Welt genannt wird, steht. Geplant ist die Mille Miglia, die die Teilnehmer von Brescia bis nach Rom und wieder zur\u00fcckf\u00fchrt, vom 12. bis zum 15. Mai 2021. <\/p>\n","protected":false},"author":9,"featured_media":1349,"comment_status":"open","ping_status":"open","sticky":false,"template":"","format":"standard","meta":[],"categories":[2,5],"tags":[216,287,25,23,26,210],"news-destination":[],"news-source":[],"is_homepage":[],"ta_other":[],"featured_media_details":{"width":1024,"height":512,"file":"2020\/11\/d512650da0461f0a2d8983a9ed59ec1f.jpg","sizes":{"thumbnail":{"file":"d512650da0461f0a2d8983a9ed59ec1f-150x150.jpg","width":150,"height":150,"mime-type":"image\/jpeg","source_url":"https:\/\/www.gardaseezeitung.it\/gardaseezeitung_new\/de\/wp-content\/uploads\/sites\/2\/2019\/05\/d512650da0461f0a2d8983a9ed59ec1f-150x150.jpg"},"medium":{"file":"d512650da0461f0a2d8983a9ed59ec1f-300x150.jpg","width":300,"height":150,"mime-type":"image\/jpeg","source_url":"https:\/\/www.gardaseezeitung.it\/gardaseezeitung_new\/de\/wp-content\/uploads\/sites\/2\/2019\/05\/d512650da0461f0a2d8983a9ed59ec1f-300x150.jpg"},"medium_large":{"file":"d512650da0461f0a2d8983a9ed59ec1f-768x384.jpg","width":768,"height":384,"mime-type":"image\/jpeg","source_url":"https:\/\/www.gardaseezeitung.it\/gardaseezeitung_new\/de\/wp-content\/uploads\/sites\/2\/2019\/05\/d512650da0461f0a2d8983a9ed59ec1f-768x384.jpg"},"large":{"file":"d512650da0461f0a2d8983a9ed59ec1f-1024x512.jpg","width":1024,"height":512,"mime-type":"image\/jpeg","source_url":"https:\/\/www.gardaseezeitung.it\/gardaseezeitung_new\/de\/wp-content\/uploads\/sites\/2\/2019\/05\/d512650da0461f0a2d8983a9ed59ec1f-1024x512.jpg"},"big_image":{"file":"d512650da0461f0a2d8983a9ed59ec1f-750x375.jpg","width":750,"height":375,"mime-type":"image\/jpeg","source_url":"https:\/\/www.gardaseezeitung.it\/gardaseezeitung_new\/de\/wp-content\/uploads\/sites\/2\/2019\/05\/d512650da0461f0a2d8983a9ed59ec1f-750x375.jpg"},"guest-author-32":{"file":"d512650da0461f0a2d8983a9ed59ec1f-32x32.jpg","width":32,"height":32,"mime-type":"image\/jpeg","source_url":"https:\/\/www.gardaseezeitung.it\/gardaseezeitung_new\/de\/wp-content\/uploads\/sites\/2\/2019\/05\/d512650da0461f0a2d8983a9ed59ec1f-32x32.jpg"},"guest-author-50":{"file":"d512650da0461f0a2d8983a9ed59ec1f-50x50.jpg","width":50,"height":50,"mime-type":"image\/jpeg","source_url":"https:\/\/www.gardaseezeitung.it\/gardaseezeitung_new\/de\/wp-content\/uploads\/sites\/2\/2019\/05\/d512650da0461f0a2d8983a9ed59ec1f-50x50.jpg"},"guest-author-64":{"file":"d512650da0461f0a2d8983a9ed59ec1f-64x64.jpg","width":64,"height":64,"mime-type":"image\/jpeg","source_url":"https:\/\/www.gardaseezeitung.it\/gardaseezeitung_new\/de\/wp-content\/uploads\/sites\/2\/2019\/05\/d512650da0461f0a2d8983a9ed59ec1f-64x64.jpg"},"guest-author-96":{"file":"d512650da0461f0a2d8983a9ed59ec1f-96x96.jpg","width":96,"height":96,"mime-type":"image\/jpeg","source_url":"https:\/\/www.gardaseezeitung.it\/gardaseezeitung_new\/de\/wp-content\/uploads\/sites\/2\/2019\/05\/d512650da0461f0a2d8983a9ed59ec1f-96x96.jpg"},"guest-author-128":{"file":"d512650da0461f0a2d8983a9ed59ec1f-128x128.jpg","width":128,"height":128,"mime-type":"image\/jpeg","source_url":"https:\/\/www.gardaseezeitung.it\/gardaseezeitung_new\/de\/wp-content\/uploads\/sites\/2\/2019\/05\/d512650da0461f0a2d8983a9ed59ec1f-128x128.jpg"},"full":{"file":"d512650da0461f0a2d8983a9ed59ec1f.jpg","width":1024,"height":512,"mime_type":"","source_url":"https:\/\/www.gardaseezeitung.it\/gardaseezeitung_new\/de\/wp-content\/uploads\/sites\/2\/2019\/05\/d512650da0461f0a2d8983a9ed59ec1f.jpg"}},"image_meta":{"aperture":"0","credit":"","camera":"","caption":"","created_timestamp":"0","copyright":"","focal_length":"0","iso":"0","shutter_speed":"0","title":"","orientation":"0","keywords":[]}},"_links":{"self":[{"href":"https:\/\/www.gardaseezeitung.it\/gardaseezeitung_new\/de\/wp-json\/wp\/v2\/posts\/5691"}],"collection":[{"href":"https:\/\/www.gardaseezeitung.it\/gardaseezeitung_new\/de\/wp-json\/wp\/v2\/posts"}],"about":[{"href":"https:\/\/www.gardaseezeitung.it\/gardaseezeitung_new\/de\/wp-json\/wp\/v2\/types\/post"}],"author":[{"embeddable":true,"href":"https:\/\/www.gardaseezeitung.it\/gardaseezeitung_new\/de\/wp-json\/wp\/v2\/users\/9"}],"replies":[{"embeddable":true,"href":"https:\/\/www.gardaseezeitung.it\/gardaseezeitung_new\/de\/wp-json\/wp\/v2\/comments?post=5691"}],"version-history":[{"count":1,"href":"https:\/\/www.gardaseezeitung.it\/gardaseezeitung_new\/de\/wp-json\/wp\/v2\/posts\/5691\/revisions"}],"predecessor-version":[{"id":5692,"href":"https:\/\/www.gardaseezeitung.it\/gardaseezeitung_new\/de\/wp-json\/wp\/v2\/posts\/5691\/revisions\/5692"}],"wp:featuredmedia":[{"embeddable":true,"href":"https:\/\/www.gardaseezeitung.it\/gardaseezeitung_new\/de\/wp-json\/wp\/v2\/media\/1349"}],"wp:attachment":[{"href":"https:\/\/www.gardaseezeitung.it\/gardaseezeitung_new\/de\/wp-json\/wp\/v2\/media?parent=5691"}],"wp:term":[{"taxonomy":"category","embeddable":true,"href":"https:\/\/www.gardaseezeitung.it\/gardaseezeitung_new\/de\/wp-json\/wp\/v2\/categories?post=5691"},{"taxonomy":"post_tag","embeddable":true,"href":"https:\/\/www.gardaseezeitung.it\/gardaseezeitung_new\/de\/wp-json\/wp\/v2\/tags?post=5691"},{"taxonomy":"news-destination","embeddable":true,"href":"https:\/\/www.gardaseezeitung.it\/gardaseezeitung_new\/de\/wp-json\/wp\/v2\/news-destination?post=5691"},{"taxonomy":"news-source","embeddable":true,"href":"https:\/\/www.gardaseezeitung.it\/gardaseezeitung_new\/de\/wp-json\/wp\/v2\/news-source?post=5691"},{"taxonomy":"is_homepage","embeddable":true,"href":"https:\/\/www.gardaseezeitung.it\/gardaseezeitung_new\/de\/wp-json\/wp\/v2\/is_homepage?post=5691"},{"taxonomy":"ta_other","embeddable":true,"href":"https:\/\/www.gardaseezeitung.it\/gardaseezeitung_new\/de\/wp-json\/wp\/v2\/ta_other?post=5691"}],"curies":[{"name":"wp","href":"https:\/\/api.w.org\/{rel}","templated":true}]}}