{"id":5732,"date":"2020-12-22T13:15:19","date_gmt":"2020-12-22T12:15:19","guid":{"rendered":"http:\/\/euwp08.newsmemory.com\/gardaseezeitung_new\/de\/2020\/12\/22\/gardaland-praesentiert-seine-weihnachtszusammenstellung-und-verlost-250-beitraege-fuer-eine-wohltaetige-stiftung\/"},"modified":"2020-12-22T13:27:57","modified_gmt":"2020-07-25T13:27:57","slug":"gardaland-praesentiert-seine-weihnachtszusammenstellung-und-verlost-250-beitraege-fuer-eine-wohltaetige-stiftung","status":"publish","type":"post","link":"https:\/\/www.gardaseezeitung.it\/2020\/12\/22\/gardaland-praesentiert-seine-weihnachtszusammenstellung-und-verlost-250-beitraege-fuer-eine-wohltaetige-stiftung\/","title":{"rendered":"Gardaland pr\u00e4sentiert seine Weihnachtszusammenstellung und verlost 250 Beitr\u00e4ge f\u00fcr eine wohlt\u00e4tige Stiftung"},"content":{"rendered":"<p style=\"text-align: justify\">In dieser besonders schwierigen Zeit m\u00f6chte Gardaland den weniger gl\u00fccklichen Kindern, die durch die gesundheitliche Notlage weiter gesch\u00e4digt wurden, nahe sein und tut dies gemeinsam mit Merlin&#8217;s Magic Wand &#8211; der Stiftung von Merlin Entertainments, die benachteiligten, schwer kranken oder in Schwierigkeiten befindlichen Kindern magische Erlebnisse erm\u00f6glicht. Genau aus diesem Grund verwandelte sich Prezzemolo anl\u00e4sslich des Weihnachtsfestes in den Weihnachtsmann und spendete f\u00fcr einen wohlt\u00e4tigen Zweck 250 Eintrittskarten, die f\u00fcr die gesamte Saison 2021 des Gardaland Parks g\u00fcltig sind. Dank der zur Verf\u00fcgung gestellten Eintrittskarten k\u00f6nnen Kinder und Jugendliche, die von der Fondazione Arch\u00e8 begleitet werden, unbeschwerte Tage im Park verbringen, zwischen am\u00fcsanten Fahrten auf den Attraktionen, die den J\u00fcngsten gewidmet sind, und adrenalinhaltigen Erfahrungen auf den Achterbahnen.Diese Initiative ist stark mit dem Text des neuen Liedes &#8222;Piccole grandi cose&#8220; (Kleine gro\u00dfe Dinge) verbunden und inspiriert, das Gardaland anl\u00e4sslich des Weihnachtsfestes kreiert hat: &#8222;regala piccole grandi cose (Gib kleine gro\u00dfe Dinge)&#8220; hei\u00dft es in dem Lied, und genau ausgehend von dieser Strophe hat sich Gardaland entschlossen, seinen eigenen kleinen Beitrag zu leisten, um es Kindern zu erm\u00f6glichen, auch nur f\u00fcr einen Tag schlechte Gedanken beiseite zu lassen und gemeinsam mit ihren Begleitern positive Gef\u00fchle zu erleben.Der unver\u00f6ffentlichte Song wird in Gardaland&#8217;s Weihnachts-Compilation zu h\u00f6ren sein, die ab der Weihnachtswoche auf den wichtigsten Musik-Streaming-Plattformen verf\u00fcgbar ist. Neben einer Neuinterpretation der bekanntesten Weihnachtslieder wird die Playlist auch einige der Soundtracks enthalten, die im Laufe der Jahre die Tage der Besucher w\u00e4hrend des Gardaland Magic Winters versch\u00f6nert haben.<\/p>\n","protected":false},"excerpt":{"rendered":"","protected":false},"author":9,"featured_media":5734,"comment_status":"open","ping_status":"open","sticky":false,"template":"","format":"standard","meta":[],"categories":[2],"tags":[25,116,23,26],"news-destination":[],"news-source":[],"is_homepage":[],"ta_other":[],"featured_media_details":{"width":5661,"height":3774,"file":"2020\/12\/Gardaland-e-fondazione-Arch\ufffd-Natale_ok.jpg","sizes":{"thumbnail":{"file":"Gardaland-e-fondazione-Arch\ufffd-Natale_ok-150x150.jpg","width":150,"height":150,"mime-type":"image\/jpeg","source_url":"https:\/\/www.gardaseezeitung.it\/gardaseezeitung_new\/de\/wp-content\/uploads\/sites\/2\/2020\/12\/Gardaland-e-fondazione-Arch\ufffd-Natale_ok-150x150.jpg"},"medium":{"file":"Gardaland-e-fondazione-Arch\ufffd-Natale_ok-300x200.jpg","width":300,"height":200,"mime-type":"image\/jpeg","source_url":"https:\/\/www.gardaseezeitung.it\/gardaseezeitung_new\/de\/wp-content\/uploads\/sites\/2\/2020\/12\/Gardaland-e-fondazione-Arch\ufffd-Natale_ok-300x200.jpg"},"medium_large":{"file":"Gardaland-e-fondazione-Arch\ufffd-Natale_ok-768x512.jpg","width":768,"height":512,"mime-type":"image\/jpeg","source_url":"https:\/\/www.gardaseezeitung.it\/gardaseezeitung_new\/de\/wp-content\/uploads\/sites\/2\/2020\/12\/Gardaland-e-fondazione-Arch\ufffd-Natale_ok-768x512.jpg"},"large":{"file":"Gardaland-e-fondazione-Arch\ufffd-Natale_ok-1024x683.jpg","width":1024,"height":683,"mime-type":"image\/jpeg","source_url":"https:\/\/www.gardaseezeitung.it\/gardaseezeitung_new\/de\/wp-content\/uploads\/sites\/2\/2020\/12\/Gardaland-e-fondazione-Arch\ufffd-Natale_ok-1024x683.jpg"},"big_image":{"file":"Gardaland-e-fondazione-Arch\ufffd-Natale_ok-750x500.jpg","width":750,"height":500,"mime-type":"image\/jpeg","source_url":"https:\/\/www.gardaseezeitung.it\/gardaseezeitung_new\/de\/wp-content\/uploads\/sites\/2\/2020\/12\/Gardaland-e-fondazione-Arch\ufffd-Natale_ok-750x500.jpg"},"guest-author-32":{"file":"Gardaland-e-fondazione-Arch\ufffd-Natale_ok-32x32.jpg","width":32,"height":32,"mime-type":"image\/jpeg","source_url":"https:\/\/www.gardaseezeitung.it\/gardaseezeitung_new\/de\/wp-content\/uploads\/sites\/2\/2020\/12\/Gardaland-e-fondazione-Arch\ufffd-Natale_ok-32x32.jpg"},"guest-author-50":{"file":"Gardaland-e-fondazione-Arch\ufffd-Natale_ok-50x50.jpg","width":50,"height":50,"mime-type":"image\/jpeg","source_url":"https:\/\/www.gardaseezeitung.it\/gardaseezeitung_new\/de\/wp-content\/uploads\/sites\/2\/2020\/12\/Gardaland-e-fondazione-Arch\ufffd-Natale_ok-50x50.jpg"},"guest-author-64":{"file":"Gardaland-e-fondazione-Arch\ufffd-Natale_ok-64x64.jpg","width":64,"height":64,"mime-type":"image\/jpeg","source_url":"https:\/\/www.gardaseezeitung.it\/gardaseezeitung_new\/de\/wp-content\/uploads\/sites\/2\/2020\/12\/Gardaland-e-fondazione-Arch\ufffd-Natale_ok-64x64.jpg"},"guest-author-96":{"file":"Gardaland-e-fondazione-Arch\ufffd-Natale_ok-96x96.jpg","width":96,"height":96,"mime-type":"image\/jpeg","source_url":"https:\/\/www.gardaseezeitung.it\/gardaseezeitung_new\/de\/wp-content\/uploads\/sites\/2\/2020\/12\/Gardaland-e-fondazione-Arch\ufffd-Natale_ok-96x96.jpg"},"guest-author-128":{"file":"Gardaland-e-fondazione-Arch\ufffd-Natale_ok-128x128.jpg","width":128,"height":128,"mime-type":"image\/jpeg","source_url":"https:\/\/www.gardaseezeitung.it\/gardaseezeitung_new\/de\/wp-content\/uploads\/sites\/2\/2020\/12\/Gardaland-e-fondazione-Arch\ufffd-Natale_ok-128x128.jpg"},"full":{"file":"Gardaland-e-fondazione-Arch\ufffd-Natale_ok.jpg","width":5661,"height":3774,"mime_type":"","source_url":"https:\/\/www.gardaseezeitung.it\/gardaseezeitung_new\/de\/wp-content\/uploads\/sites\/2\/2020\/12\/Gardaland-e-fondazione-Arch\ufffd-Natale_ok.jpg"}},"image_meta":{"aperture":"4","credit":"","camera":"ILCE-7M3","caption":"","created_timestamp":"1607702375","copyright":"","focal_length":"31","iso":"125","shutter_speed":"0.00625","title":"","orientation":"1","keywords":[]}},"_links":{"self":[{"href":"https:\/\/www.gardaseezeitung.it\/gardaseezeitung_new\/de\/wp-json\/wp\/v2\/posts\/5732"}],"collection":[{"href":"https:\/\/www.gardaseezeitung.it\/gardaseezeitung_new\/de\/wp-json\/wp\/v2\/posts"}],"about":[{"href":"https:\/\/www.gardaseezeitung.it\/gardaseezeitung_new\/de\/wp-json\/wp\/v2\/types\/post"}],"author":[{"embeddable":true,"href":"https:\/\/www.gardaseezeitung.it\/gardaseezeitung_new\/de\/wp-json\/wp\/v2\/users\/9"}],"replies":[{"embeddable":true,"href":"https:\/\/www.gardaseezeitung.it\/gardaseezeitung_new\/de\/wp-json\/wp\/v2\/comments?post=5732"}],"version-history":[{"count":1,"href":"https:\/\/www.gardaseezeitung.it\/gardaseezeitung_new\/de\/wp-json\/wp\/v2\/posts\/5732\/revisions"}],"predecessor-version":[{"id":5733,"href":"https:\/\/www.gardaseezeitung.it\/gardaseezeitung_new\/de\/wp-json\/wp\/v2\/posts\/5732\/revisions\/5733"}],"wp:featuredmedia":[{"embeddable":true,"href":"https:\/\/www.gardaseezeitung.it\/gardaseezeitung_new\/de\/wp-json\/wp\/v2\/media\/5734"}],"wp:attachment":[{"href":"https:\/\/www.gardaseezeitung.it\/gardaseezeitung_new\/de\/wp-json\/wp\/v2\/media?parent=5732"}],"wp:term":[{"taxonomy":"category","embeddable":true,"href":"https:\/\/www.gardaseezeitung.it\/gardaseezeitung_new\/de\/wp-json\/wp\/v2\/categories?post=5732"},{"taxonomy":"post_tag","embeddable":true,"href":"https:\/\/www.gardaseezeitung.it\/gardaseezeitung_new\/de\/wp-json\/wp\/v2\/tags?post=5732"},{"taxonomy":"news-destination","embeddable":true,"href":"https:\/\/www.gardaseezeitung.it\/gardaseezeitung_new\/de\/wp-json\/wp\/v2\/news-destination?post=5732"},{"taxonomy":"news-source","embeddable":true,"href":"https:\/\/www.gardaseezeitung.it\/gardaseezeitung_new\/de\/wp-json\/wp\/v2\/news-source?post=5732"},{"taxonomy":"is_homepage","embeddable":true,"href":"https:\/\/www.gardaseezeitung.it\/gardaseezeitung_new\/de\/wp-json\/wp\/v2\/is_homepage?post=5732"},{"taxonomy":"ta_other","embeddable":true,"href":"https:\/\/www.gardaseezeitung.it\/gardaseezeitung_new\/de\/wp-json\/wp\/v2\/ta_other?post=5732"}],"curies":[{"name":"wp","href":"https:\/\/api.w.org\/{rel}","templated":true}]}}