{"id":5736,"date":"2020-12-24T12:28:46","date_gmt":"2020-12-24T11:28:46","guid":{"rendered":"http:\/\/euwp08.newsmemory.com\/gardaseezeitung_new\/de\/2020\/12\/24\/biodiversitaet-ist-der-protagonist-des-kalenders-2021-des-parco-del-mincio\/"},"modified":"2020-12-24T12:28:47","modified_gmt":"2020-07-27T12:28:47","slug":"biodiversitaet-ist-der-protagonist-des-kalenders-2021-des-parco-del-mincio","status":"publish","type":"post","link":"https:\/\/www.gardaseezeitung.it\/2020\/12\/24\/biodiversitaet-ist-der-protagonist-des-kalenders-2021-des-parco-del-mincio\/","title":{"rendered":"Biodiversit\u00e4t ist der Protagonist des Kalenders 2021 des Parco del Mincio"},"content":{"rendered":"<p>Biodiversit\u00e4t und die Rolle, die das Naturkapital bei der Verteidigung des Lebens spielt, sind die Hauptthemen des Kalenders des Parco del Mincio (Mincio Park) 2021. In den Bildern, die dem neuen Jahr gewidmet sind, wird in der Tat eine spannende Geschichte durch Bilder verschiedener Arten erz\u00e4hlt, die das Schutzgebiet bev\u00f6lkern: einige selten gesehen, andere h\u00e4ufiger, jede mit ihrer eigenen Rolle und alle gleicherma\u00dfen wichtig im \u00d6kosystem des Mincio. &#8222;Die Wissenschaft best\u00e4tigt uns, wie der Abzug der Biodiversit\u00e4t einen ernsthaften Risikofaktor bei der Ausbreitung von Krankheiten aus der Tierwelt auf den Menschen darstellt&#8220; &#8211; erkl\u00e4rt der Pr\u00e4sident des Mincio-Parks Maurizio Pellizzer &#8211; &#8222;unsere Schutzintervention, die stark darauf ausgerichtet ist, einen kulturellen Wandel herbeizuf\u00fchren, zielt seit langem darauf ab, die Menschen dazu zu bringen, das Naturkapital als unermesslichen Reichtum wahrzunehmen, der unerl\u00e4sslich ist, um das Wohlergehen, den Komfort und auch die Gesundheit eines Gebiets zu gew\u00e4hrleisten&#8220;. Der Kalender 2021 vergr\u00f6\u00dfert diesen Reichtum dank der leidenschaftlichen Fotografen und Naturforscher, die ihre Aufnahmen gro\u00dfz\u00fcgig zur Verf\u00fcgung gestellt haben: Luciano Sutti, Gian Antonio Zapparoli, Davide Meggiorini, Massimiliano Bonatti, Pierangelo Gatto, Paolo Bignoni. Der Kalender wird in den n\u00e4chsten Wochen in den Schulen der Gemeinden, die zum Territorium des Mincio-Parks geh\u00f6ren, abgegeben und wird kostenlos an die B\u00fcrger verteilt, solange der Vorrat reicht, und zwar ab Donnerstag, den 24. Dezember, werktags von 10 bis 12 Uhr am Sitz des Mincio-Parks, in Piazza Porta Giulia 10 in Cittadella. Die Verteilung erfolgt in \u00dcbereinstimmung mit den Ma\u00dfnahmen gegen Covid-19 mit begrenztem Zugang, um die Distanzierung zu gew\u00e4hrleisten.\u00dcbersetzt mit www.DeepL.com\/Translator (kostenlose Version)<\/p>\n","protected":false},"excerpt":{"rendered":"<p>Biodiversit\u00e4t und die Rolle, die das Naturkapital bei der Verteidigung des Lebens spielt, sind die Hauptthemen des Kalenders des Parco del Mincio (Mincio Park) 2021. In den Bildern, die dem neuen Jahr gewidmet sind, wird in der Tat eine spannende Geschichte durch Bilder verschiedener Arten erz\u00e4hlt, die das Schutzgebiet bev\u00f6lkern: einige selten gesehen, andere h\u00e4ufiger, jede mit ihrer eigenen Rolle und alle gleicherma\u00dfen wichtig im \u00d6kosystem des Mincio. <\/p>\n","protected":false},"author":9,"featured_media":5735,"comment_status":"open","ping_status":"open","sticky":false,"template":"","format":"standard","meta":[],"categories":[4],"tags":[302,25,303,23,26,304,305,306,307,308,79,309],"news-destination":[],"news-source":[],"is_homepage":[],"ta_other":[],"featured_media_details":{"width":1400,"height":1027,"file":"2020\/12\/Copertina_Calendario_2021.jpg","sizes":{"thumbnail":{"file":"Copertina_Calendario_2021-150x150.jpg","width":150,"height":150,"mime-type":"image\/jpeg","source_url":"https:\/\/www.gardaseezeitung.it\/gardaseezeitung_new\/de\/wp-content\/uploads\/sites\/2\/2020\/12\/Copertina_Calendario_2021-150x150.jpg"},"medium":{"file":"Copertina_Calendario_2021-300x220.jpg","width":300,"height":220,"mime-type":"image\/jpeg","source_url":"https:\/\/www.gardaseezeitung.it\/gardaseezeitung_new\/de\/wp-content\/uploads\/sites\/2\/2020\/12\/Copertina_Calendario_2021-300x220.jpg"},"medium_large":{"file":"Copertina_Calendario_2021-768x563.jpg","width":768,"height":563,"mime-type":"image\/jpeg","source_url":"https:\/\/www.gardaseezeitung.it\/gardaseezeitung_new\/de\/wp-content\/uploads\/sites\/2\/2020\/12\/Copertina_Calendario_2021-768x563.jpg"},"large":{"file":"Copertina_Calendario_2021-1024x751.jpg","width":1024,"height":751,"mime-type":"image\/jpeg","source_url":"https:\/\/www.gardaseezeitung.it\/gardaseezeitung_new\/de\/wp-content\/uploads\/sites\/2\/2020\/12\/Copertina_Calendario_2021-1024x751.jpg"},"big_image":{"file":"Copertina_Calendario_2021-750x550.jpg","width":750,"height":550,"mime-type":"image\/jpeg","source_url":"https:\/\/www.gardaseezeitung.it\/gardaseezeitung_new\/de\/wp-content\/uploads\/sites\/2\/2020\/12\/Copertina_Calendario_2021-750x550.jpg"},"guest-author-32":{"file":"Copertina_Calendario_2021-32x32.jpg","width":32,"height":32,"mime-type":"image\/jpeg","source_url":"https:\/\/www.gardaseezeitung.it\/gardaseezeitung_new\/de\/wp-content\/uploads\/sites\/2\/2020\/12\/Copertina_Calendario_2021-32x32.jpg"},"guest-author-50":{"file":"Copertina_Calendario_2021-50x50.jpg","width":50,"height":50,"mime-type":"image\/jpeg","source_url":"https:\/\/www.gardaseezeitung.it\/gardaseezeitung_new\/de\/wp-content\/uploads\/sites\/2\/2020\/12\/Copertina_Calendario_2021-50x50.jpg"},"guest-author-64":{"file":"Copertina_Calendario_2021-64x64.jpg","width":64,"height":64,"mime-type":"image\/jpeg","source_url":"https:\/\/www.gardaseezeitung.it\/gardaseezeitung_new\/de\/wp-content\/uploads\/sites\/2\/2020\/12\/Copertina_Calendario_2021-64x64.jpg"},"guest-author-96":{"file":"Copertina_Calendario_2021-96x96.jpg","width":96,"height":96,"mime-type":"image\/jpeg","source_url":"https:\/\/www.gardaseezeitung.it\/gardaseezeitung_new\/de\/wp-content\/uploads\/sites\/2\/2020\/12\/Copertina_Calendario_2021-96x96.jpg"},"guest-author-128":{"file":"Copertina_Calendario_2021-128x128.jpg","width":128,"height":128,"mime-type":"image\/jpeg","source_url":"https:\/\/www.gardaseezeitung.it\/gardaseezeitung_new\/de\/wp-content\/uploads\/sites\/2\/2020\/12\/Copertina_Calendario_2021-128x128.jpg"},"full":{"file":"Copertina_Calendario_2021.jpg","width":1400,"height":1027,"mime_type":"","source_url":"https:\/\/www.gardaseezeitung.it\/gardaseezeitung_new\/de\/wp-content\/uploads\/sites\/2\/2020\/12\/Copertina_Calendario_2021.jpg"}},"image_meta":{"aperture":"0","credit":"","camera":"","caption":"","created_timestamp":"0","copyright":"","focal_length":"0","iso":"0","shutter_speed":"0","title":"","orientation":"0","keywords":[]}},"_links":{"self":[{"href":"https:\/\/www.gardaseezeitung.it\/gardaseezeitung_new\/de\/wp-json\/wp\/v2\/posts\/5736"}],"collection":[{"href":"https:\/\/www.gardaseezeitung.it\/gardaseezeitung_new\/de\/wp-json\/wp\/v2\/posts"}],"about":[{"href":"https:\/\/www.gardaseezeitung.it\/gardaseezeitung_new\/de\/wp-json\/wp\/v2\/types\/post"}],"author":[{"embeddable":true,"href":"https:\/\/www.gardaseezeitung.it\/gardaseezeitung_new\/de\/wp-json\/wp\/v2\/users\/9"}],"replies":[{"embeddable":true,"href":"https:\/\/www.gardaseezeitung.it\/gardaseezeitung_new\/de\/wp-json\/wp\/v2\/comments?post=5736"}],"version-history":[{"count":1,"href":"https:\/\/www.gardaseezeitung.it\/gardaseezeitung_new\/de\/wp-json\/wp\/v2\/posts\/5736\/revisions"}],"predecessor-version":[{"id":5737,"href":"https:\/\/www.gardaseezeitung.it\/gardaseezeitung_new\/de\/wp-json\/wp\/v2\/posts\/5736\/revisions\/5737"}],"wp:featuredmedia":[{"embeddable":true,"href":"https:\/\/www.gardaseezeitung.it\/gardaseezeitung_new\/de\/wp-json\/wp\/v2\/media\/5735"}],"wp:attachment":[{"href":"https:\/\/www.gardaseezeitung.it\/gardaseezeitung_new\/de\/wp-json\/wp\/v2\/media?parent=5736"}],"wp:term":[{"taxonomy":"category","embeddable":true,"href":"https:\/\/www.gardaseezeitung.it\/gardaseezeitung_new\/de\/wp-json\/wp\/v2\/categories?post=5736"},{"taxonomy":"post_tag","embeddable":true,"href":"https:\/\/www.gardaseezeitung.it\/gardaseezeitung_new\/de\/wp-json\/wp\/v2\/tags?post=5736"},{"taxonomy":"news-destination","embeddable":true,"href":"https:\/\/www.gardaseezeitung.it\/gardaseezeitung_new\/de\/wp-json\/wp\/v2\/news-destination?post=5736"},{"taxonomy":"news-source","embeddable":true,"href":"https:\/\/www.gardaseezeitung.it\/gardaseezeitung_new\/de\/wp-json\/wp\/v2\/news-source?post=5736"},{"taxonomy":"is_homepage","embeddable":true,"href":"https:\/\/www.gardaseezeitung.it\/gardaseezeitung_new\/de\/wp-json\/wp\/v2\/is_homepage?post=5736"},{"taxonomy":"ta_other","embeddable":true,"href":"https:\/\/www.gardaseezeitung.it\/gardaseezeitung_new\/de\/wp-json\/wp\/v2\/ta_other?post=5736"}],"curies":[{"name":"wp","href":"https:\/\/api.w.org\/{rel}","templated":true}]}}