{"id":5749,"date":"2021-01-05T19:32:49","date_gmt":"2021-01-05T18:32:49","guid":{"rendered":"http:\/\/euwp08.newsmemory.com\/gardaseezeitung_new\/de\/2021\/01\/05\/neuer-praesident-fuer-die-landwirtschaftliche-genossenschaft-vitevis\/"},"modified":"2021-01-11T16:54:22","modified_gmt":"2020-08-14T16:54:22","slug":"neuer-praesident-fuer-die-landwirtschaftliche-genossenschaft-vitevis","status":"publish","type":"post","link":"https:\/\/www.gardaseezeitung.it\/2021\/01\/05\/neuer-praesident-fuer-die-landwirtschaftliche-genossenschaft-vitevis\/","title":{"rendered":"Neuer Pr\u00e4sident f\u00fcr die landwirtschaftliche Genossenschaft Vitevis"},"content":{"rendered":"<p style=\"text-align: justify\">Vor 5 Jahren aus dem Zusammenschluss der Weing\u00fcter &#8222;Colli Vicentini&#8220;, &#8222;Gambellara&#8220; und &#8222;Val Leogra&#8220; gegr\u00fcndet, hat die Genossenschaft Vitevis aus Montecchio Maggiore (Provinz Vicenza) einen neuen Pr\u00e4sidenten gew\u00e4hlt: es ist Silvano Nicolato, der bereits Vizepr\u00e4sident war. Das Unternehmen, das 49 Denominationen verwaltet und 2019 auch die Cantina di Castelnuovo aufgenommen hat, konzentriert sich auf die gr\u00f6\u00dfte Sorgfalt bei der Bewirtschaftung der Weinberge, die als Grundlage f\u00fcr den Erhalt von Qualit\u00e4tsweinen gilt.<\/p>\n<hr \/>\n<p>&nbsp;<\/p>\n","protected":false},"excerpt":{"rendered":"<p>Vor 5 Jahren aus dem Zusammenschluss der Weing\u00fcter &#8222;Colli Vicentini&#8220;, &#8222;Gambellara&#8220; und &#8222;Val Leogra&#8220; gegr\u00fcndet, hat die Genossenschaft Vitevis aus Montecchio Maggiore (Provinz Vicenza) einen neuen Pr\u00e4sidenten gew\u00e4hlt.<\/p>\n","protected":false},"author":9,"featured_media":5748,"comment_status":"open","ping_status":"open","sticky":false,"template":"","format":"standard","meta":[],"categories":[6],"tags":[311,25,23,26],"news-destination":[],"news-source":[],"is_homepage":[],"ta_other":[],"featured_media_details":{"width":625,"height":400,"file":"2021\/01\/Valpolicella5-625x400.jpeg","sizes":{"thumbnail":{"file":"Valpolicella5-625x400-150x150.jpeg","width":150,"height":150,"mime-type":"image\/jpeg","source_url":"https:\/\/www.gardaseezeitung.it\/gardaseezeitung_new\/de\/wp-content\/uploads\/sites\/2\/2021\/01\/Valpolicella5-625x400-150x150.jpeg"},"medium":{"file":"Valpolicella5-625x400-300x192.jpeg","width":300,"height":192,"mime-type":"image\/jpeg","source_url":"https:\/\/www.gardaseezeitung.it\/gardaseezeitung_new\/de\/wp-content\/uploads\/sites\/2\/2021\/01\/Valpolicella5-625x400-300x192.jpeg"},"guest-author-32":{"file":"Valpolicella5-625x400-32x32.jpeg","width":32,"height":32,"mime-type":"image\/jpeg","source_url":"https:\/\/www.gardaseezeitung.it\/gardaseezeitung_new\/de\/wp-content\/uploads\/sites\/2\/2021\/01\/Valpolicella5-625x400-32x32.jpeg"},"guest-author-50":{"file":"Valpolicella5-625x400-50x50.jpeg","width":50,"height":50,"mime-type":"image\/jpeg","source_url":"https:\/\/www.gardaseezeitung.it\/gardaseezeitung_new\/de\/wp-content\/uploads\/sites\/2\/2021\/01\/Valpolicella5-625x400-50x50.jpeg"},"guest-author-64":{"file":"Valpolicella5-625x400-64x64.jpeg","width":64,"height":64,"mime-type":"image\/jpeg","source_url":"https:\/\/www.gardaseezeitung.it\/gardaseezeitung_new\/de\/wp-content\/uploads\/sites\/2\/2021\/01\/Valpolicella5-625x400-64x64.jpeg"},"guest-author-96":{"file":"Valpolicella5-625x400-96x96.jpeg","width":96,"height":96,"mime-type":"image\/jpeg","source_url":"https:\/\/www.gardaseezeitung.it\/gardaseezeitung_new\/de\/wp-content\/uploads\/sites\/2\/2021\/01\/Valpolicella5-625x400-96x96.jpeg"},"guest-author-128":{"file":"Valpolicella5-625x400-128x128.jpeg","width":128,"height":128,"mime-type":"image\/jpeg","source_url":"https:\/\/www.gardaseezeitung.it\/gardaseezeitung_new\/de\/wp-content\/uploads\/sites\/2\/2021\/01\/Valpolicella5-625x400-128x128.jpeg"},"full":{"file":"Valpolicella5-625x400.jpeg","width":625,"height":400,"mime_type":"","source_url":"https:\/\/www.gardaseezeitung.it\/gardaseezeitung_new\/de\/wp-content\/uploads\/sites\/2\/2021\/01\/Valpolicella5-625x400.jpeg"}},"image_meta":{"aperture":"0","credit":"","camera":"","caption":"","created_timestamp":"0","copyright":"","focal_length":"0","iso":"0","shutter_speed":"0","title":"","orientation":"0","keywords":[]}},"_links":{"self":[{"href":"https:\/\/www.gardaseezeitung.it\/gardaseezeitung_new\/de\/wp-json\/wp\/v2\/posts\/5749"}],"collection":[{"href":"https:\/\/www.gardaseezeitung.it\/gardaseezeitung_new\/de\/wp-json\/wp\/v2\/posts"}],"about":[{"href":"https:\/\/www.gardaseezeitung.it\/gardaseezeitung_new\/de\/wp-json\/wp\/v2\/types\/post"}],"author":[{"embeddable":true,"href":"https:\/\/www.gardaseezeitung.it\/gardaseezeitung_new\/de\/wp-json\/wp\/v2\/users\/9"}],"replies":[{"embeddable":true,"href":"https:\/\/www.gardaseezeitung.it\/gardaseezeitung_new\/de\/wp-json\/wp\/v2\/comments?post=5749"}],"version-history":[{"count":3,"href":"https:\/\/www.gardaseezeitung.it\/gardaseezeitung_new\/de\/wp-json\/wp\/v2\/posts\/5749\/revisions"}],"predecessor-version":[{"id":5765,"href":"https:\/\/www.gardaseezeitung.it\/gardaseezeitung_new\/de\/wp-json\/wp\/v2\/posts\/5749\/revisions\/5765"}],"wp:featuredmedia":[{"embeddable":true,"href":"https:\/\/www.gardaseezeitung.it\/gardaseezeitung_new\/de\/wp-json\/wp\/v2\/media\/5748"}],"wp:attachment":[{"href":"https:\/\/www.gardaseezeitung.it\/gardaseezeitung_new\/de\/wp-json\/wp\/v2\/media?parent=5749"}],"wp:term":[{"taxonomy":"category","embeddable":true,"href":"https:\/\/www.gardaseezeitung.it\/gardaseezeitung_new\/de\/wp-json\/wp\/v2\/categories?post=5749"},{"taxonomy":"post_tag","embeddable":true,"href":"https:\/\/www.gardaseezeitung.it\/gardaseezeitung_new\/de\/wp-json\/wp\/v2\/tags?post=5749"},{"taxonomy":"news-destination","embeddable":true,"href":"https:\/\/www.gardaseezeitung.it\/gardaseezeitung_new\/de\/wp-json\/wp\/v2\/news-destination?post=5749"},{"taxonomy":"news-source","embeddable":true,"href":"https:\/\/www.gardaseezeitung.it\/gardaseezeitung_new\/de\/wp-json\/wp\/v2\/news-source?post=5749"},{"taxonomy":"is_homepage","embeddable":true,"href":"https:\/\/www.gardaseezeitung.it\/gardaseezeitung_new\/de\/wp-json\/wp\/v2\/is_homepage?post=5749"},{"taxonomy":"ta_other","embeddable":true,"href":"https:\/\/www.gardaseezeitung.it\/gardaseezeitung_new\/de\/wp-json\/wp\/v2\/ta_other?post=5749"}],"curies":[{"name":"wp","href":"https:\/\/api.w.org\/{rel}","templated":true}]}}