{"id":5754,"date":"2021-01-11T15:28:32","date_gmt":"2021-01-11T14:28:32","guid":{"rendered":"http:\/\/euwp08.newsmemory.com\/gardaseezeitung_new\/de\/2021\/01\/11\/bike-festival-garda-trentino-30-april-bis-2-mai-2021\/"},"modified":"2021-01-11T16:49:06","modified_gmt":"2021-01-11T15:49:06","slug":"bike-festival-garda-trentino-30-april-bis-2-mai-2021","status":"publish","type":"post","link":"https:\/\/www.gardaseezeitung.it\/2021\/01\/11\/bike-festival-garda-trentino-30-april-bis-2-mai-2021\/","title":{"rendered":"Bike Festival Garda Trentino: 30. April bis 2. Mai 2021"},"content":{"rendered":"<p style=\"text-align: justify\">Nachdem das BIKE Festival in Riva del Garda in 2020 pausieren musste, laufen nun die Vorbereitungen f\u00fcr das Event im Fr\u00fchjahr 2021. Das 27. FSA BIKE Festival Garda Trentino steigt planm\u00e4\u00dfig vom 30. April bis 2. Mai. Anmeldungen f\u00fcr den BIKE Marathon sowie die Junior Trophy sind bereits m\u00f6glich. Damit sich die Teilnehmer ohne Risiko trotz der aktuellen Covid-19-Situation anmelden k\u00f6nnen, wurden die Stornobedingungen modifiziert. Wer sich f\u00fcr eines der Rennen des BIKE Festivals anmeldet, kann seinen Startplatz problemlos bis zu vier Wochen vor dem Event kostenlos stornieren. Sollte ein Teilnehmer an Covid-19 erkranken oder sich in Quarant\u00e4ne befinden, bekommt er jederzeit seine Startgeb\u00fchr zur\u00fcck. Auch die kostenlose \u00dcbertragung auf einen anderen Fahrer ist jederzeit m\u00f6glich. Bei Ausfall der Veranstaltung kann man entweder sein Geld zur\u00fcckfordern oder seinen Startplatz auf einen sp\u00e4teren Zeitpunkt \u00fcbertragen. Die Stornobedingungen sind im Detail auf der BIKE Festival-Website erl\u00e4utert. F\u00fcr Teilnehmerfragen steht das BIKE Festival-Team unter service@yunique.de gerne zur Verf\u00fcgung. \u201eWir befinden uns im st\u00e4ndigen Austausch mit den jeweiligen Beh\u00f6rden und haben bereits ausf\u00fchrliche Sicherheitskonzepte erarbeitet, die immer auf den aktuellen Stand der Pandemie angepasst werden\u201c, sagt Linda Schroeder, Leiterin der Eventabteilung beim Delius Klasing Verlag. \u201eDarum sind wir optimistisch, dass unsere Marathon-Veranstaltungen in 2021 stattfinden k\u00f6nnen.\u201c Das FSA BIKE Festival Garda Trentino ist seit 27 Jahren ein Magnet f\u00fcr Mountainbike Fans aus der ganzen Welt und er\u00f6ffnet traditionell am ersten Maiwochenende die MTB-Saison. Sportlicher H\u00f6hepunkt mit einem international ambitionierten Teilnehmerfeld ist der BIKE Marathon (1. Mai), der 2021 ein neues Gesicht bekommt. Teilnehmer k\u00f6nnen w\u00e4hlen zwischen der Ronda Extrema (82,77 Kilometer, 3.484 H\u00f6henmeter), der Ronda Grande (59,56 Kilometer, 2.406 H\u00f6henmeter) und der Ronda Piccola (30,67 Kilometer, 1.065 H\u00f6henmeter). Auch die Junior Trophy am 2. Mai ist aus dem sportlichen Programm des BIKE Festivals nicht mehr wegzudenken. Hier kann der Nachwuchs zwischen drei und 14 Jahren Gas geben und sich anfeuern lassen wie die Gro\u00dfen. Die Anmeldung f\u00fcr die j\u00fcngsten Mountainbiker ist ebenfalls gestartet. Renn-Anmeldungen sind m\u00f6glich unter: https:\/\/www.guestid.de\/bike-festival-riva-2021\/index.php?lang=1https:\/\/www.guestid.de\/bike-festival-willingen-2021\/index.php?lang=1Allgemeine Informationen zum BIKE Festival gibt es auf https:\/\/riva.bike-festival.de\/.<\/p>\n<p>&nbsp;<\/p>\n<figure id=\"attachment_17109\" style=\"width: 640px\" class=\"wp-caption alignnone\"><img title=\"Bike Festival Garda Trentino: 30. April bis 2. Mai 2021\" loading=\"lazy\" class=\"size-large wp-image-17109\" src=\"https:\/\/www.gardaseezeitung.it\/gardaseezeitung_new\/de\/wp-content\/uploads\/sites\/2\/2021\/01\/Junior_Trophy.jpg\" alt=\"BIKE Festival\" width=\"640\" height=\"427\" srcset=\"https:\/\/euwps06.newsmemory.com\/gardaseezeitung_new\/de\/wp-content\/uploads\/sites\/2\/2021\/01\/Junior_Trophy.jpg 2279w, https:\/\/euwps06.newsmemory.com\/gardaseezeitung_new\/de\/wp-content\/uploads\/sites\/2\/2021\/01\/Junior_Trophy-300x200.jpg 300w, https:\/\/euwps06.newsmemory.com\/gardaseezeitung_new\/de\/wp-content\/uploads\/sites\/2\/2021\/01\/Junior_Trophy-1024x683.jpg 1024w, https:\/\/euwps06.newsmemory.com\/gardaseezeitung_new\/de\/wp-content\/uploads\/sites\/2\/2021\/01\/Junior_Trophy-768x512.jpg 768w, https:\/\/euwps06.newsmemory.com\/gardaseezeitung_new\/de\/wp-content\/uploads\/sites\/2\/2021\/01\/Junior_Trophy-1536x1024.jpg 1536w, https:\/\/euwps06.newsmemory.com\/gardaseezeitung_new\/de\/wp-content\/uploads\/sites\/2\/2021\/01\/Junior_Trophy-2048x1365.jpg 2048w, https:\/\/euwps06.newsmemory.com\/gardaseezeitung_new\/de\/wp-content\/uploads\/sites\/2\/2021\/01\/Junior_Trophy-750x500.jpg 750w\" sizes=\"(max-width: 640px) 100vw, 640px\" \/><figcaption class=\"wp-caption-text\">BIKE Festival<\/figcaption><\/figure>\n<hr \/>\n<p>&nbsp;<\/p>\n","protected":false},"excerpt":{"rendered":"<p>Nachdem das BIKE Festival in Riva del Garda in 2020 pausieren musste, laufen nun die Vorbereitungen f\u00fcr das Event im Fr\u00fchjahr 2021. Das 27. FSA BIKE Festival Garda Trentino steigt planm\u00e4\u00dfig vom 30. April bis 2. Mai.<\/p>\n","protected":false},"author":9,"featured_media":5753,"comment_status":"open","ping_status":"open","sticky":false,"template":"","format":"standard","meta":[],"categories":[5],"tags":[312,313,221],"news-destination":[],"news-source":[],"is_homepage":[],"ta_other":[],"featured_media_details":{"width":1023,"height":535,"file":"2021\/01\/bikefestival_2019_riva_ms_00690.jpg","sizes":{"thumbnail":{"file":"bikefestival_2019_riva_ms_00690-150x150.jpg","width":150,"height":150,"mime-type":"image\/jpeg","source_url":"https:\/\/www.gardaseezeitung.it\/gardaseezeitung_new\/de\/wp-content\/uploads\/sites\/2\/2021\/01\/bikefestival_2019_riva_ms_00690-150x150.jpg"},"medium":{"file":"bikefestival_2019_riva_ms_00690-300x157.jpg","width":300,"height":157,"mime-type":"image\/jpeg","source_url":"https:\/\/www.gardaseezeitung.it\/gardaseezeitung_new\/de\/wp-content\/uploads\/sites\/2\/2021\/01\/bikefestival_2019_riva_ms_00690-300x157.jpg"},"medium_large":{"file":"bikefestival_2019_riva_ms_00690-768x402.jpg","width":768,"height":402,"mime-type":"image\/jpeg","source_url":"https:\/\/www.gardaseezeitung.it\/gardaseezeitung_new\/de\/wp-content\/uploads\/sites\/2\/2021\/01\/bikefestival_2019_riva_ms_00690-768x402.jpg"},"big_image":{"file":"bikefestival_2019_riva_ms_00690-750x392.jpg","width":750,"height":392,"mime-type":"image\/jpeg","source_url":"https:\/\/www.gardaseezeitung.it\/gardaseezeitung_new\/de\/wp-content\/uploads\/sites\/2\/2021\/01\/bikefestival_2019_riva_ms_00690-750x392.jpg"},"guest-author-32":{"file":"bikefestival_2019_riva_ms_00690-32x32.jpg","width":32,"height":32,"mime-type":"image\/jpeg","source_url":"https:\/\/www.gardaseezeitung.it\/gardaseezeitung_new\/de\/wp-content\/uploads\/sites\/2\/2021\/01\/bikefestival_2019_riva_ms_00690-32x32.jpg"},"guest-author-50":{"file":"bikefestival_2019_riva_ms_00690-50x50.jpg","width":50,"height":50,"mime-type":"image\/jpeg","source_url":"https:\/\/www.gardaseezeitung.it\/gardaseezeitung_new\/de\/wp-content\/uploads\/sites\/2\/2021\/01\/bikefestival_2019_riva_ms_00690-50x50.jpg"},"guest-author-64":{"file":"bikefestival_2019_riva_ms_00690-64x64.jpg","width":64,"height":64,"mime-type":"image\/jpeg","source_url":"https:\/\/www.gardaseezeitung.it\/gardaseezeitung_new\/de\/wp-content\/uploads\/sites\/2\/2021\/01\/bikefestival_2019_riva_ms_00690-64x64.jpg"},"guest-author-96":{"file":"bikefestival_2019_riva_ms_00690-96x96.jpg","width":96,"height":96,"mime-type":"image\/jpeg","source_url":"https:\/\/www.gardaseezeitung.it\/gardaseezeitung_new\/de\/wp-content\/uploads\/sites\/2\/2021\/01\/bikefestival_2019_riva_ms_00690-96x96.jpg"},"guest-author-128":{"file":"bikefestival_2019_riva_ms_00690-128x128.jpg","width":128,"height":128,"mime-type":"image\/jpeg","source_url":"https:\/\/www.gardaseezeitung.it\/gardaseezeitung_new\/de\/wp-content\/uploads\/sites\/2\/2021\/01\/bikefestival_2019_riva_ms_00690-128x128.jpg"},"full":{"file":"bikefestival_2019_riva_ms_00690.jpg","width":1023,"height":535,"mime_type":"","source_url":"https:\/\/www.gardaseezeitung.it\/gardaseezeitung_new\/de\/wp-content\/uploads\/sites\/2\/2021\/01\/bikefestival_2019_riva_ms_00690.jpg"}},"image_meta":{"aperture":"0","credit":"","camera":"","caption":"","created_timestamp":"0","copyright":"","focal_length":"0","iso":"0","shutter_speed":"0","title":"","orientation":"1","keywords":[]}},"_links":{"self":[{"href":"https:\/\/www.gardaseezeitung.it\/gardaseezeitung_new\/de\/wp-json\/wp\/v2\/posts\/5754"}],"collection":[{"href":"https:\/\/www.gardaseezeitung.it\/gardaseezeitung_new\/de\/wp-json\/wp\/v2\/posts"}],"about":[{"href":"https:\/\/www.gardaseezeitung.it\/gardaseezeitung_new\/de\/wp-json\/wp\/v2\/types\/post"}],"author":[{"embeddable":true,"href":"https:\/\/www.gardaseezeitung.it\/gardaseezeitung_new\/de\/wp-json\/wp\/v2\/users\/9"}],"replies":[{"embeddable":true,"href":"https:\/\/www.gardaseezeitung.it\/gardaseezeitung_new\/de\/wp-json\/wp\/v2\/comments?post=5754"}],"version-history":[{"count":3,"href":"https:\/\/www.gardaseezeitung.it\/gardaseezeitung_new\/de\/wp-json\/wp\/v2\/posts\/5754\/revisions"}],"predecessor-version":[{"id":17111,"href":"https:\/\/www.gardaseezeitung.it\/gardaseezeitung_new\/de\/wp-json\/wp\/v2\/posts\/5754\/revisions\/17111"}],"wp:featuredmedia":[{"embeddable":true,"href":"https:\/\/www.gardaseezeitung.it\/gardaseezeitung_new\/de\/wp-json\/wp\/v2\/media\/5753"}],"wp:attachment":[{"href":"https:\/\/www.gardaseezeitung.it\/gardaseezeitung_new\/de\/wp-json\/wp\/v2\/media?parent=5754"}],"wp:term":[{"taxonomy":"category","embeddable":true,"href":"https:\/\/www.gardaseezeitung.it\/gardaseezeitung_new\/de\/wp-json\/wp\/v2\/categories?post=5754"},{"taxonomy":"post_tag","embeddable":true,"href":"https:\/\/www.gardaseezeitung.it\/gardaseezeitung_new\/de\/wp-json\/wp\/v2\/tags?post=5754"},{"taxonomy":"news-destination","embeddable":true,"href":"https:\/\/www.gardaseezeitung.it\/gardaseezeitung_new\/de\/wp-json\/wp\/v2\/news-destination?post=5754"},{"taxonomy":"news-source","embeddable":true,"href":"https:\/\/www.gardaseezeitung.it\/gardaseezeitung_new\/de\/wp-json\/wp\/v2\/news-source?post=5754"},{"taxonomy":"is_homepage","embeddable":true,"href":"https:\/\/www.gardaseezeitung.it\/gardaseezeitung_new\/de\/wp-json\/wp\/v2\/is_homepage?post=5754"},{"taxonomy":"ta_other","embeddable":true,"href":"https:\/\/www.gardaseezeitung.it\/gardaseezeitung_new\/de\/wp-json\/wp\/v2\/ta_other?post=5754"}],"curies":[{"name":"wp","href":"https:\/\/api.w.org\/{rel}","templated":true}]}}