{"id":5783,"date":"2021-02-02T10:38:03","date_gmt":"2021-02-02T09:38:03","guid":{"rendered":"http:\/\/euwp08.newsmemory.com\/gardaseezeitung_new\/de\/2021\/02\/02\/verona-teatro-filarmonico-online-das-2-konzert-der-symphonischen-saison-2021\/"},"modified":"2021-02-02T10:38:22","modified_gmt":"2020-09-05T10:38:22","slug":"verona-teatro-filarmonico-online-das-2-konzert-der-symphonischen-saison-2021","status":"publish","type":"post","link":"https:\/\/www.gardaseezeitung.it\/2021\/02\/02\/verona-teatro-filarmonico-online-das-2-konzert-der-symphonischen-saison-2021\/","title":{"rendered":"Verona, Teatro Filarmonico: Online das 2. Konzert der Symphonischen Saison 2021"},"content":{"rendered":"<p style=\"text-align: justify\">Am Freitag, den 5. Februar, zum zweiten Konzert der Symphonic Season 2021im Teatro Filarmonico gibt der Maestro Giampaolo Pretto sein Deb\u00fct als Dirigent und Solist von zwei fr\u00fchen Mozart-Meisterwerken: dem Andante in C-Dur KV 315 und dem Konzert Nr. 1 in G-Dur KV 313, beide f\u00fcr Fl\u00f6te und Orchester. Der zweite Teil des Programms ist Franz Schuberts 9. Sinfonie in C-Dur, &#8222;La Grande&#8220;, gewidmet, ein imposantes und extremes sinfonisches Verm\u00e4chtnis des ber\u00fchmten \u00f6sterreichischen Komponisten. Um das Konzert zu sehen, k\u00f6nnen Sie ab 5. Februar um 20.30 Uhr auf webTV <a href=\"https:\/\/arenatv.uscreen.io\/\">arena.it\/tv<\/a> und auf dem YouTube-Kanal, w\u00e4hrend am Samstag, den 13. um 15.00 Uhr die Veranstaltung auf Facebook und und frei empfangbar auf Telenuovo Verona (Kanal 11).<\/p>\n","protected":false},"excerpt":{"rendered":"<p>Am Freitag, den 5. Februar, zum zweiten Konzert der Symphonic Season 2021im Teatro Filarmonico gibt der Maestro Giampaolo Pretto sein Deb\u00fct als Dirigent und Solist von zwei fr\u00fchen Mozart-Meisterwerken: dem Andante in C-Dur KV 315 und dem Konzert Nr. 1 in G-Dur KV 313, beide f\u00fcr Fl\u00f6te und Orchester. Der zweite Teil des Programms ist Franz Schuberts 9. Sinfonie in C-Dur, &#8222;La Grande&#8220;, gewidmet, ein imposantes und extremes sinfonisches Verm\u00e4chtnis des ber\u00fchmten \u00f6sterreichischen Komponisten. <\/p>\n","protected":false},"author":9,"featured_media":5605,"comment_status":"open","ping_status":"open","sticky":false,"template":"","format":"standard","meta":[],"categories":[2],"tags":[25,23,26,324,184,325,277,38],"news-destination":[],"news-source":[],"is_homepage":[],"ta_other":[],"featured_media_details":{"width":2700,"height":1800,"file":"2021\/02\/16.10.2020_Coro-e-Orchestra-TF_Ennevifoto_DSCF8983.jpg","sizes":{"thumbnail":{"file":"16.10.2020_Coro-e-Orchestra-TF_Ennevifoto_DSCF8983-150x150.jpg","width":150,"height":150,"mime-type":"image\/jpeg","source_url":"https:\/\/www.gardaseezeitung.it\/gardaseezeitung_new\/de\/wp-content\/uploads\/sites\/2\/2020\/10\/16.10.2020_Coro-e-Orchestra-TF_Ennevifoto_DSCF8983-150x150.jpg"},"medium":{"file":"16.10.2020_Coro-e-Orchestra-TF_Ennevifoto_DSCF8983-300x200.jpg","width":300,"height":200,"mime-type":"image\/jpeg","source_url":"https:\/\/www.gardaseezeitung.it\/gardaseezeitung_new\/de\/wp-content\/uploads\/sites\/2\/2020\/10\/16.10.2020_Coro-e-Orchestra-TF_Ennevifoto_DSCF8983-300x200.jpg"},"medium_large":{"file":"16.10.2020_Coro-e-Orchestra-TF_Ennevifoto_DSCF8983-768x512.jpg","width":768,"height":512,"mime-type":"image\/jpeg","source_url":"https:\/\/www.gardaseezeitung.it\/gardaseezeitung_new\/de\/wp-content\/uploads\/sites\/2\/2020\/10\/16.10.2020_Coro-e-Orchestra-TF_Ennevifoto_DSCF8983-768x512.jpg"},"large":{"file":"16.10.2020_Coro-e-Orchestra-TF_Ennevifoto_DSCF8983-1024x683.jpg","width":1024,"height":683,"mime-type":"image\/jpeg","source_url":"https:\/\/www.gardaseezeitung.it\/gardaseezeitung_new\/de\/wp-content\/uploads\/sites\/2\/2020\/10\/16.10.2020_Coro-e-Orchestra-TF_Ennevifoto_DSCF8983-1024x683.jpg"},"big_image":{"file":"16.10.2020_Coro-e-Orchestra-TF_Ennevifoto_DSCF8983-750x500.jpg","width":750,"height":500,"mime-type":"image\/jpeg","source_url":"https:\/\/www.gardaseezeitung.it\/gardaseezeitung_new\/de\/wp-content\/uploads\/sites\/2\/2020\/10\/16.10.2020_Coro-e-Orchestra-TF_Ennevifoto_DSCF8983-750x500.jpg"},"guest-author-32":{"file":"16.10.2020_Coro-e-Orchestra-TF_Ennevifoto_DSCF8983-32x32.jpg","width":32,"height":32,"mime-type":"image\/jpeg","source_url":"https:\/\/www.gardaseezeitung.it\/gardaseezeitung_new\/de\/wp-content\/uploads\/sites\/2\/2020\/10\/16.10.2020_Coro-e-Orchestra-TF_Ennevifoto_DSCF8983-32x32.jpg"},"guest-author-50":{"file":"16.10.2020_Coro-e-Orchestra-TF_Ennevifoto_DSCF8983-50x50.jpg","width":50,"height":50,"mime-type":"image\/jpeg","source_url":"https:\/\/www.gardaseezeitung.it\/gardaseezeitung_new\/de\/wp-content\/uploads\/sites\/2\/2020\/10\/16.10.2020_Coro-e-Orchestra-TF_Ennevifoto_DSCF8983-50x50.jpg"},"guest-author-64":{"file":"16.10.2020_Coro-e-Orchestra-TF_Ennevifoto_DSCF8983-64x64.jpg","width":64,"height":64,"mime-type":"image\/jpeg","source_url":"https:\/\/www.gardaseezeitung.it\/gardaseezeitung_new\/de\/wp-content\/uploads\/sites\/2\/2020\/10\/16.10.2020_Coro-e-Orchestra-TF_Ennevifoto_DSCF8983-64x64.jpg"},"guest-author-96":{"file":"16.10.2020_Coro-e-Orchestra-TF_Ennevifoto_DSCF8983-96x96.jpg","width":96,"height":96,"mime-type":"image\/jpeg","source_url":"https:\/\/www.gardaseezeitung.it\/gardaseezeitung_new\/de\/wp-content\/uploads\/sites\/2\/2020\/10\/16.10.2020_Coro-e-Orchestra-TF_Ennevifoto_DSCF8983-96x96.jpg"},"guest-author-128":{"file":"16.10.2020_Coro-e-Orchestra-TF_Ennevifoto_DSCF8983-128x128.jpg","width":128,"height":128,"mime-type":"image\/jpeg","source_url":"https:\/\/www.gardaseezeitung.it\/gardaseezeitung_new\/de\/wp-content\/uploads\/sites\/2\/2020\/10\/16.10.2020_Coro-e-Orchestra-TF_Ennevifoto_DSCF8983-128x128.jpg"},"full":{"file":"16.10.2020_Coro-e-Orchestra-TF_Ennevifoto_DSCF8983.jpg","width":2700,"height":1800,"mime_type":"","source_url":"https:\/\/www.gardaseezeitung.it\/gardaseezeitung_new\/de\/wp-content\/uploads\/sites\/2\/2020\/10\/16.10.2020_Coro-e-Orchestra-TF_Ennevifoto_DSCF8983.jpg"}},"image_meta":{"aperture":"2.8","credit":"","camera":"X-H1","caption":"","created_timestamp":"1602881796","copyright":"","focal_length":"18.2","iso":"2500","shutter_speed":"0.008","title":"","orientation":"1","keywords":[]}},"_links":{"self":[{"href":"https:\/\/www.gardaseezeitung.it\/gardaseezeitung_new\/de\/wp-json\/wp\/v2\/posts\/5783"}],"collection":[{"href":"https:\/\/www.gardaseezeitung.it\/gardaseezeitung_new\/de\/wp-json\/wp\/v2\/posts"}],"about":[{"href":"https:\/\/www.gardaseezeitung.it\/gardaseezeitung_new\/de\/wp-json\/wp\/v2\/types\/post"}],"author":[{"embeddable":true,"href":"https:\/\/www.gardaseezeitung.it\/gardaseezeitung_new\/de\/wp-json\/wp\/v2\/users\/9"}],"replies":[{"embeddable":true,"href":"https:\/\/www.gardaseezeitung.it\/gardaseezeitung_new\/de\/wp-json\/wp\/v2\/comments?post=5783"}],"version-history":[{"count":1,"href":"https:\/\/www.gardaseezeitung.it\/gardaseezeitung_new\/de\/wp-json\/wp\/v2\/posts\/5783\/revisions"}],"predecessor-version":[{"id":5784,"href":"https:\/\/www.gardaseezeitung.it\/gardaseezeitung_new\/de\/wp-json\/wp\/v2\/posts\/5783\/revisions\/5784"}],"wp:featuredmedia":[{"embeddable":true,"href":"https:\/\/www.gardaseezeitung.it\/gardaseezeitung_new\/de\/wp-json\/wp\/v2\/media\/5605"}],"wp:attachment":[{"href":"https:\/\/www.gardaseezeitung.it\/gardaseezeitung_new\/de\/wp-json\/wp\/v2\/media?parent=5783"}],"wp:term":[{"taxonomy":"category","embeddable":true,"href":"https:\/\/www.gardaseezeitung.it\/gardaseezeitung_new\/de\/wp-json\/wp\/v2\/categories?post=5783"},{"taxonomy":"post_tag","embeddable":true,"href":"https:\/\/www.gardaseezeitung.it\/gardaseezeitung_new\/de\/wp-json\/wp\/v2\/tags?post=5783"},{"taxonomy":"news-destination","embeddable":true,"href":"https:\/\/www.gardaseezeitung.it\/gardaseezeitung_new\/de\/wp-json\/wp\/v2\/news-destination?post=5783"},{"taxonomy":"news-source","embeddable":true,"href":"https:\/\/www.gardaseezeitung.it\/gardaseezeitung_new\/de\/wp-json\/wp\/v2\/news-source?post=5783"},{"taxonomy":"is_homepage","embeddable":true,"href":"https:\/\/www.gardaseezeitung.it\/gardaseezeitung_new\/de\/wp-json\/wp\/v2\/is_homepage?post=5783"},{"taxonomy":"ta_other","embeddable":true,"href":"https:\/\/www.gardaseezeitung.it\/gardaseezeitung_new\/de\/wp-json\/wp\/v2\/ta_other?post=5783"}],"curies":[{"name":"wp","href":"https:\/\/api.w.org\/{rel}","templated":true}]}}