{"id":5790,"date":"2021-02-05T16:31:58","date_gmt":"2021-02-05T15:31:58","guid":{"rendered":"http:\/\/euwp08.newsmemory.com\/gardaseezeitung_new\/de\/2021\/02\/05\/sonntag-7-februar-verona-antiquaria-der-markt-der-antiquitaeten-sammlerstuecke-und-vintage\/"},"modified":"2021-02-05T16:32:01","modified_gmt":"2020-09-08T16:32:01","slug":"sonntag-7-februar-verona-antiquaria-der-markt-der-antiquitaeten-sammlerstuecke-und-vintage","status":"publish","type":"post","link":"https:\/\/www.gardaseezeitung.it\/2021\/02\/05\/sonntag-7-februar-verona-antiquaria-der-markt-der-antiquitaeten-sammlerstuecke-und-vintage\/","title":{"rendered":"Sonntag, 7. Februar Verona Antiquaria, der Markt der Antiquit\u00e4ten, Sammlerst\u00fccke und Vintage"},"content":{"rendered":"<p style=\"text-align: justify\">Zur\u00fcck an diesem Sonntag, 7. Februar (8-17 Uhr), im Quartiere (Stadtteil) San Zeno der Termin mit Verona Antiquaria, der Markt der Antiquit\u00e4ten, Sammlerst\u00fccke, moderne und Vintage Verona.\u00a0&#8222;In einem so besonderen Moment wie dem, in dem wir leben&#8220;, sagt Stadtrat Nicol\u00f2 Zavarise, &#8222;wollen wir als Verwaltung eine positive Botschaft an die Stadt geben, indem wir unter Einhaltung der gesetzlichen und beh\u00f6rdlichen Bedingungen das am Leben erhalten, was ein traditioneller Termin des Stadtteils San Zeno und der ganzen Stadt ist. Wir glauben auch, dass es wichtig ist, ein starkes Signal der Erholung sowohl f\u00fcr den Veranstaltungssektor als auch f\u00fcr alle unternehmerischen und kommerziellen Aktivit\u00e4ten zu geben, die durch die aktuelle Situation auf die Probe gestellt wurden und werden&#8220;.In diesem Sinne und anl\u00e4sslich des Valentinsmonats in der Stadt von Romeo und Julia widmet Verona Antiquaria diese zweite Ausgabe des Jahres 2021 dem Thema Liebe: Liebe zur Stadt, zu den Traditionen und zu antiken, Vintage- und Retro-Objekten. Genau in diesem besonderen Monat und in einer Zeit, in der es wirklich wichtig ist, Botschaften der Liebe zu vermitteln, haben die sozialen Kan\u00e4le von Verona Antiquaria die Initiative &#8222;Un amore da collezione&#8220; (&#8222;Eine Liebe zum Sammeln&#8220;) ins Leben gerufen, die darauf abzielt, \u00fcber die Liebe durch Antiquit\u00e4ten zu sprechen. Mit dieser Initiative sind alle B\u00fcrger und Enthusiasten eingeladen, auf sozialen Kan\u00e4len ein Foto eines Objekts aus ihrer eigenen Vergangenheit zu teilen (unter Angabe oder Tagging von Verona Antiquaria), das mit einer zu erz\u00e4hlenden Liebesgeschichte verbunden ist. An den St\u00e4nden von Verona Antiquaria gibt es auch viele Geschenkideen f\u00fcr einen romantischen und Retro-Valentinstag: B\u00fccher, Schmuck, Drucke, Uhren, Taschen, Accessoires, Kleidung, aber auch M\u00f6bel, Einrichtungsgegenst\u00e4nde, Spielzeug, Leuchten, Kunstwerke.Wie bei allen vorherigen Ausgaben, die nach dem durch die erste Sperrung verh\u00e4ngten Stopp stattfanden, wird die Veranstaltung sicher und unter Einhaltung der Vorschriften stattfinden, um Aussteller und Besucher zu sch\u00fctzen. Die Zug\u00e4nge werden kontrolliert, um Ansammlungen zu vermeiden, und werden von Sicherheitspersonal an den Eingangstoren zum Marktbereich \u00fcberwacht. Die Eingangs- und Ausgangstore werden getrennt sein, um eine gr\u00f6\u00dfere Trennung der Besucher zu gew\u00e4hrleisten. Au\u00dferdem wird es f\u00fcr alle verpflichtend sein, immer eine Maske zu tragen und auf die H\u00e4ndehygiene zu achten.<\/p>\n","protected":false},"excerpt":{"rendered":"<p>Zur\u00fcck an diesem Sonntag, 7. Februar (8-17 Uhr), im Quartiere (Stadtteil) San Zeno der Termin mit Verona Antiquaria, der Markt der Antiquit\u00e4ten, Sammlerst\u00fccke, moderne und Vintage Verona.\u00a0<\/p>\n","protected":false},"author":9,"featured_media":5789,"comment_status":"open","ping_status":"open","sticky":false,"template":"","format":"standard","meta":[],"categories":[4],"tags":[193,25,23,327,38,328,329],"news-destination":[],"news-source":[],"is_homepage":[],"ta_other":[],"featured_media_details":{"width":2048,"height":1152,"file":"2021\/02\/foto_1.jpg","sizes":{"thumbnail":{"file":"foto_1-150x150.jpg","width":150,"height":150,"mime-type":"image\/jpeg","source_url":"https:\/\/www.gardaseezeitung.it\/gardaseezeitung_new\/de\/wp-content\/uploads\/sites\/2\/2021\/02\/foto_1-150x150.jpg"},"medium":{"file":"foto_1-300x169.jpg","width":300,"height":169,"mime-type":"image\/jpeg","source_url":"https:\/\/www.gardaseezeitung.it\/gardaseezeitung_new\/de\/wp-content\/uploads\/sites\/2\/2021\/02\/foto_1-300x169.jpg"},"medium_large":{"file":"foto_1-768x432.jpg","width":768,"height":432,"mime-type":"image\/jpeg","source_url":"https:\/\/www.gardaseezeitung.it\/gardaseezeitung_new\/de\/wp-content\/uploads\/sites\/2\/2021\/02\/foto_1-768x432.jpg"},"large":{"file":"foto_1-1024x576.jpg","width":1024,"height":576,"mime-type":"image\/jpeg","source_url":"https:\/\/www.gardaseezeitung.it\/gardaseezeitung_new\/de\/wp-content\/uploads\/sites\/2\/2021\/02\/foto_1-1024x576.jpg"},"big_image":{"file":"foto_1-750x422.jpg","width":750,"height":422,"mime-type":"image\/jpeg","source_url":"https:\/\/www.gardaseezeitung.it\/gardaseezeitung_new\/de\/wp-content\/uploads\/sites\/2\/2021\/02\/foto_1-750x422.jpg"},"guest-author-32":{"file":"foto_1-32x32.jpg","width":32,"height":32,"mime-type":"image\/jpeg","source_url":"https:\/\/www.gardaseezeitung.it\/gardaseezeitung_new\/de\/wp-content\/uploads\/sites\/2\/2021\/02\/foto_1-32x32.jpg"},"guest-author-50":{"file":"foto_1-50x50.jpg","width":50,"height":50,"mime-type":"image\/jpeg","source_url":"https:\/\/www.gardaseezeitung.it\/gardaseezeitung_new\/de\/wp-content\/uploads\/sites\/2\/2021\/02\/foto_1-50x50.jpg"},"guest-author-64":{"file":"foto_1-64x64.jpg","width":64,"height":64,"mime-type":"image\/jpeg","source_url":"https:\/\/www.gardaseezeitung.it\/gardaseezeitung_new\/de\/wp-content\/uploads\/sites\/2\/2021\/02\/foto_1-64x64.jpg"},"guest-author-96":{"file":"foto_1-96x96.jpg","width":96,"height":96,"mime-type":"image\/jpeg","source_url":"https:\/\/www.gardaseezeitung.it\/gardaseezeitung_new\/de\/wp-content\/uploads\/sites\/2\/2021\/02\/foto_1-96x96.jpg"},"guest-author-128":{"file":"foto_1-128x128.jpg","width":128,"height":128,"mime-type":"image\/jpeg","source_url":"https:\/\/www.gardaseezeitung.it\/gardaseezeitung_new\/de\/wp-content\/uploads\/sites\/2\/2021\/02\/foto_1-128x128.jpg"},"full":{"file":"foto_1.jpg","width":2048,"height":1152,"mime_type":"","source_url":"https:\/\/www.gardaseezeitung.it\/gardaseezeitung_new\/de\/wp-content\/uploads\/sites\/2\/2021\/02\/foto_1.jpg"}},"image_meta":{"aperture":"0","credit":"","camera":"","caption":"","created_timestamp":"0","copyright":"","focal_length":"0","iso":"0","shutter_speed":"0","title":"","orientation":"0","keywords":[]}},"_links":{"self":[{"href":"https:\/\/www.gardaseezeitung.it\/gardaseezeitung_new\/de\/wp-json\/wp\/v2\/posts\/5790"}],"collection":[{"href":"https:\/\/www.gardaseezeitung.it\/gardaseezeitung_new\/de\/wp-json\/wp\/v2\/posts"}],"about":[{"href":"https:\/\/www.gardaseezeitung.it\/gardaseezeitung_new\/de\/wp-json\/wp\/v2\/types\/post"}],"author":[{"embeddable":true,"href":"https:\/\/www.gardaseezeitung.it\/gardaseezeitung_new\/de\/wp-json\/wp\/v2\/users\/9"}],"replies":[{"embeddable":true,"href":"https:\/\/www.gardaseezeitung.it\/gardaseezeitung_new\/de\/wp-json\/wp\/v2\/comments?post=5790"}],"version-history":[{"count":1,"href":"https:\/\/www.gardaseezeitung.it\/gardaseezeitung_new\/de\/wp-json\/wp\/v2\/posts\/5790\/revisions"}],"predecessor-version":[{"id":5791,"href":"https:\/\/www.gardaseezeitung.it\/gardaseezeitung_new\/de\/wp-json\/wp\/v2\/posts\/5790\/revisions\/5791"}],"wp:featuredmedia":[{"embeddable":true,"href":"https:\/\/www.gardaseezeitung.it\/gardaseezeitung_new\/de\/wp-json\/wp\/v2\/media\/5789"}],"wp:attachment":[{"href":"https:\/\/www.gardaseezeitung.it\/gardaseezeitung_new\/de\/wp-json\/wp\/v2\/media?parent=5790"}],"wp:term":[{"taxonomy":"category","embeddable":true,"href":"https:\/\/www.gardaseezeitung.it\/gardaseezeitung_new\/de\/wp-json\/wp\/v2\/categories?post=5790"},{"taxonomy":"post_tag","embeddable":true,"href":"https:\/\/www.gardaseezeitung.it\/gardaseezeitung_new\/de\/wp-json\/wp\/v2\/tags?post=5790"},{"taxonomy":"news-destination","embeddable":true,"href":"https:\/\/www.gardaseezeitung.it\/gardaseezeitung_new\/de\/wp-json\/wp\/v2\/news-destination?post=5790"},{"taxonomy":"news-source","embeddable":true,"href":"https:\/\/www.gardaseezeitung.it\/gardaseezeitung_new\/de\/wp-json\/wp\/v2\/news-source?post=5790"},{"taxonomy":"is_homepage","embeddable":true,"href":"https:\/\/www.gardaseezeitung.it\/gardaseezeitung_new\/de\/wp-json\/wp\/v2\/is_homepage?post=5790"},{"taxonomy":"ta_other","embeddable":true,"href":"https:\/\/www.gardaseezeitung.it\/gardaseezeitung_new\/de\/wp-json\/wp\/v2\/ta_other?post=5790"}],"curies":[{"name":"wp","href":"https:\/\/api.w.org\/{rel}","templated":true}]}}