{"id":5798,"date":"2021-02-10T11:52:55","date_gmt":"2021-02-10T10:52:55","guid":{"rendered":"http:\/\/euwp08.newsmemory.com\/gardaseezeitung_new\/de\/2021\/02\/10\/bike-festival-riva-wird-die-zweite-jahreshaelfte-verlegt\/"},"modified":"2021-02-10T11:52:57","modified_gmt":"2020-09-13T11:52:57","slug":"bike-festival-riva-wird-die-zweite-jahreshaelfte-verlegt","status":"publish","type":"post","link":"https:\/\/www.gardaseezeitung.it\/2021\/02\/10\/bike-festival-riva-wird-die-zweite-jahreshaelfte-verlegt\/","title":{"rendered":"Bike Festival in Riva wird in die zweite Jahresh\u00e4lfte verlegt"},"content":{"rendered":"<p style=\"text-align: justify\">Das 27. FSA Bike Festival Garda Trentino wird pandemiebedingt verlegt. Angesichts der noch immer angespannten Lage rund um Covid-19 ist es bereits heute absehbar, dass eine Durchf\u00fchrung des Events mit mehreren zehntausend Besuchern im April\/Mai nicht realisierbar sein wird. Neuer Termin f\u00fcr das Bike Festival in Riva ist der 15. bis 17. Oktober 2021. Das Bike Festival am Gardasee in Riva del Garda l\u00e4utet seit mehr als 25 Jahren traditionell die Mountainbike-Saison ein. Die Entscheidung, das gro\u00dfe Festival fr\u00fchzeitig und erstmalig in die zweite Jahresh\u00e4lfte zu verlegen, soll den Teilnehmern und Besuchern die gr\u00f6\u00dftm\u00f6gliche Planungssicherheit bieten. \u201eWir sind sehr optimistisch, dass es die Lage im Sp\u00e4tsommer\/Herbst wieder zulassen wird, gemeinsam mit zahlreichen Mountainbike-Fans ein tolles Festival-Wochenende zu erleben\u201c, sagt Linda Schroeder, Eventleiterin beim ausrichtenden Delius Klasing Verlag. \u201eWir stehen in sehr engem Austausch mit unseren Partnern in Riva sowie den lokalen Beh\u00f6rden, um alle notwenigen Ma\u00dfnahmen zu ergreifen, damit das Bike Festival zum neuen Termin stattfinden kann.\u201c Bereits gebuchte Startpl\u00e4tze f\u00fcr 2021 behalten automatisch ihre G\u00fcltigkeit f\u00fcr die neuen Termine. Gleiches gilt f\u00fcr aus 2020 \u00fcbertragene Tickets. F\u00fcr Teilnehmer-Fragen steht die Agentur Yunique per E-Mail an service@yunique.de oder telefonisch unter (040) 319792910 zur Verf\u00fcgung. Allgemeine Informationen zum BIKE Festival gibt es auf https:\/\/riva.bike-festival.de\/<\/p>\n","protected":false},"excerpt":{"rendered":"<p>Das 27. FSA Bike Festival Garda Trentino wird pandemiebedingt verlegt. Neuer Termin f\u00fcr das BIKE Festival in Riva ist der 15. bis 17. Oktober 2021. <\/p>\n","protected":false},"author":9,"featured_media":3234,"comment_status":"open","ping_status":"open","sticky":false,"template":"","format":"standard","meta":[],"categories":[2],"tags":[333,25,23,26],"news-destination":[],"news-source":[],"is_homepage":[],"ta_other":[],"featured_media_details":{"width":1024,"height":768,"file":"2021\/02\/7431b3d1b6b7aa0cbdbe7d230b7beb51.jpg","sizes":{"thumbnail":{"file":"7431b3d1b6b7aa0cbdbe7d230b7beb51-150x150.jpg","width":150,"height":150,"mime-type":"image\/jpeg","source_url":"https:\/\/www.gardaseezeitung.it\/gardaseezeitung_new\/de\/wp-content\/uploads\/sites\/2\/2021\/02\/7431b3d1b6b7aa0cbdbe7d230b7beb51-150x150.jpg"},"medium":{"file":"7431b3d1b6b7aa0cbdbe7d230b7beb51-300x225.jpg","width":300,"height":225,"mime-type":"image\/jpeg","source_url":"https:\/\/www.gardaseezeitung.it\/gardaseezeitung_new\/de\/wp-content\/uploads\/sites\/2\/2021\/02\/7431b3d1b6b7aa0cbdbe7d230b7beb51-300x225.jpg"},"medium_large":{"file":"7431b3d1b6b7aa0cbdbe7d230b7beb51-768x576.jpg","width":768,"height":576,"mime-type":"image\/jpeg","source_url":"https:\/\/www.gardaseezeitung.it\/gardaseezeitung_new\/de\/wp-content\/uploads\/sites\/2\/2021\/02\/7431b3d1b6b7aa0cbdbe7d230b7beb51-768x576.jpg"},"large":{"file":"7431b3d1b6b7aa0cbdbe7d230b7beb51-1024x768.jpg","width":1024,"height":768,"mime-type":"image\/jpeg","source_url":"https:\/\/www.gardaseezeitung.it\/gardaseezeitung_new\/de\/wp-content\/uploads\/sites\/2\/2021\/02\/7431b3d1b6b7aa0cbdbe7d230b7beb51-1024x768.jpg"},"big_image":{"file":"7431b3d1b6b7aa0cbdbe7d230b7beb51-750x563.jpg","width":750,"height":563,"mime-type":"image\/jpeg","source_url":"https:\/\/www.gardaseezeitung.it\/gardaseezeitung_new\/de\/wp-content\/uploads\/sites\/2\/2021\/02\/7431b3d1b6b7aa0cbdbe7d230b7beb51-750x563.jpg"},"guest-author-32":{"file":"7431b3d1b6b7aa0cbdbe7d230b7beb51-32x32.jpg","width":32,"height":32,"mime-type":"image\/jpeg","source_url":"https:\/\/www.gardaseezeitung.it\/gardaseezeitung_new\/de\/wp-content\/uploads\/sites\/2\/2021\/02\/7431b3d1b6b7aa0cbdbe7d230b7beb51-32x32.jpg"},"guest-author-50":{"file":"7431b3d1b6b7aa0cbdbe7d230b7beb51-50x50.jpg","width":50,"height":50,"mime-type":"image\/jpeg","source_url":"https:\/\/www.gardaseezeitung.it\/gardaseezeitung_new\/de\/wp-content\/uploads\/sites\/2\/2021\/02\/7431b3d1b6b7aa0cbdbe7d230b7beb51-50x50.jpg"},"guest-author-64":{"file":"7431b3d1b6b7aa0cbdbe7d230b7beb51-64x64.jpg","width":64,"height":64,"mime-type":"image\/jpeg","source_url":"https:\/\/www.gardaseezeitung.it\/gardaseezeitung_new\/de\/wp-content\/uploads\/sites\/2\/2021\/02\/7431b3d1b6b7aa0cbdbe7d230b7beb51-64x64.jpg"},"guest-author-96":{"file":"7431b3d1b6b7aa0cbdbe7d230b7beb51-96x96.jpg","width":96,"height":96,"mime-type":"image\/jpeg","source_url":"https:\/\/www.gardaseezeitung.it\/gardaseezeitung_new\/de\/wp-content\/uploads\/sites\/2\/2021\/02\/7431b3d1b6b7aa0cbdbe7d230b7beb51-96x96.jpg"},"guest-author-128":{"file":"7431b3d1b6b7aa0cbdbe7d230b7beb51-128x128.jpg","width":128,"height":128,"mime-type":"image\/jpeg","source_url":"https:\/\/www.gardaseezeitung.it\/gardaseezeitung_new\/de\/wp-content\/uploads\/sites\/2\/2021\/02\/7431b3d1b6b7aa0cbdbe7d230b7beb51-128x128.jpg"},"full":{"file":"7431b3d1b6b7aa0cbdbe7d230b7beb51.jpg","width":1024,"height":768,"mime_type":"","source_url":"https:\/\/www.gardaseezeitung.it\/gardaseezeitung_new\/de\/wp-content\/uploads\/sites\/2\/2021\/02\/7431b3d1b6b7aa0cbdbe7d230b7beb51.jpg"}},"image_meta":{"aperture":"0","credit":"ralph klohs photographie_","camera":"","caption":"","created_timestamp":"0","copyright":"ralph klohs","focal_length":"0","iso":"0","shutter_speed":"0","title":"","orientation":"1","keywords":[]}},"_links":{"self":[{"href":"https:\/\/www.gardaseezeitung.it\/gardaseezeitung_new\/de\/wp-json\/wp\/v2\/posts\/5798"}],"collection":[{"href":"https:\/\/www.gardaseezeitung.it\/gardaseezeitung_new\/de\/wp-json\/wp\/v2\/posts"}],"about":[{"href":"https:\/\/www.gardaseezeitung.it\/gardaseezeitung_new\/de\/wp-json\/wp\/v2\/types\/post"}],"author":[{"embeddable":true,"href":"https:\/\/www.gardaseezeitung.it\/gardaseezeitung_new\/de\/wp-json\/wp\/v2\/users\/9"}],"replies":[{"embeddable":true,"href":"https:\/\/www.gardaseezeitung.it\/gardaseezeitung_new\/de\/wp-json\/wp\/v2\/comments?post=5798"}],"version-history":[{"count":1,"href":"https:\/\/www.gardaseezeitung.it\/gardaseezeitung_new\/de\/wp-json\/wp\/v2\/posts\/5798\/revisions"}],"predecessor-version":[{"id":5799,"href":"https:\/\/www.gardaseezeitung.it\/gardaseezeitung_new\/de\/wp-json\/wp\/v2\/posts\/5798\/revisions\/5799"}],"wp:featuredmedia":[{"embeddable":true,"href":"https:\/\/www.gardaseezeitung.it\/gardaseezeitung_new\/de\/wp-json\/wp\/v2\/media\/3234"}],"wp:attachment":[{"href":"https:\/\/www.gardaseezeitung.it\/gardaseezeitung_new\/de\/wp-json\/wp\/v2\/media?parent=5798"}],"wp:term":[{"taxonomy":"category","embeddable":true,"href":"https:\/\/www.gardaseezeitung.it\/gardaseezeitung_new\/de\/wp-json\/wp\/v2\/categories?post=5798"},{"taxonomy":"post_tag","embeddable":true,"href":"https:\/\/www.gardaseezeitung.it\/gardaseezeitung_new\/de\/wp-json\/wp\/v2\/tags?post=5798"},{"taxonomy":"news-destination","embeddable":true,"href":"https:\/\/www.gardaseezeitung.it\/gardaseezeitung_new\/de\/wp-json\/wp\/v2\/news-destination?post=5798"},{"taxonomy":"news-source","embeddable":true,"href":"https:\/\/www.gardaseezeitung.it\/gardaseezeitung_new\/de\/wp-json\/wp\/v2\/news-source?post=5798"},{"taxonomy":"is_homepage","embeddable":true,"href":"https:\/\/www.gardaseezeitung.it\/gardaseezeitung_new\/de\/wp-json\/wp\/v2\/is_homepage?post=5798"},{"taxonomy":"ta_other","embeddable":true,"href":"https:\/\/www.gardaseezeitung.it\/gardaseezeitung_new\/de\/wp-json\/wp\/v2\/ta_other?post=5798"}],"curies":[{"name":"wp","href":"https:\/\/api.w.org\/{rel}","templated":true}]}}