{"id":5804,"date":"2021-02-10T14:33:38","date_gmt":"2021-02-10T13:33:38","guid":{"rendered":"http:\/\/euwp08.newsmemory.com\/gardaseezeitung_new\/de\/2021\/02\/10\/der-valentinstag-ist-rosa-gefaerbt-chiaretto-di-bardolino-im-rampenlicht-gardasee-und-verona\/"},"modified":"2021-02-10T18:55:36","modified_gmt":"2020-09-13T18:55:36","slug":"der-valentinstag-ist-rosa-gefaerbt-chiaretto-di-bardolino-im-rampenlicht-gardasee-und-verona","status":"publish","type":"post","link":"https:\/\/www.gardaseezeitung.it\/2021\/02\/10\/der-valentinstag-ist-rosa-gefaerbt-chiaretto-di-bardolino-im-rampenlicht-gardasee-und-verona\/","title":{"rendered":"Der Valentinstag ist rosa gef\u00e4rbt: Chiaretto di Bardolino im Rampenlicht am Gardasee, Verona und Innsbruck"},"content":{"rendered":"<p style=\"text-align: justify\">Chiaretto di Bardolino wird wieder der #VinoRosadellAmore sein, der offizielle Wein von <em>Lago di Garda in Love<\/em> und <em>Amore. Aspettando Verona in Love<\/em>, die beiden Initiativen f\u00fcr Verliebte am Gardasee und in der Stadt Verona zum Valentinstag. In Zeiten der Pandemie finden die beiden Veranstaltungen in virtueller Form, in sozialen Netzwerken und im Fernsehen statt. Die Flasche Bardolino Chiaretto Sonderedition, die f\u00fcr diesen Anlass vom <em>Consorzio di Tutela del Chiaretto e del Bardolino<\/em> kreiert wurde, wird auch weiterhin der Protagonist des romantischsten Tages des Jahres sein und den G\u00e4sten der Live-Social- und TV-\u00dcbertragungen zur Verf\u00fcgung stehen. Lago di Garda in Love findet am Sonntag, 14. Februar von 15 bis 18 Uhr statt. 30: Es wird ein Online- und TV-Event sein, an dem acht Gemeinden des Gardasees (Malcesine, Brenzone sul Garda, Torri del Benaco, Bardolino, Lazise, Castelnuovo del Garda, Valeggio sul Mincio und Toscolano Maderno) teilnehmen, eine im Hinterland des Gardasees (Bussolengo), die umbrische Stadt Terni, in der sich die \u00dcberreste des Heiligen Valentin in der ihm gewidmeten Basilika befinden, und die \u00f6sterreichische Stadt Innsbruck, Tor f\u00fcr nordeurop\u00e4ische Touristen, die das Gardaseegebiet besuchen. Alle Orte stehen im Mittelpunkt des TV-Marathons, der am Nachmittag auf TeleArena \u00fcbertragen und live auf der Website der Tageszeitung L&#8217;Arena sowie auf den Facebook- und YouTube-Profilen von Lago di Garda in Love gestreamt wird, und der rosafarbene Wein Garda Veronese wird das trait d&#8217;union zwischen den verschiedenen Etappen sein.In der Stadt der Liebe schlechthin, anstelle der traditionellen Pr\u00e4senz bei <em>Verona in Love<\/em>, dem Liebesfestival, das in den vergangenen Jahren Touristen und Besucher aus aller Welt angezogen hat, wird Chiaretto dieses Jahr in der TV-Show <em>Amore<\/em> zu sehen sein. Warten auf <em>Verona in Love<\/em>, pr\u00e4sentiert von der Moderatorin Francesca Cheyenne.<\/p>\n","protected":false},"excerpt":{"rendered":"<p>Chiaretto di Bardolino wird wieder der #VinoRosadellAmore sein, der offizielle Wein von Lago di Garda in Love und Amore. Aspettando Verona in Love, die beiden Initiativen f\u00fcr Verliebte am Gardasee und in der Stadt Verona zum Valentinstag. <\/p>\n","protected":false},"author":9,"featured_media":5803,"comment_status":"open","ping_status":"open","sticky":false,"template":"","format":"standard","meta":[],"categories":[5],"tags":[338,50,194,74,115,339,25,346,23,26,340,341,342,343,170,32,344,269,345,38],"news-destination":[],"news-source":[],"is_homepage":[],"ta_other":[],"featured_media_details":{"width":1024,"height":587,"file":"2021\/02\/CHIARETTOlow-paola-giagulli.png","sizes":{"thumbnail":{"file":"CHIARETTOlow-paola-giagulli-150x150.png","width":150,"height":150,"mime-type":"image\/png","source_url":"https:\/\/www.gardaseezeitung.it\/gardaseezeitung_new\/de\/wp-content\/uploads\/sites\/2\/2021\/02\/CHIARETTOlow-paola-giagulli-150x150.png"},"medium":{"file":"CHIARETTOlow-paola-giagulli-300x172.png","width":300,"height":172,"mime-type":"image\/png","source_url":"https:\/\/www.gardaseezeitung.it\/gardaseezeitung_new\/de\/wp-content\/uploads\/sites\/2\/2021\/02\/CHIARETTOlow-paola-giagulli-300x172.png"},"medium_large":{"file":"CHIARETTOlow-paola-giagulli-768x440.png","width":768,"height":440,"mime-type":"image\/png","source_url":"https:\/\/www.gardaseezeitung.it\/gardaseezeitung_new\/de\/wp-content\/uploads\/sites\/2\/2021\/02\/CHIARETTOlow-paola-giagulli-768x440.png"},"large":{"file":"CHIARETTOlow-paola-giagulli-1024x587.png","width":1024,"height":587,"mime-type":"image\/png","source_url":"https:\/\/www.gardaseezeitung.it\/gardaseezeitung_new\/de\/wp-content\/uploads\/sites\/2\/2021\/02\/CHIARETTOlow-paola-giagulli-1024x587.png"},"big_image":{"file":"CHIARETTOlow-paola-giagulli-750x430.png","width":750,"height":430,"mime-type":"image\/png","source_url":"https:\/\/www.gardaseezeitung.it\/gardaseezeitung_new\/de\/wp-content\/uploads\/sites\/2\/2021\/02\/CHIARETTOlow-paola-giagulli-750x430.png"},"guest-author-32":{"file":"CHIARETTOlow-paola-giagulli-32x32.png","width":32,"height":32,"mime-type":"image\/png","source_url":"https:\/\/www.gardaseezeitung.it\/gardaseezeitung_new\/de\/wp-content\/uploads\/sites\/2\/2021\/02\/CHIARETTOlow-paola-giagulli-32x32.png"},"guest-author-50":{"file":"CHIARETTOlow-paola-giagulli-50x50.png","width":50,"height":50,"mime-type":"image\/png","source_url":"https:\/\/www.gardaseezeitung.it\/gardaseezeitung_new\/de\/wp-content\/uploads\/sites\/2\/2021\/02\/CHIARETTOlow-paola-giagulli-50x50.png"},"guest-author-64":{"file":"CHIARETTOlow-paola-giagulli-64x64.png","width":64,"height":64,"mime-type":"image\/png","source_url":"https:\/\/www.gardaseezeitung.it\/gardaseezeitung_new\/de\/wp-content\/uploads\/sites\/2\/2021\/02\/CHIARETTOlow-paola-giagulli-64x64.png"},"guest-author-96":{"file":"CHIARETTOlow-paola-giagulli-96x96.png","width":96,"height":96,"mime-type":"image\/png","source_url":"https:\/\/www.gardaseezeitung.it\/gardaseezeitung_new\/de\/wp-content\/uploads\/sites\/2\/2021\/02\/CHIARETTOlow-paola-giagulli-96x96.png"},"guest-author-128":{"file":"CHIARETTOlow-paola-giagulli-128x128.png","width":128,"height":128,"mime-type":"image\/png","source_url":"https:\/\/www.gardaseezeitung.it\/gardaseezeitung_new\/de\/wp-content\/uploads\/sites\/2\/2021\/02\/CHIARETTOlow-paola-giagulli-128x128.png"},"full":{"file":"CHIARETTOlow-paola-giagulli.png","width":1024,"height":587,"mime_type":"","source_url":"https:\/\/www.gardaseezeitung.it\/gardaseezeitung_new\/de\/wp-content\/uploads\/sites\/2\/2021\/02\/CHIARETTOlow-paola-giagulli.png"}},"image_meta":{"aperture":"0","credit":"","camera":"","caption":"","created_timestamp":"0","copyright":"","focal_length":"0","iso":"0","shutter_speed":"0","title":"","orientation":"0","keywords":[]}},"_links":{"self":[{"href":"https:\/\/www.gardaseezeitung.it\/gardaseezeitung_new\/de\/wp-json\/wp\/v2\/posts\/5804"}],"collection":[{"href":"https:\/\/www.gardaseezeitung.it\/gardaseezeitung_new\/de\/wp-json\/wp\/v2\/posts"}],"about":[{"href":"https:\/\/www.gardaseezeitung.it\/gardaseezeitung_new\/de\/wp-json\/wp\/v2\/types\/post"}],"author":[{"embeddable":true,"href":"https:\/\/www.gardaseezeitung.it\/gardaseezeitung_new\/de\/wp-json\/wp\/v2\/users\/9"}],"replies":[{"embeddable":true,"href":"https:\/\/www.gardaseezeitung.it\/gardaseezeitung_new\/de\/wp-json\/wp\/v2\/comments?post=5804"}],"version-history":[{"count":2,"href":"https:\/\/www.gardaseezeitung.it\/gardaseezeitung_new\/de\/wp-json\/wp\/v2\/posts\/5804\/revisions"}],"predecessor-version":[{"id":5810,"href":"https:\/\/www.gardaseezeitung.it\/gardaseezeitung_new\/de\/wp-json\/wp\/v2\/posts\/5804\/revisions\/5810"}],"wp:featuredmedia":[{"embeddable":true,"href":"https:\/\/www.gardaseezeitung.it\/gardaseezeitung_new\/de\/wp-json\/wp\/v2\/media\/5803"}],"wp:attachment":[{"href":"https:\/\/www.gardaseezeitung.it\/gardaseezeitung_new\/de\/wp-json\/wp\/v2\/media?parent=5804"}],"wp:term":[{"taxonomy":"category","embeddable":true,"href":"https:\/\/www.gardaseezeitung.it\/gardaseezeitung_new\/de\/wp-json\/wp\/v2\/categories?post=5804"},{"taxonomy":"post_tag","embeddable":true,"href":"https:\/\/www.gardaseezeitung.it\/gardaseezeitung_new\/de\/wp-json\/wp\/v2\/tags?post=5804"},{"taxonomy":"news-destination","embeddable":true,"href":"https:\/\/www.gardaseezeitung.it\/gardaseezeitung_new\/de\/wp-json\/wp\/v2\/news-destination?post=5804"},{"taxonomy":"news-source","embeddable":true,"href":"https:\/\/www.gardaseezeitung.it\/gardaseezeitung_new\/de\/wp-json\/wp\/v2\/news-source?post=5804"},{"taxonomy":"is_homepage","embeddable":true,"href":"https:\/\/www.gardaseezeitung.it\/gardaseezeitung_new\/de\/wp-json\/wp\/v2\/is_homepage?post=5804"},{"taxonomy":"ta_other","embeddable":true,"href":"https:\/\/www.gardaseezeitung.it\/gardaseezeitung_new\/de\/wp-json\/wp\/v2\/ta_other?post=5804"}],"curies":[{"name":"wp","href":"https:\/\/api.w.org\/{rel}","templated":true}]}}