{"id":5807,"date":"2021-02-10T18:40:38","date_gmt":"2021-02-10T17:40:38","guid":{"rendered":"http:\/\/euwp08.newsmemory.com\/gardaseezeitung_new\/de\/2021\/02\/10\/verkehrserziehung-1-098-teilnehmer-neuem-abc-project\/"},"modified":"2021-02-10T18:51:30","modified_gmt":"2020-09-13T18:51:30","slug":"verkehrserziehung-1-098-teilnehmer-neuem-abc-project","status":"publish","type":"post","link":"https:\/\/www.gardaseezeitung.it\/2021\/02\/10\/verkehrserziehung-1-098-teilnehmer-neuem-abc-project\/","title":{"rendered":"Verkehrserziehung: 1.098 Teilnehmer an neuem ABC-Project"},"content":{"rendered":"<p style=\"text-align: justify\">Die Brennerautobahngesellschaft f\u00fchrt ihr Projekt \u201eABC \u2013 Autostrada del Brennero in Citt\u00e0\u201c trotz des aktuellen Gesundheitsnotstandes weiter und bringt das Thema Verkehrssicherheit in Form eines Webinars zu den Jugendlichen in die Klassenzimmer oder an die Computer nachhause. Neu im Jahr 2021 ist aber nicht nur die Online-Version der gemeinsamen Initiative von Autobahngesellschaft und Stra\u00dfenpolizei, an der seit 2014 mehr als 10.000 Sch\u00fclerinnen und Sch\u00fcler teilgenommen haben: Erstmals gibt es auch einen Wettbewerb, bei dem die teilnehmenden Klassen um didaktische Mittel wie interaktive Whiteboards, Mikroskope und Videoprojektoren spielen. Die Premiere des Webinars am heutigen Vormittag war mit 1.098 Teilnehmern aus insgesamt 46 vierten und f\u00fcnften Oberschulklassen aus dem Trentino ein voller Erfolg. Die n\u00e4chsten Termine f\u00fcr die Sch\u00fclerinnen und Sch\u00fcler aus den Provinzen Bozen, Verona, Mantua, Reggio Emilia und Modena sind bereits gut gebucht. \u201e93 Prozent der Verkehrsunf\u00e4lle\u201c, erinnert der Gesch\u00e4ftsf\u00fchrer der Brennerautobahngesellschaft Diego Cattoni, \u201egehen auf menschliches Fehlverhalten zur\u00fcck: Handy am Steuer, Ablenkung und M\u00fcdigkeit. Daher wollen wir den jungen Menschen eine einfache, aber wesentliche Botschaft mitgeben: am Steuer zu sitzen, ist etwas f\u00fcr gro\u00dfe Leute, eine gro\u00dfe Freiheit verbunden mit einer mindestens so gro\u00dfen Verantwortung f\u00fcr sich selbst und f\u00fcr die anderen\u201c, so Cattoni. \u201eDie Organisation und die \u00dcberarbeitung dieser gemeinsamen Initiative von Autobahngesellschaft und Stra\u00dfenpolizei ist ein wichtiger Baustein unserer Beziehung zu den angrenzenden Gebieten &#8211; einem unserer Wesensmerkmale\u201c, schlie\u00dft Gesch\u00e4ftsf\u00fchrer Cattoni. \u201eWir verfolgen einen gemeinsamen Traum\u201c, erkl\u00e4rt Raffaele Federici, Hauptkommissar der Staatspolizei und Chef der Verkehrsleitzentrale COA, welche die gesamte A22 kontrolliert, \u201ewir wollen keine weiteren Opfer auf unseren Stra\u00dfen\u201c, so Federici. \u201eNur zu oft h\u00f6ren wir die Menschen von Zufall oder Schicksal sprechen. Dabei frage ich aber: Wer h\u00e4tte sich anschnallen sollen? Wer h\u00e4tte die Geschwindigkeitsbegrenzung einhalten sollen? Wer h\u00e4tte den Anruf oder die Nachricht sp\u00e4ter beantworten sollen? Wir, oder das Schicksal? Sicherheit im Stra\u00dfenverkehr\u201c, erinnert Federici die Jugendlichen, \u201eh\u00e4ngt einzig und allein von uns ab.\u201cDie Inhalte des ABC-Projektes 2020-21 sind im Grunde jene, die sich im Laufe der vergangenen Jahre bew\u00e4hrt haben: die Bewusstseinsbildung f\u00fcr die Gefahr, die ein Verkehrsunfall f\u00fcr das eigene Leben und f\u00fcr das Leben anderer bedeuten kann. Neben der Sensibilisierung f\u00fcr die Gefahren im Stra\u00dfenverkehr, die vor allem jungen Menschen oft nicht bewusst sind, behandeln die Ausbildner der Stra\u00dfenpolizei und der Brennerautobahngesellschaft bew\u00e4hrte Verhaltensweisen f\u00fcr eine sichere Autofahrt. An dem Webinar, das am heutigen Mittwochvormittag in der Messe Bozen aufgezeichnet wurde, nahm auch der Regierungskommissar der Provinz Trient Sandro Lombardi teil, der die Initiative positiv begr\u00fc\u00dfte.<\/p>\n","protected":false},"excerpt":{"rendered":"<p>Die Brennerautobahngesellschaft f\u00fchrt ihr Projekt \u201eABC \u2013 Autostrada del Brennero in Citt\u00e0\u201c trotz des aktuellen Gesundheitsnotstandes weiter und bringt das Thema Verkehrssicherheit in Form eines Webinars zu den Jugendlichen in die Klassenzimmer oder an die Computer nachhause. <\/p>\n","protected":false},"author":9,"featured_media":5806,"comment_status":"open","ping_status":"open","sticky":false,"template":"","format":"standard","meta":[],"categories":[6],"tags":[27,347,42],"news-destination":[],"news-source":[],"is_homepage":[],"ta_other":[],"featured_media_details":{"width":2000,"height":865,"file":"2021\/02\/A22educational.jpg","sizes":{"thumbnail":{"file":"A22educational-150x150.jpg","width":150,"height":150,"mime-type":"image\/jpeg","source_url":"https:\/\/www.gardaseezeitung.it\/gardaseezeitung_new\/de\/wp-content\/uploads\/sites\/2\/2021\/02\/A22educational-150x150.jpg"},"medium":{"file":"A22educational-300x130.jpg","width":300,"height":130,"mime-type":"image\/jpeg","source_url":"https:\/\/www.gardaseezeitung.it\/gardaseezeitung_new\/de\/wp-content\/uploads\/sites\/2\/2021\/02\/A22educational-300x130.jpg"},"medium_large":{"file":"A22educational-768x332.jpg","width":768,"height":332,"mime-type":"image\/jpeg","source_url":"https:\/\/www.gardaseezeitung.it\/gardaseezeitung_new\/de\/wp-content\/uploads\/sites\/2\/2021\/02\/A22educational-768x332.jpg"},"large":{"file":"A22educational-1024x443.jpg","width":1024,"height":443,"mime-type":"image\/jpeg","source_url":"https:\/\/www.gardaseezeitung.it\/gardaseezeitung_new\/de\/wp-content\/uploads\/sites\/2\/2021\/02\/A22educational-1024x443.jpg"},"big_image":{"file":"A22educational-750x324.jpg","width":750,"height":324,"mime-type":"image\/jpeg","source_url":"https:\/\/www.gardaseezeitung.it\/gardaseezeitung_new\/de\/wp-content\/uploads\/sites\/2\/2021\/02\/A22educational-750x324.jpg"},"guest-author-32":{"file":"A22educational-32x32.jpg","width":32,"height":32,"mime-type":"image\/jpeg","source_url":"https:\/\/www.gardaseezeitung.it\/gardaseezeitung_new\/de\/wp-content\/uploads\/sites\/2\/2021\/02\/A22educational-32x32.jpg"},"guest-author-50":{"file":"A22educational-50x50.jpg","width":50,"height":50,"mime-type":"image\/jpeg","source_url":"https:\/\/www.gardaseezeitung.it\/gardaseezeitung_new\/de\/wp-content\/uploads\/sites\/2\/2021\/02\/A22educational-50x50.jpg"},"guest-author-64":{"file":"A22educational-64x64.jpg","width":64,"height":64,"mime-type":"image\/jpeg","source_url":"https:\/\/www.gardaseezeitung.it\/gardaseezeitung_new\/de\/wp-content\/uploads\/sites\/2\/2021\/02\/A22educational-64x64.jpg"},"guest-author-96":{"file":"A22educational-96x96.jpg","width":96,"height":96,"mime-type":"image\/jpeg","source_url":"https:\/\/www.gardaseezeitung.it\/gardaseezeitung_new\/de\/wp-content\/uploads\/sites\/2\/2021\/02\/A22educational-96x96.jpg"},"guest-author-128":{"file":"A22educational-128x128.jpg","width":128,"height":128,"mime-type":"image\/jpeg","source_url":"https:\/\/www.gardaseezeitung.it\/gardaseezeitung_new\/de\/wp-content\/uploads\/sites\/2\/2021\/02\/A22educational-128x128.jpg"},"full":{"file":"A22educational.jpg","width":2000,"height":865,"mime_type":"","source_url":"https:\/\/www.gardaseezeitung.it\/gardaseezeitung_new\/de\/wp-content\/uploads\/sites\/2\/2021\/02\/A22educational.jpg"}},"image_meta":{"aperture":"0","credit":"","camera":"","caption":"","created_timestamp":"0","copyright":"","focal_length":"0","iso":"0","shutter_speed":"0","title":"","orientation":"1","keywords":[]}},"_links":{"self":[{"href":"https:\/\/www.gardaseezeitung.it\/gardaseezeitung_new\/de\/wp-json\/wp\/v2\/posts\/5807"}],"collection":[{"href":"https:\/\/www.gardaseezeitung.it\/gardaseezeitung_new\/de\/wp-json\/wp\/v2\/posts"}],"about":[{"href":"https:\/\/www.gardaseezeitung.it\/gardaseezeitung_new\/de\/wp-json\/wp\/v2\/types\/post"}],"author":[{"embeddable":true,"href":"https:\/\/www.gardaseezeitung.it\/gardaseezeitung_new\/de\/wp-json\/wp\/v2\/users\/9"}],"replies":[{"embeddable":true,"href":"https:\/\/www.gardaseezeitung.it\/gardaseezeitung_new\/de\/wp-json\/wp\/v2\/comments?post=5807"}],"version-history":[{"count":2,"href":"https:\/\/www.gardaseezeitung.it\/gardaseezeitung_new\/de\/wp-json\/wp\/v2\/posts\/5807\/revisions"}],"predecessor-version":[{"id":5809,"href":"https:\/\/www.gardaseezeitung.it\/gardaseezeitung_new\/de\/wp-json\/wp\/v2\/posts\/5807\/revisions\/5809"}],"wp:featuredmedia":[{"embeddable":true,"href":"https:\/\/www.gardaseezeitung.it\/gardaseezeitung_new\/de\/wp-json\/wp\/v2\/media\/5806"}],"wp:attachment":[{"href":"https:\/\/www.gardaseezeitung.it\/gardaseezeitung_new\/de\/wp-json\/wp\/v2\/media?parent=5807"}],"wp:term":[{"taxonomy":"category","embeddable":true,"href":"https:\/\/www.gardaseezeitung.it\/gardaseezeitung_new\/de\/wp-json\/wp\/v2\/categories?post=5807"},{"taxonomy":"post_tag","embeddable":true,"href":"https:\/\/www.gardaseezeitung.it\/gardaseezeitung_new\/de\/wp-json\/wp\/v2\/tags?post=5807"},{"taxonomy":"news-destination","embeddable":true,"href":"https:\/\/www.gardaseezeitung.it\/gardaseezeitung_new\/de\/wp-json\/wp\/v2\/news-destination?post=5807"},{"taxonomy":"news-source","embeddable":true,"href":"https:\/\/www.gardaseezeitung.it\/gardaseezeitung_new\/de\/wp-json\/wp\/v2\/news-source?post=5807"},{"taxonomy":"is_homepage","embeddable":true,"href":"https:\/\/www.gardaseezeitung.it\/gardaseezeitung_new\/de\/wp-json\/wp\/v2\/is_homepage?post=5807"},{"taxonomy":"ta_other","embeddable":true,"href":"https:\/\/www.gardaseezeitung.it\/gardaseezeitung_new\/de\/wp-json\/wp\/v2\/ta_other?post=5807"}],"curies":[{"name":"wp","href":"https:\/\/api.w.org\/{rel}","templated":true}]}}