{"id":5843,"date":"2021-02-17T00:12:36","date_gmt":"2021-02-16T23:12:36","guid":{"rendered":"http:\/\/euwp08.newsmemory.com\/gardaseezeitung_new\/de\/2021\/02\/17\/a22-oesterreichische-blockade-brenner-militaer-kommt-zur-hilfe\/"},"modified":"2021-02-17T00:19:40","modified_gmt":"2021-02-16T23:19:40","slug":"a22-oesterreichische-blockade-brenner-militaer-kommt-zur-hilfe","status":"publish","type":"post","link":"https:\/\/www.gardaseezeitung.it\/2021\/02\/17\/a22-oesterreichische-blockade-brenner-militaer-kommt-zur-hilfe\/","title":{"rendered":"A22 &#8211; \u00d6sterreichische Blockade am Brenner: Milit\u00e4r kommt zur Hilfe"},"content":{"rendered":"<p style=\"text-align: justify\">Die heikle Abfertigung des Autobahnverkehrs aus Italien in Richtung Norden hat sich auch am heutigen Dienstag fortgesetzt. Die Entscheidung der \u00f6sterreichischen Beh\u00f6rden, Reisenden ohne einen maximal 48 Stunden alten negativen Corona-Schnelltest die Durchfahrt in Richtung Deutschland zu verweigern, hat die aktuelle Situation zus\u00e4tzlich versch\u00e4rft. Zur Unterst\u00fctzung des S\u00fcdtiroler Sanit\u00e4tsbetriebes haben heute Morgen die Alpini des italienischen Heeres eine zweite Teststation im \u201eTop Stop\u201c des Autohofs Sadobre unweit der Mautstelle Sterzing eingerichtet. Die Teststation im Autohof Sadobre ist Teil der Operation Igea, bei der auf dem gesamtstaatlichen Gebiet Drive-in-Teststationen (DTD \u2013 Drive through-Difesa) eingerichtet werden. Diese St\u00fctzpunkte werden vom Verteidigungsministerium in Zusammenarbeit mit dem Gesundheitsministerium zur Verf\u00fcgung gestellt. Die heute Morgen einberufenen Mitarbeiter \u2013 \u00c4rzte und Pfleger \u2013 geh\u00f6ren dem f\u00fcnften Alpenregiment an, das in Sterzing stationiert ist. Trotz der Bem\u00fchungen ist der Handelsverkehr aus Italien noch immer drastisch eingeschr\u00e4nkt. Damit die LKW-Fahrer in der N\u00e4he der Brennergrenze bei Temperaturen weit unter dem Gefrierpunkt nicht in lange und gef\u00e4hrliche Staus geraten, wird an der Mautstelle Verona Nord weiterhin der Verkehr gefiltert: alle Fahrzeuge, die in Richtung Norden unterwegs sind, m\u00fcssen dort ausfahren. Wer ins Ausland fahren will, darf nur mit einem negativen Coronatest weiterreisen. \u00c4hnliche Kontrollen werden auch an den Autobahneinfahrten n\u00f6rdlich von Verona durchgef\u00fchrt. Wer nach \u00d6sterreich oder Deutschland unterwegs ist, wird gebeten, sich vor Reiseantritt die notwendigen Dokumente zu besorgen. Dabei gilt es zu beachten, dass diese im Ausland nur dann g\u00fcltig sind, wenn sie auch in deutscher, englischer oder italienischer Sprache ausgestellt werden.<\/p>\n<p>&nbsp;<\/p>\n<p><img title=\"A22 - \u00d6sterreichische Blockade am Brenner: Milit\u00e4r kommt zur Hilfe\" loading=\"lazy\" class=\"\" src=\"https:\/\/euwpm01.newsmemory.com\/gardaseezeitung_new\/de\/wp-content\/uploads\/sites\/2\/2021\/02\/Unit\u00e0-Esercito-nellautoporto-Sadobre-1024x768.jpg\" alt=\"Esercito - Autoporto Sadobre\" width=\"750\" height=\"563\" \/><\/p>\n<p>Esercito Italiano im Autohof Sadobre<\/p>\n<hr \/>\n<p>&nbsp;<\/p>\n","protected":false},"excerpt":{"rendered":"<p>Kontrollen n\u00f6rdlich von Verona werden fortgef\u00fchrt; Weitere Teststation an der Sadobre-Rastst\u00e4tte \u201eTop Stop\u201c eingerichtet\u00a0<\/p>\n","protected":false},"author":9,"featured_media":5842,"comment_status":"open","ping_status":"open","sticky":false,"template":"","format":"standard","meta":[],"categories":[2],"tags":[27,42,364,370,23,26],"news-destination":[],"news-source":[],"is_homepage":[],"ta_other":[],"featured_media_details":{"width":1024,"height":641,"file":"2021\/02\/Unit\u00e0-Esercito-al-Top-Stop-di-Sadobre-2.jpg","sizes":{"thumbnail":{"file":"Unit\u00e0-Esercito-al-Top-Stop-di-Sadobre-2-150x150.jpg","width":150,"height":150,"mime-type":"image\/jpeg","source_url":"https:\/\/www.gardaseezeitung.it\/gardaseezeitung_new\/de\/wp-content\/uploads\/sites\/2\/2021\/02\/Unit\u00e0-Esercito-al-Top-Stop-di-Sadobre-2-150x150.jpg"},"medium":{"file":"Unit\u00e0-Esercito-al-Top-Stop-di-Sadobre-2-300x188.jpg","width":300,"height":188,"mime-type":"image\/jpeg","source_url":"https:\/\/www.gardaseezeitung.it\/gardaseezeitung_new\/de\/wp-content\/uploads\/sites\/2\/2021\/02\/Unit\u00e0-Esercito-al-Top-Stop-di-Sadobre-2-300x188.jpg"},"medium_large":{"file":"Unit\u00e0-Esercito-al-Top-Stop-di-Sadobre-2-768x481.jpg","width":768,"height":481,"mime-type":"image\/jpeg","source_url":"https:\/\/www.gardaseezeitung.it\/gardaseezeitung_new\/de\/wp-content\/uploads\/sites\/2\/2021\/02\/Unit\u00e0-Esercito-al-Top-Stop-di-Sadobre-2-768x481.jpg"},"large":{"file":"Unit\u00e0-Esercito-al-Top-Stop-di-Sadobre-2-1024x641.jpg","width":1024,"height":641,"mime-type":"image\/jpeg","source_url":"https:\/\/www.gardaseezeitung.it\/gardaseezeitung_new\/de\/wp-content\/uploads\/sites\/2\/2021\/02\/Unit\u00e0-Esercito-al-Top-Stop-di-Sadobre-2-1024x641.jpg"},"big_image":{"file":"Unit\u00e0-Esercito-al-Top-Stop-di-Sadobre-2-750x469.jpg","width":750,"height":469,"mime-type":"image\/jpeg","source_url":"https:\/\/www.gardaseezeitung.it\/gardaseezeitung_new\/de\/wp-content\/uploads\/sites\/2\/2021\/02\/Unit\u00e0-Esercito-al-Top-Stop-di-Sadobre-2-750x469.jpg"},"guest-author-32":{"file":"Unit\u00e0-Esercito-al-Top-Stop-di-Sadobre-2-32x32.jpg","width":32,"height":32,"mime-type":"image\/jpeg","source_url":"https:\/\/www.gardaseezeitung.it\/gardaseezeitung_new\/de\/wp-content\/uploads\/sites\/2\/2021\/02\/Unit\u00e0-Esercito-al-Top-Stop-di-Sadobre-2-32x32.jpg"},"guest-author-50":{"file":"Unit\u00e0-Esercito-al-Top-Stop-di-Sadobre-2-50x50.jpg","width":50,"height":50,"mime-type":"image\/jpeg","source_url":"https:\/\/www.gardaseezeitung.it\/gardaseezeitung_new\/de\/wp-content\/uploads\/sites\/2\/2021\/02\/Unit\u00e0-Esercito-al-Top-Stop-di-Sadobre-2-50x50.jpg"},"guest-author-64":{"file":"Unit\u00e0-Esercito-al-Top-Stop-di-Sadobre-2-64x64.jpg","width":64,"height":64,"mime-type":"image\/jpeg","source_url":"https:\/\/www.gardaseezeitung.it\/gardaseezeitung_new\/de\/wp-content\/uploads\/sites\/2\/2021\/02\/Unit\u00e0-Esercito-al-Top-Stop-di-Sadobre-2-64x64.jpg"},"guest-author-96":{"file":"Unit\u00e0-Esercito-al-Top-Stop-di-Sadobre-2-96x96.jpg","width":96,"height":96,"mime-type":"image\/jpeg","source_url":"https:\/\/www.gardaseezeitung.it\/gardaseezeitung_new\/de\/wp-content\/uploads\/sites\/2\/2021\/02\/Unit\u00e0-Esercito-al-Top-Stop-di-Sadobre-2-96x96.jpg"},"guest-author-128":{"file":"Unit\u00e0-Esercito-al-Top-Stop-di-Sadobre-2-128x128.jpg","width":128,"height":128,"mime-type":"image\/jpeg","source_url":"https:\/\/www.gardaseezeitung.it\/gardaseezeitung_new\/de\/wp-content\/uploads\/sites\/2\/2021\/02\/Unit\u00e0-Esercito-al-Top-Stop-di-Sadobre-2-128x128.jpg"},"full":{"file":"Unit\u00e0-Esercito-al-Top-Stop-di-Sadobre-2.jpg","width":1024,"height":641,"mime_type":"","source_url":"https:\/\/www.gardaseezeitung.it\/gardaseezeitung_new\/de\/wp-content\/uploads\/sites\/2\/2021\/02\/Unit\u00e0-Esercito-al-Top-Stop-di-Sadobre-2.jpg"}},"image_meta":{"aperture":"0","credit":"","camera":"","caption":"","created_timestamp":"0","copyright":"","focal_length":"0","iso":"0","shutter_speed":"0","title":"","orientation":"1","keywords":[]}},"_links":{"self":[{"href":"https:\/\/www.gardaseezeitung.it\/gardaseezeitung_new\/de\/wp-json\/wp\/v2\/posts\/5843"}],"collection":[{"href":"https:\/\/www.gardaseezeitung.it\/gardaseezeitung_new\/de\/wp-json\/wp\/v2\/posts"}],"about":[{"href":"https:\/\/www.gardaseezeitung.it\/gardaseezeitung_new\/de\/wp-json\/wp\/v2\/types\/post"}],"author":[{"embeddable":true,"href":"https:\/\/www.gardaseezeitung.it\/gardaseezeitung_new\/de\/wp-json\/wp\/v2\/users\/9"}],"replies":[{"embeddable":true,"href":"https:\/\/www.gardaseezeitung.it\/gardaseezeitung_new\/de\/wp-json\/wp\/v2\/comments?post=5843"}],"version-history":[{"count":4,"href":"https:\/\/www.gardaseezeitung.it\/gardaseezeitung_new\/de\/wp-json\/wp\/v2\/posts\/5843\/revisions"}],"predecessor-version":[{"id":17119,"href":"https:\/\/www.gardaseezeitung.it\/gardaseezeitung_new\/de\/wp-json\/wp\/v2\/posts\/5843\/revisions\/17119"}],"wp:featuredmedia":[{"embeddable":true,"href":"https:\/\/www.gardaseezeitung.it\/gardaseezeitung_new\/de\/wp-json\/wp\/v2\/media\/5842"}],"wp:attachment":[{"href":"https:\/\/www.gardaseezeitung.it\/gardaseezeitung_new\/de\/wp-json\/wp\/v2\/media?parent=5843"}],"wp:term":[{"taxonomy":"category","embeddable":true,"href":"https:\/\/www.gardaseezeitung.it\/gardaseezeitung_new\/de\/wp-json\/wp\/v2\/categories?post=5843"},{"taxonomy":"post_tag","embeddable":true,"href":"https:\/\/www.gardaseezeitung.it\/gardaseezeitung_new\/de\/wp-json\/wp\/v2\/tags?post=5843"},{"taxonomy":"news-destination","embeddable":true,"href":"https:\/\/www.gardaseezeitung.it\/gardaseezeitung_new\/de\/wp-json\/wp\/v2\/news-destination?post=5843"},{"taxonomy":"news-source","embeddable":true,"href":"https:\/\/www.gardaseezeitung.it\/gardaseezeitung_new\/de\/wp-json\/wp\/v2\/news-source?post=5843"},{"taxonomy":"is_homepage","embeddable":true,"href":"https:\/\/www.gardaseezeitung.it\/gardaseezeitung_new\/de\/wp-json\/wp\/v2\/is_homepage?post=5843"},{"taxonomy":"ta_other","embeddable":true,"href":"https:\/\/www.gardaseezeitung.it\/gardaseezeitung_new\/de\/wp-json\/wp\/v2\/ta_other?post=5843"}],"curies":[{"name":"wp","href":"https:\/\/api.w.org\/{rel}","templated":true}]}}