{"id":5850,"date":"2021-02-18T21:23:10","date_gmt":"2021-02-18T20:23:10","guid":{"rendered":"http:\/\/euwp08.newsmemory.com\/gardaseezeitung_new\/de\/2021\/02\/18\/termine-des-antiquitaetenmarktes-valeggio-angekuendigt\/"},"modified":"2021-02-18T21:29:38","modified_gmt":"2021-02-18T20:29:38","slug":"termine-des-antiquitaetenmarktes-valeggio-angekuendigt","status":"publish","type":"post","link":"https:\/\/www.gardaseezeitung.it\/2021\/02\/18\/termine-des-antiquitaetenmarktes-valeggio-angekuendigt\/","title":{"rendered":"Termine des Antiquit\u00e4tenmarktes in Valeggio angek\u00fcndigt"},"content":{"rendered":"<p style=\"text-align: justify\">Der Markt f\u00fcr Antiquit\u00e4ten und Modernes von Valeggio sul Mincio (VR), der 1994 ins Leben gerufen wurde, findet traditionsgem\u00e4\u00df jeden 4. Sonntag im Monat auf der Piazza Carlo Alberto und den angrenzenden Stra\u00dfen statt. Es gibt etwa 100 Aussteller, die hochwertige St\u00fccke pr\u00e4sentieren: verschiedene Arten von Objekten, moderne M\u00f6bel und Sammlerst\u00fccke. In den letzten Jahren wurde der modernen Kunst viel Platz einger\u00e4umt, die heute vor allem f\u00fcr das junge Publikum von gro\u00dfem Interesse ist. Valeggio sul Mincio erh\u00e4lt bei dieser Gelegenheit einen besonderen Reiz und bietet seinen Besuchern Routen zur Entdeckung der Sch\u00f6nheit der Gegend und die M\u00f6glichkeit, die typischen Produkte zu probieren, insbesondere die ber\u00fchmten Tortellini von Valeggio, die von den vielen Restaurants und Nudelfabriken der Gegend angeboten werden. Termine 28. Februar, 28. M\u00e4rz, 25. April, 23. Mai, 27. Juni, 25. Juli, 22. August, 26. September, 24. Oktober, 28. November<\/p>\n<p>&nbsp;<\/p>\n<p><img title=\"Termine des Antiquit\u00e4tenmarktes in Valeggio angek\u00fcndigt\" loading=\"lazy\" class=\"size-large wp-image-17117\" src=\"https:\/\/www.gardaseezeitung.it\/gardaseezeitung_new\/de\/wp-content\/uploads\/sites\/2\/2021\/02\/B44640A3-0EB4-4159-9CED-3F06C0064DDE.jpeg\" alt=\"Valeggio Antiquit\u00e4ten\" width=\"640\" height=\"939\" srcset=\"https:\/\/euwps05.newsmemory.com\/gardaseezeitung_new\/de\/wp-content\/uploads\/sites\/2\/2021\/02\/B44640A3-0EB4-4159-9CED-3F06C0064DDE.jpeg 1090w, https:\/\/euwps05.newsmemory.com\/gardaseezeitung_new\/de\/wp-content\/uploads\/sites\/2\/2021\/02\/B44640A3-0EB4-4159-9CED-3F06C0064DDE-204x300.jpeg 204w, https:\/\/euwps05.newsmemory.com\/gardaseezeitung_new\/de\/wp-content\/uploads\/sites\/2\/2021\/02\/B44640A3-0EB4-4159-9CED-3F06C0064DDE-698x1024.jpeg 698w, https:\/\/euwps05.newsmemory.com\/gardaseezeitung_new\/de\/wp-content\/uploads\/sites\/2\/2021\/02\/B44640A3-0EB4-4159-9CED-3F06C0064DDE-768x1127.jpeg 768w, https:\/\/euwps05.newsmemory.com\/gardaseezeitung_new\/de\/wp-content\/uploads\/sites\/2\/2021\/02\/B44640A3-0EB4-4159-9CED-3F06C0064DDE-1046x1536.jpeg 1046w, https:\/\/euwps05.newsmemory.com\/gardaseezeitung_new\/de\/wp-content\/uploads\/sites\/2\/2021\/02\/B44640A3-0EB4-4159-9CED-3F06C0064DDE-750x1101.jpeg 750w\" sizes=\"(max-width: 640px) 100vw, 640px\" \/><\/p>\n<p>&nbsp;<\/p>\n<hr \/>\n<p>&nbsp;<\/p>\n","protected":false},"excerpt":{"rendered":"<p>Der Markt f\u00fcr Antiquit\u00e4ten und Modernes von Valeggio sul Mincio (VR) findet traditionsgem\u00e4\u00df jeden 4. Sonntag im Monat auf der Piazza Carlo Alberto und den angrenzenden Stra\u00dfen statt<\/p>\n","protected":false},"author":9,"featured_media":5849,"comment_status":"open","ping_status":"open","sticky":false,"template":"","format":"standard","meta":[],"categories":[4],"tags":[193,25,23,26,371,372,373,269,38],"news-destination":[],"news-source":[],"is_homepage":[],"ta_other":[],"featured_media_details":{"width":1024,"height":440,"file":"2021\/02\/Schermata-2021-02-18-alle-17.40.22.png","sizes":{"thumbnail":{"file":"Schermata-2021-02-18-alle-17.40.22-150x150.png","width":150,"height":150,"mime-type":"image\/png","source_url":"https:\/\/www.gardaseezeitung.it\/gardaseezeitung_new\/de\/wp-content\/uploads\/sites\/2\/2021\/02\/Schermata-2021-02-18-alle-17.40.22-150x150.png"},"medium":{"file":"Schermata-2021-02-18-alle-17.40.22-300x129.png","width":300,"height":129,"mime-type":"image\/png","source_url":"https:\/\/www.gardaseezeitung.it\/gardaseezeitung_new\/de\/wp-content\/uploads\/sites\/2\/2021\/02\/Schermata-2021-02-18-alle-17.40.22-300x129.png"},"medium_large":{"file":"Schermata-2021-02-18-alle-17.40.22-768x330.png","width":768,"height":330,"mime-type":"image\/png","source_url":"https:\/\/www.gardaseezeitung.it\/gardaseezeitung_new\/de\/wp-content\/uploads\/sites\/2\/2021\/02\/Schermata-2021-02-18-alle-17.40.22-768x330.png"},"large":{"file":"Schermata-2021-02-18-alle-17.40.22-1024x440.png","width":1024,"height":440,"mime-type":"image\/png","source_url":"https:\/\/www.gardaseezeitung.it\/gardaseezeitung_new\/de\/wp-content\/uploads\/sites\/2\/2021\/02\/Schermata-2021-02-18-alle-17.40.22-1024x440.png"},"big_image":{"file":"Schermata-2021-02-18-alle-17.40.22-750x322.png","width":750,"height":322,"mime-type":"image\/png","source_url":"https:\/\/www.gardaseezeitung.it\/gardaseezeitung_new\/de\/wp-content\/uploads\/sites\/2\/2021\/02\/Schermata-2021-02-18-alle-17.40.22-750x322.png"},"guest-author-32":{"file":"Schermata-2021-02-18-alle-17.40.22-32x32.png","width":32,"height":32,"mime-type":"image\/png","source_url":"https:\/\/www.gardaseezeitung.it\/gardaseezeitung_new\/de\/wp-content\/uploads\/sites\/2\/2021\/02\/Schermata-2021-02-18-alle-17.40.22-32x32.png"},"guest-author-50":{"file":"Schermata-2021-02-18-alle-17.40.22-50x50.png","width":50,"height":50,"mime-type":"image\/png","source_url":"https:\/\/www.gardaseezeitung.it\/gardaseezeitung_new\/de\/wp-content\/uploads\/sites\/2\/2021\/02\/Schermata-2021-02-18-alle-17.40.22-50x50.png"},"guest-author-64":{"file":"Schermata-2021-02-18-alle-17.40.22-64x64.png","width":64,"height":64,"mime-type":"image\/png","source_url":"https:\/\/www.gardaseezeitung.it\/gardaseezeitung_new\/de\/wp-content\/uploads\/sites\/2\/2021\/02\/Schermata-2021-02-18-alle-17.40.22-64x64.png"},"guest-author-96":{"file":"Schermata-2021-02-18-alle-17.40.22-96x96.png","width":96,"height":96,"mime-type":"image\/png","source_url":"https:\/\/www.gardaseezeitung.it\/gardaseezeitung_new\/de\/wp-content\/uploads\/sites\/2\/2021\/02\/Schermata-2021-02-18-alle-17.40.22-96x96.png"},"guest-author-128":{"file":"Schermata-2021-02-18-alle-17.40.22-128x128.png","width":128,"height":128,"mime-type":"image\/png","source_url":"https:\/\/www.gardaseezeitung.it\/gardaseezeitung_new\/de\/wp-content\/uploads\/sites\/2\/2021\/02\/Schermata-2021-02-18-alle-17.40.22-128x128.png"},"full":{"file":"Schermata-2021-02-18-alle-17.40.22.png","width":1024,"height":440,"mime_type":"","source_url":"https:\/\/www.gardaseezeitung.it\/gardaseezeitung_new\/de\/wp-content\/uploads\/sites\/2\/2021\/02\/Schermata-2021-02-18-alle-17.40.22.png"}},"image_meta":{"aperture":"0","credit":"","camera":"","caption":"","created_timestamp":"0","copyright":"","focal_length":"0","iso":"0","shutter_speed":"0","title":"","orientation":"0","keywords":[]}},"_links":{"self":[{"href":"https:\/\/www.gardaseezeitung.it\/gardaseezeitung_new\/de\/wp-json\/wp\/v2\/posts\/5850"}],"collection":[{"href":"https:\/\/www.gardaseezeitung.it\/gardaseezeitung_new\/de\/wp-json\/wp\/v2\/posts"}],"about":[{"href":"https:\/\/www.gardaseezeitung.it\/gardaseezeitung_new\/de\/wp-json\/wp\/v2\/types\/post"}],"author":[{"embeddable":true,"href":"https:\/\/www.gardaseezeitung.it\/gardaseezeitung_new\/de\/wp-json\/wp\/v2\/users\/9"}],"replies":[{"embeddable":true,"href":"https:\/\/www.gardaseezeitung.it\/gardaseezeitung_new\/de\/wp-json\/wp\/v2\/comments?post=5850"}],"version-history":[{"count":2,"href":"https:\/\/www.gardaseezeitung.it\/gardaseezeitung_new\/de\/wp-json\/wp\/v2\/posts\/5850\/revisions"}],"predecessor-version":[{"id":17121,"href":"https:\/\/www.gardaseezeitung.it\/gardaseezeitung_new\/de\/wp-json\/wp\/v2\/posts\/5850\/revisions\/17121"}],"wp:featuredmedia":[{"embeddable":true,"href":"https:\/\/www.gardaseezeitung.it\/gardaseezeitung_new\/de\/wp-json\/wp\/v2\/media\/5849"}],"wp:attachment":[{"href":"https:\/\/www.gardaseezeitung.it\/gardaseezeitung_new\/de\/wp-json\/wp\/v2\/media?parent=5850"}],"wp:term":[{"taxonomy":"category","embeddable":true,"href":"https:\/\/www.gardaseezeitung.it\/gardaseezeitung_new\/de\/wp-json\/wp\/v2\/categories?post=5850"},{"taxonomy":"post_tag","embeddable":true,"href":"https:\/\/www.gardaseezeitung.it\/gardaseezeitung_new\/de\/wp-json\/wp\/v2\/tags?post=5850"},{"taxonomy":"news-destination","embeddable":true,"href":"https:\/\/www.gardaseezeitung.it\/gardaseezeitung_new\/de\/wp-json\/wp\/v2\/news-destination?post=5850"},{"taxonomy":"news-source","embeddable":true,"href":"https:\/\/www.gardaseezeitung.it\/gardaseezeitung_new\/de\/wp-json\/wp\/v2\/news-source?post=5850"},{"taxonomy":"is_homepage","embeddable":true,"href":"https:\/\/www.gardaseezeitung.it\/gardaseezeitung_new\/de\/wp-json\/wp\/v2\/is_homepage?post=5850"},{"taxonomy":"ta_other","embeddable":true,"href":"https:\/\/www.gardaseezeitung.it\/gardaseezeitung_new\/de\/wp-json\/wp\/v2\/ta_other?post=5850"}],"curies":[{"name":"wp","href":"https:\/\/api.w.org\/{rel}","templated":true}]}}