{"id":5878,"date":"2021-02-26T16:26:46","date_gmt":"2021-02-26T15:26:46","guid":{"rendered":"http:\/\/euwp08.newsmemory.com\/gardaseezeitung_new\/de\/2021\/02\/26\/colnago-cycling-festival-auf-den-17-18-und-19-september-2021-verschoben\/"},"modified":"2021-02-26T17:34:03","modified_gmt":"2020-09-29T17:34:03","slug":"colnago-cycling-festival-auf-den-17-18-und-19-september-2021-verschoben","status":"publish","type":"post","link":"https:\/\/www.gardaseezeitung.it\/2021\/02\/26\/colnago-cycling-festival-auf-den-17-18-und-19-september-2021-verschoben\/","title":{"rendered":"Colnago Cycling Festival auf den 17., 18. und 19. September verschoben"},"content":{"rendered":"<p style=\"text-align: justify\">Die Entscheidung der Organisatoren war, wieder einmal, schmerzhaft, aber notwendig: Die aktuelle Situation erlaubt es nicht, ein Festival wie das Colnago Cycling Festival in Ruhe stattfinden zu lassen. Das Komitee bedankt sich f\u00fcr die Unterst\u00fctzung aller lokalen Verwaltungen, der Polizei, der Pr\u00e4fektur, der Sponsoren und aller zust\u00e4ndigen \u00c4mter, die bis zum letzten Moment daran gearbeitet haben, dass die Veranstaltung stattfinden kann; sicherlich ist diese Synergie die Kraft, die es uns erlaubt, das Rennen f\u00fcr September neu zu organisieren.<\/p>\n<hr \/>\n<p>&nbsp;<\/p>\n","protected":false},"excerpt":{"rendered":"<p>Die aktuelle Situation erlaubt es nicht, ein Festival wie das Colnago Cycling Festival in Ruhe stattfinden zu lassen. <\/p>\n","protected":false},"author":9,"featured_media":5877,"comment_status":"open","ping_status":"open","sticky":false,"template":"","format":"standard","meta":[],"categories":[6],"tags":[382,383,23,26,384],"news-destination":[],"news-source":[],"is_homepage":[],"ta_other":[],"featured_media_details":{"width":1600,"height":1018,"file":"2021\/02\/home-page-1-.jpg","sizes":{"thumbnail":{"file":"home-page-1--150x150.jpg","width":150,"height":150,"mime-type":"image\/jpeg","source_url":"https:\/\/www.gardaseezeitung.it\/gardaseezeitung_new\/de\/wp-content\/uploads\/sites\/2\/2021\/02\/home-page-1--150x150.jpg"},"medium":{"file":"home-page-1--300x191.jpg","width":300,"height":191,"mime-type":"image\/jpeg","source_url":"https:\/\/www.gardaseezeitung.it\/gardaseezeitung_new\/de\/wp-content\/uploads\/sites\/2\/2021\/02\/home-page-1--300x191.jpg"},"medium_large":{"file":"home-page-1--768x489.jpg","width":768,"height":489,"mime-type":"image\/jpeg","source_url":"https:\/\/www.gardaseezeitung.it\/gardaseezeitung_new\/de\/wp-content\/uploads\/sites\/2\/2021\/02\/home-page-1--768x489.jpg"},"large":{"file":"home-page-1--1024x652.jpg","width":1024,"height":652,"mime-type":"image\/jpeg","source_url":"https:\/\/www.gardaseezeitung.it\/gardaseezeitung_new\/de\/wp-content\/uploads\/sites\/2\/2021\/02\/home-page-1--1024x652.jpg"},"big_image":{"file":"home-page-1--750x477.jpg","width":750,"height":477,"mime-type":"image\/jpeg","source_url":"https:\/\/www.gardaseezeitung.it\/gardaseezeitung_new\/de\/wp-content\/uploads\/sites\/2\/2021\/02\/home-page-1--750x477.jpg"},"guest-author-32":{"file":"home-page-1--32x32.jpg","width":32,"height":32,"mime-type":"image\/jpeg","source_url":"https:\/\/www.gardaseezeitung.it\/gardaseezeitung_new\/de\/wp-content\/uploads\/sites\/2\/2021\/02\/home-page-1--32x32.jpg"},"guest-author-50":{"file":"home-page-1--50x50.jpg","width":50,"height":50,"mime-type":"image\/jpeg","source_url":"https:\/\/www.gardaseezeitung.it\/gardaseezeitung_new\/de\/wp-content\/uploads\/sites\/2\/2021\/02\/home-page-1--50x50.jpg"},"guest-author-64":{"file":"home-page-1--64x64.jpg","width":64,"height":64,"mime-type":"image\/jpeg","source_url":"https:\/\/www.gardaseezeitung.it\/gardaseezeitung_new\/de\/wp-content\/uploads\/sites\/2\/2021\/02\/home-page-1--64x64.jpg"},"guest-author-96":{"file":"home-page-1--96x96.jpg","width":96,"height":96,"mime-type":"image\/jpeg","source_url":"https:\/\/www.gardaseezeitung.it\/gardaseezeitung_new\/de\/wp-content\/uploads\/sites\/2\/2021\/02\/home-page-1--96x96.jpg"},"guest-author-128":{"file":"home-page-1--128x128.jpg","width":128,"height":128,"mime-type":"image\/jpeg","source_url":"https:\/\/www.gardaseezeitung.it\/gardaseezeitung_new\/de\/wp-content\/uploads\/sites\/2\/2021\/02\/home-page-1--128x128.jpg"},"full":{"file":"home-page-1-.jpg","width":1600,"height":1018,"mime_type":"","source_url":"https:\/\/www.gardaseezeitung.it\/gardaseezeitung_new\/de\/wp-content\/uploads\/sites\/2\/2021\/02\/home-page-1-.jpg"}},"image_meta":{"aperture":"4","credit":"","camera":"Canon EOS 500D","caption":"","created_timestamp":"1431860349","copyright":"","focal_length":"70","iso":"100","shutter_speed":"0.0015625","title":"","orientation":"1","keywords":[]}},"_links":{"self":[{"href":"https:\/\/www.gardaseezeitung.it\/gardaseezeitung_new\/de\/wp-json\/wp\/v2\/posts\/5878"}],"collection":[{"href":"https:\/\/www.gardaseezeitung.it\/gardaseezeitung_new\/de\/wp-json\/wp\/v2\/posts"}],"about":[{"href":"https:\/\/www.gardaseezeitung.it\/gardaseezeitung_new\/de\/wp-json\/wp\/v2\/types\/post"}],"author":[{"embeddable":true,"href":"https:\/\/www.gardaseezeitung.it\/gardaseezeitung_new\/de\/wp-json\/wp\/v2\/users\/9"}],"replies":[{"embeddable":true,"href":"https:\/\/www.gardaseezeitung.it\/gardaseezeitung_new\/de\/wp-json\/wp\/v2\/comments?post=5878"}],"version-history":[{"count":3,"href":"https:\/\/www.gardaseezeitung.it\/gardaseezeitung_new\/de\/wp-json\/wp\/v2\/posts\/5878\/revisions"}],"predecessor-version":[{"id":5894,"href":"https:\/\/www.gardaseezeitung.it\/gardaseezeitung_new\/de\/wp-json\/wp\/v2\/posts\/5878\/revisions\/5894"}],"wp:featuredmedia":[{"embeddable":true,"href":"https:\/\/www.gardaseezeitung.it\/gardaseezeitung_new\/de\/wp-json\/wp\/v2\/media\/5877"}],"wp:attachment":[{"href":"https:\/\/www.gardaseezeitung.it\/gardaseezeitung_new\/de\/wp-json\/wp\/v2\/media?parent=5878"}],"wp:term":[{"taxonomy":"category","embeddable":true,"href":"https:\/\/www.gardaseezeitung.it\/gardaseezeitung_new\/de\/wp-json\/wp\/v2\/categories?post=5878"},{"taxonomy":"post_tag","embeddable":true,"href":"https:\/\/www.gardaseezeitung.it\/gardaseezeitung_new\/de\/wp-json\/wp\/v2\/tags?post=5878"},{"taxonomy":"news-destination","embeddable":true,"href":"https:\/\/www.gardaseezeitung.it\/gardaseezeitung_new\/de\/wp-json\/wp\/v2\/news-destination?post=5878"},{"taxonomy":"news-source","embeddable":true,"href":"https:\/\/www.gardaseezeitung.it\/gardaseezeitung_new\/de\/wp-json\/wp\/v2\/news-source?post=5878"},{"taxonomy":"is_homepage","embeddable":true,"href":"https:\/\/www.gardaseezeitung.it\/gardaseezeitung_new\/de\/wp-json\/wp\/v2\/is_homepage?post=5878"},{"taxonomy":"ta_other","embeddable":true,"href":"https:\/\/www.gardaseezeitung.it\/gardaseezeitung_new\/de\/wp-json\/wp\/v2\/ta_other?post=5878"}],"curies":[{"name":"wp","href":"https:\/\/api.w.org\/{rel}","templated":true}]}}