{"id":5886,"date":"2021-02-26T17:12:13","date_gmt":"2021-02-26T16:12:13","guid":{"rendered":"http:\/\/euwp08.newsmemory.com\/gardaseezeitung_new\/de\/2021\/02\/26\/malcesine-im-rennen-um-den-titel-des-schoensten-dorfes-italiens\/"},"modified":"2021-02-26T18:43:10","modified_gmt":"2020-09-29T18:43:10","slug":"malcesine-im-rennen-um-den-titel-des-schoensten-dorfes-italiens","status":"publish","type":"post","link":"https:\/\/www.gardaseezeitung.it\/2021\/02\/26\/malcesine-im-rennen-um-den-titel-des-schoensten-dorfes-italiens\/","title":{"rendered":"Malcesine im Rennen um den Titel des sch\u00f6nsten Dorfes Italiens"},"content":{"rendered":"<p style=\"text-align: justify\">Malcesine hat das Ziel, das sch\u00f6nste Dorf Italiens zu werden. Die Stadt am oberen Gardasee nimmt am Sonntag, den 28. M\u00e4rz, am Wettbewerb um den Titel des &#8222;Dorfes der D\u00f6rfer&#8220; f\u00fcr das Jahr 2021 teil. Die Herausforderung, an der neunzehn weitere D\u00f6rfer aus anderen italienischen Regionen teilnehmen, beinhaltet eine erste Online-Abstimmung, die einmal t\u00e4glich mit Ihrer E-Mail-Adresse durchgef\u00fchrt werden kann, am Ende der Pr\u00e4sentation aller D\u00f6rfer im Rennen. Die Abstimmung wird im M\u00e4rz beginnen, die Abstimmungsmethoden und die kompletten Regeln werden in den kommenden Tagen von den Organisatoren bekannt gegeben. Das Video, mit dem Malcesine am Wettbewerb der RAI (dem italienischen Staatsfernsehen) teilnimmt, wird ab dem ersten M\u00e4rz auf der Website <a href=\"http:\/\/www.raiplay.it\/ricerca.html?q=borgo+dei+borghi\" target=\"_blank\" rel=\"noopener noreferrer\">www.raiplay.it\/ricerca.html?q=borgo+dei+borghi<\/a> zu sehen sein.<\/p>\n<hr \/>\n<p>&nbsp;<\/p>\n","protected":false},"excerpt":{"rendered":"<p>Die Stadt am oberen Gardasee nimmt am Sonntag, den 28. M\u00e4rz, am Wettbewerb um den Titel des &#8222;Dorfes der D\u00f6rfer&#8220; f\u00fcr das Jahr 2021 teil<\/p>\n","protected":false},"author":9,"featured_media":4212,"comment_status":"open","ping_status":"open","sticky":false,"template":"","format":"standard","meta":[],"categories":[4],"tags":[390,25,391,23,26,392,170],"news-destination":[],"news-source":[],"is_homepage":[],"ta_other":[],"featured_media_details":{"width":1200,"height":600,"file":"2021\/02\/malcesine-sera.jpg","sizes":{"thumbnail":{"file":"malcesine-sera-150x150.jpg","width":150,"height":150,"mime-type":"image\/jpeg","source_url":"https:\/\/www.gardaseezeitung.it\/gardaseezeitung_new\/de\/wp-content\/uploads\/sites\/2\/2020\/06\/malcesine-sera-150x150.jpg"},"medium":{"file":"malcesine-sera-300x150.jpg","width":300,"height":150,"mime-type":"image\/jpeg","source_url":"https:\/\/www.gardaseezeitung.it\/gardaseezeitung_new\/de\/wp-content\/uploads\/sites\/2\/2020\/06\/malcesine-sera-300x150.jpg"},"medium_large":{"file":"malcesine-sera-768x384.jpg","width":768,"height":384,"mime-type":"image\/jpeg","source_url":"https:\/\/www.gardaseezeitung.it\/gardaseezeitung_new\/de\/wp-content\/uploads\/sites\/2\/2020\/06\/malcesine-sera-768x384.jpg"},"large":{"file":"malcesine-sera-1024x512.jpg","width":1024,"height":512,"mime-type":"image\/jpeg","source_url":"https:\/\/www.gardaseezeitung.it\/gardaseezeitung_new\/de\/wp-content\/uploads\/sites\/2\/2020\/06\/malcesine-sera-1024x512.jpg"},"big_image":{"file":"malcesine-sera-750x375.jpg","width":750,"height":375,"mime-type":"image\/jpeg","source_url":"https:\/\/www.gardaseezeitung.it\/gardaseezeitung_new\/de\/wp-content\/uploads\/sites\/2\/2020\/06\/malcesine-sera-750x375.jpg"},"guest-author-32":{"file":"malcesine-sera-32x32.jpg","width":32,"height":32,"mime-type":"image\/jpeg","source_url":"https:\/\/www.gardaseezeitung.it\/gardaseezeitung_new\/de\/wp-content\/uploads\/sites\/2\/2020\/06\/malcesine-sera-32x32.jpg"},"guest-author-50":{"file":"malcesine-sera-50x50.jpg","width":50,"height":50,"mime-type":"image\/jpeg","source_url":"https:\/\/www.gardaseezeitung.it\/gardaseezeitung_new\/de\/wp-content\/uploads\/sites\/2\/2020\/06\/malcesine-sera-50x50.jpg"},"guest-author-64":{"file":"malcesine-sera-64x64.jpg","width":64,"height":64,"mime-type":"image\/jpeg","source_url":"https:\/\/www.gardaseezeitung.it\/gardaseezeitung_new\/de\/wp-content\/uploads\/sites\/2\/2020\/06\/malcesine-sera-64x64.jpg"},"guest-author-96":{"file":"malcesine-sera-96x96.jpg","width":96,"height":96,"mime-type":"image\/jpeg","source_url":"https:\/\/www.gardaseezeitung.it\/gardaseezeitung_new\/de\/wp-content\/uploads\/sites\/2\/2020\/06\/malcesine-sera-96x96.jpg"},"guest-author-128":{"file":"malcesine-sera-128x128.jpg","width":128,"height":128,"mime-type":"image\/jpeg","source_url":"https:\/\/www.gardaseezeitung.it\/gardaseezeitung_new\/de\/wp-content\/uploads\/sites\/2\/2020\/06\/malcesine-sera-128x128.jpg"},"full":{"file":"malcesine-sera.jpg","width":1200,"height":600,"mime_type":"","source_url":"https:\/\/www.gardaseezeitung.it\/gardaseezeitung_new\/de\/wp-content\/uploads\/sites\/2\/2020\/06\/malcesine-sera.jpg"}},"image_meta":{"aperture":"0","credit":"","camera":"","caption":"","created_timestamp":"0","copyright":"","focal_length":"0","iso":"0","shutter_speed":"0","title":"","orientation":"1","keywords":[]}},"_links":{"self":[{"href":"https:\/\/www.gardaseezeitung.it\/gardaseezeitung_new\/de\/wp-json\/wp\/v2\/posts\/5886"}],"collection":[{"href":"https:\/\/www.gardaseezeitung.it\/gardaseezeitung_new\/de\/wp-json\/wp\/v2\/posts"}],"about":[{"href":"https:\/\/www.gardaseezeitung.it\/gardaseezeitung_new\/de\/wp-json\/wp\/v2\/types\/post"}],"author":[{"embeddable":true,"href":"https:\/\/www.gardaseezeitung.it\/gardaseezeitung_new\/de\/wp-json\/wp\/v2\/users\/9"}],"replies":[{"embeddable":true,"href":"https:\/\/www.gardaseezeitung.it\/gardaseezeitung_new\/de\/wp-json\/wp\/v2\/comments?post=5886"}],"version-history":[{"count":3,"href":"https:\/\/www.gardaseezeitung.it\/gardaseezeitung_new\/de\/wp-json\/wp\/v2\/posts\/5886\/revisions"}],"predecessor-version":[{"id":5909,"href":"https:\/\/www.gardaseezeitung.it\/gardaseezeitung_new\/de\/wp-json\/wp\/v2\/posts\/5886\/revisions\/5909"}],"wp:featuredmedia":[{"embeddable":true,"href":"https:\/\/www.gardaseezeitung.it\/gardaseezeitung_new\/de\/wp-json\/wp\/v2\/media\/4212"}],"wp:attachment":[{"href":"https:\/\/www.gardaseezeitung.it\/gardaseezeitung_new\/de\/wp-json\/wp\/v2\/media?parent=5886"}],"wp:term":[{"taxonomy":"category","embeddable":true,"href":"https:\/\/www.gardaseezeitung.it\/gardaseezeitung_new\/de\/wp-json\/wp\/v2\/categories?post=5886"},{"taxonomy":"post_tag","embeddable":true,"href":"https:\/\/www.gardaseezeitung.it\/gardaseezeitung_new\/de\/wp-json\/wp\/v2\/tags?post=5886"},{"taxonomy":"news-destination","embeddable":true,"href":"https:\/\/www.gardaseezeitung.it\/gardaseezeitung_new\/de\/wp-json\/wp\/v2\/news-destination?post=5886"},{"taxonomy":"news-source","embeddable":true,"href":"https:\/\/www.gardaseezeitung.it\/gardaseezeitung_new\/de\/wp-json\/wp\/v2\/news-source?post=5886"},{"taxonomy":"is_homepage","embeddable":true,"href":"https:\/\/www.gardaseezeitung.it\/gardaseezeitung_new\/de\/wp-json\/wp\/v2\/is_homepage?post=5886"},{"taxonomy":"ta_other","embeddable":true,"href":"https:\/\/www.gardaseezeitung.it\/gardaseezeitung_new\/de\/wp-json\/wp\/v2\/ta_other?post=5886"}],"curies":[{"name":"wp","href":"https:\/\/api.w.org\/{rel}","templated":true}]}}