{"id":5895,"date":"2021-02-27T17:42:18","date_gmt":"2021-02-27T16:42:18","guid":{"rendered":"http:\/\/euwp08.newsmemory.com\/gardaseezeitung_new\/de\/2021\/02\/27\/verkehrsbeschraenkte-zone-im-zentrum-von-sirmione-neue-regelungen\/"},"modified":"2021-02-27T17:42:39","modified_gmt":"2021-02-27T16:42:39","slug":"verkehrsbeschraenkte-zone-im-zentrum-von-sirmione-neue-regelungen","status":"publish","type":"post","link":"https:\/\/www.gardaseezeitung.it\/2021\/02\/27\/verkehrsbeschraenkte-zone-im-zentrum-von-sirmione-neue-regelungen\/","title":{"rendered":"Verkehrsbeschr\u00e4nkte Zone im Zentrum von Sirmione: neue Regelungen"},"content":{"rendered":"<p style=\"text-align: justify\">Die verkehrsbeschr\u00e4nkte Zone (ZTL) von Sirmione umfasst das historische Zentrum: In diesem Bereich ist die Zufahrt und der Verkehr von Fahrzeugen zu festgelegten Zeiten nur f\u00fcr bestimmte Benutzerkategorien und f\u00fcr bestimmte Arten von Transportmitteln erlaubt. Die Regeln f\u00fcr die Einfahrt in die ZTL wurden mit der Absicht aufgestellt, den Verkehr im historischen Zentrum zu reduzieren, insbesondere zu Zeiten mit hohem Verkehrsaufkommen. Es sollte nicht vergessen werden, dass das historische Zentrum von Sirmione, auch aufgrund seiner besonderen Beschaffenheit, besonders empfindlich und verletzlich ist.<\/p>\n<p style=\"text-align: justify\">Die Regeln 2021: <a href=\"https:\/\/www.comune.sirmione.bs.it\/regolamentazione-della-ztl\" target=\"_blank\" rel=\"noopener noreferrer\">https:\/\/www.comune.sirmione.bs.it\/regolamentazione-della-ztl<\/a><\/p>\n<p style=\"text-align: justify\">F\u00fcr alle Informationen k\u00f6nnen Sie sich an die Stadtpolizei von Sirmione wenden: 030 9909 190 &#8211; ztl@sirmionebs.it<\/p>\n<p>&nbsp;<\/p>\n<p><img title=\"Verkehrsbeschr\u00e4nkte Zone im Zentrum von Sirmione: neue Regelungen\" loading=\"lazy\" class=\"wp-image-17124\" src=\"https:\/\/www.gardaseezeitung.it\/gardaseezeitung_new\/de\/wp-content\/uploads\/sites\/2\/2021\/02\/ztl-segnale-big-beta-2.jpg\" alt=\"ZTL\" width=\"750\" height=\"422\" srcset=\"https:\/\/euwps05.newsmemory.com\/gardaseezeitung_new\/de\/wp-content\/uploads\/sites\/2\/2021\/02\/ztl-segnale-big-beta-2.jpg 1000w, https:\/\/euwps05.newsmemory.com\/gardaseezeitung_new\/de\/wp-content\/uploads\/sites\/2\/2021\/02\/ztl-segnale-big-beta-2-300x169.jpg 300w, https:\/\/euwps05.newsmemory.com\/gardaseezeitung_new\/de\/wp-content\/uploads\/sites\/2\/2021\/02\/ztl-segnale-big-beta-2-768x432.jpg 768w, https:\/\/euwps05.newsmemory.com\/gardaseezeitung_new\/de\/wp-content\/uploads\/sites\/2\/2021\/02\/ztl-segnale-big-beta-2-750x422.jpg 750w\" sizes=\"(max-width: 750px) 100vw, 750px\" \/><\/p>\n<hr \/>\n<p>&nbsp;<\/p>\n","protected":false},"excerpt":{"rendered":"<p>Die Stadtverwaltung hat die Regeln f\u00fcr den Zugang zur verkehrsbeschr\u00e4nkten Zone im Jahr 2021 erlassen<\/p>\n","protected":false},"author":9,"featured_media":5897,"comment_status":"open","ping_status":"open","sticky":false,"template":"","format":"standard","meta":[],"categories":[3],"tags":[25,23,26,31,393,394,395],"news-destination":[],"news-source":[],"is_homepage":[],"ta_other":[],"featured_media_details":{"width":2048,"height":512,"file":"2021\/02\/8x2-zona-traffico-limitato-semaforo-2048x512.jpg","sizes":{"thumbnail":{"file":"8x2-zona-traffico-limitato-semaforo-2048x512-150x150.jpg","width":150,"height":150,"mime-type":"image\/jpeg","source_url":"https:\/\/www.gardaseezeitung.it\/gardaseezeitung_new\/de\/wp-content\/uploads\/sites\/2\/2021\/02\/8x2-zona-traffico-limitato-semaforo-2048x512-150x150.jpg"},"medium":{"file":"8x2-zona-traffico-limitato-semaforo-2048x512-300x75.jpg","width":300,"height":75,"mime-type":"image\/jpeg","source_url":"https:\/\/www.gardaseezeitung.it\/gardaseezeitung_new\/de\/wp-content\/uploads\/sites\/2\/2021\/02\/8x2-zona-traffico-limitato-semaforo-2048x512-300x75.jpg"},"medium_large":{"file":"8x2-zona-traffico-limitato-semaforo-2048x512-768x192.jpg","width":768,"height":192,"mime-type":"image\/jpeg","source_url":"https:\/\/www.gardaseezeitung.it\/gardaseezeitung_new\/de\/wp-content\/uploads\/sites\/2\/2021\/02\/8x2-zona-traffico-limitato-semaforo-2048x512-768x192.jpg"},"large":{"file":"8x2-zona-traffico-limitato-semaforo-2048x512-1024x256.jpg","width":1024,"height":256,"mime-type":"image\/jpeg","source_url":"https:\/\/www.gardaseezeitung.it\/gardaseezeitung_new\/de\/wp-content\/uploads\/sites\/2\/2021\/02\/8x2-zona-traffico-limitato-semaforo-2048x512-1024x256.jpg"},"big_image":{"file":"8x2-zona-traffico-limitato-semaforo-2048x512-750x188.jpg","width":750,"height":188,"mime-type":"image\/jpeg","source_url":"https:\/\/www.gardaseezeitung.it\/gardaseezeitung_new\/de\/wp-content\/uploads\/sites\/2\/2021\/02\/8x2-zona-traffico-limitato-semaforo-2048x512-750x188.jpg"},"guest-author-32":{"file":"8x2-zona-traffico-limitato-semaforo-2048x512-32x32.jpg","width":32,"height":32,"mime-type":"image\/jpeg","source_url":"https:\/\/www.gardaseezeitung.it\/gardaseezeitung_new\/de\/wp-content\/uploads\/sites\/2\/2021\/02\/8x2-zona-traffico-limitato-semaforo-2048x512-32x32.jpg"},"guest-author-50":{"file":"8x2-zona-traffico-limitato-semaforo-2048x512-50x50.jpg","width":50,"height":50,"mime-type":"image\/jpeg","source_url":"https:\/\/www.gardaseezeitung.it\/gardaseezeitung_new\/de\/wp-content\/uploads\/sites\/2\/2021\/02\/8x2-zona-traffico-limitato-semaforo-2048x512-50x50.jpg"},"guest-author-64":{"file":"8x2-zona-traffico-limitato-semaforo-2048x512-64x64.jpg","width":64,"height":64,"mime-type":"image\/jpeg","source_url":"https:\/\/www.gardaseezeitung.it\/gardaseezeitung_new\/de\/wp-content\/uploads\/sites\/2\/2021\/02\/8x2-zona-traffico-limitato-semaforo-2048x512-64x64.jpg"},"guest-author-96":{"file":"8x2-zona-traffico-limitato-semaforo-2048x512-96x96.jpg","width":96,"height":96,"mime-type":"image\/jpeg","source_url":"https:\/\/www.gardaseezeitung.it\/gardaseezeitung_new\/de\/wp-content\/uploads\/sites\/2\/2021\/02\/8x2-zona-traffico-limitato-semaforo-2048x512-96x96.jpg"},"guest-author-128":{"file":"8x2-zona-traffico-limitato-semaforo-2048x512-128x128.jpg","width":128,"height":128,"mime-type":"image\/jpeg","source_url":"https:\/\/www.gardaseezeitung.it\/gardaseezeitung_new\/de\/wp-content\/uploads\/sites\/2\/2021\/02\/8x2-zona-traffico-limitato-semaforo-2048x512-128x128.jpg"},"full":{"file":"8x2-zona-traffico-limitato-semaforo-2048x512.jpg","width":2048,"height":512,"mime_type":"","source_url":"https:\/\/www.gardaseezeitung.it\/gardaseezeitung_new\/de\/wp-content\/uploads\/sites\/2\/2021\/02\/8x2-zona-traffico-limitato-semaforo-2048x512.jpg"}},"image_meta":{"aperture":"0","credit":"","camera":"","caption":"","created_timestamp":"0","copyright":"","focal_length":"0","iso":"0","shutter_speed":"0","title":"","orientation":"0","keywords":[]}},"_links":{"self":[{"href":"https:\/\/www.gardaseezeitung.it\/gardaseezeitung_new\/de\/wp-json\/wp\/v2\/posts\/5895"}],"collection":[{"href":"https:\/\/www.gardaseezeitung.it\/gardaseezeitung_new\/de\/wp-json\/wp\/v2\/posts"}],"about":[{"href":"https:\/\/www.gardaseezeitung.it\/gardaseezeitung_new\/de\/wp-json\/wp\/v2\/types\/post"}],"author":[{"embeddable":true,"href":"https:\/\/www.gardaseezeitung.it\/gardaseezeitung_new\/de\/wp-json\/wp\/v2\/users\/9"}],"replies":[{"embeddable":true,"href":"https:\/\/www.gardaseezeitung.it\/gardaseezeitung_new\/de\/wp-json\/wp\/v2\/comments?post=5895"}],"version-history":[{"count":8,"href":"https:\/\/www.gardaseezeitung.it\/gardaseezeitung_new\/de\/wp-json\/wp\/v2\/posts\/5895\/revisions"}],"predecessor-version":[{"id":17125,"href":"https:\/\/www.gardaseezeitung.it\/gardaseezeitung_new\/de\/wp-json\/wp\/v2\/posts\/5895\/revisions\/17125"}],"wp:featuredmedia":[{"embeddable":true,"href":"https:\/\/www.gardaseezeitung.it\/gardaseezeitung_new\/de\/wp-json\/wp\/v2\/media\/5897"}],"wp:attachment":[{"href":"https:\/\/www.gardaseezeitung.it\/gardaseezeitung_new\/de\/wp-json\/wp\/v2\/media?parent=5895"}],"wp:term":[{"taxonomy":"category","embeddable":true,"href":"https:\/\/www.gardaseezeitung.it\/gardaseezeitung_new\/de\/wp-json\/wp\/v2\/categories?post=5895"},{"taxonomy":"post_tag","embeddable":true,"href":"https:\/\/www.gardaseezeitung.it\/gardaseezeitung_new\/de\/wp-json\/wp\/v2\/tags?post=5895"},{"taxonomy":"news-destination","embeddable":true,"href":"https:\/\/www.gardaseezeitung.it\/gardaseezeitung_new\/de\/wp-json\/wp\/v2\/news-destination?post=5895"},{"taxonomy":"news-source","embeddable":true,"href":"https:\/\/www.gardaseezeitung.it\/gardaseezeitung_new\/de\/wp-json\/wp\/v2\/news-source?post=5895"},{"taxonomy":"is_homepage","embeddable":true,"href":"https:\/\/www.gardaseezeitung.it\/gardaseezeitung_new\/de\/wp-json\/wp\/v2\/is_homepage?post=5895"},{"taxonomy":"ta_other","embeddable":true,"href":"https:\/\/www.gardaseezeitung.it\/gardaseezeitung_new\/de\/wp-json\/wp\/v2\/ta_other?post=5895"}],"curies":[{"name":"wp","href":"https:\/\/api.w.org\/{rel}","templated":true}]}}