{"id":5922,"date":"2021-03-04T10:27:57","date_gmt":"2021-03-04T09:27:57","guid":{"rendered":"http:\/\/euwp08.newsmemory.com\/gardaseezeitung_new\/de\/2021\/03\/04\/verona-antiquaria-die-ausgabe-vom-7-maerz-ist-den-frauen-gewidmet\/"},"modified":"2021-03-04T10:28:29","modified_gmt":"2020-10-05T10:28:29","slug":"verona-antiquaria-die-ausgabe-vom-7-maerz-ist-den-frauen-gewidmet","status":"publish","type":"post","link":"https:\/\/www.gardaseezeitung.it\/2021\/03\/04\/verona-antiquaria-die-ausgabe-vom-7-maerz-ist-den-frauen-gewidmet\/","title":{"rendered":"Verona Antiquaria: die Ausgabe vom 7. M\u00e4rz ist den Frauen gewidmet"},"content":{"rendered":"<p style=\"text-align: justify\">Veronas traditioneller Antiquit\u00e4tenmarkt findet diesen Sonntag von 8:00 bis 17:00 Uhr im Stadtteil San Zeno statt.Unter den St\u00e4nden von Verona Antiquaria, wie immer, ein reichhaltiges Angebot an B\u00fcchern, Vinyls, Drucken, Accessoires, Kleidung, Kunstwerken und Einrichtungsgegenst\u00e4nden mit Retro-Charme: eine un\u00fcbersehbare Gelegenheit nicht nur f\u00fcr Fans, sondern auch f\u00fcr diejenigen, die einen etwas anderen Sonntag verbringen und in die Vergangenheit eintauchen m\u00f6chten. Diese Ausgabe ist den Frauen gewidmet: Auf den sozialen Kan\u00e4len von Verona Antiquaria werden n\u00e4mlich drei der Frauen vorgestellt, die mit ihren Pers\u00f6nlichkeiten die Geschichte der Stadt Verona gepr\u00e4gt haben: Anna da Schio Serego Alighieri, die intellektuelle Adelige, die es liebte, die Pracht der Basilika San Zeno im Mondschein zu bewundern; Silvia Curtoni Verza, die edle Dichterin und F\u00f6rderin von Kultur und Literatur; und Claudia Marcellina, die den Spitznamen &#8222;die Ziegelunternehmerin&#8220; trug. Wie bei allen vorherigen Ausgaben wird die Veranstaltung sicher und unter Einhaltung der Vorschriften stattfinden, um Aussteller und Besucher zu sch\u00fctzen.<\/p>\n<hr \/>\n<p>&nbsp;<\/p>\n","protected":false},"excerpt":{"rendered":"<p>Veronas traditioneller Antiquit\u00e4tenmarkt findet diesen Sonntag von 8:00 bis 17:00 Uhr im Stadtteil San Zeno statt.<\/p>\n","protected":false},"author":9,"featured_media":5921,"comment_status":"open","ping_status":"open","sticky":false,"template":"","format":"standard","meta":[],"categories":[4],"tags":[410,193,411,25,23,26,412,413,38,328,329],"news-destination":[],"news-source":[],"is_homepage":[],"ta_other":[],"featured_media_details":{"width":2048,"height":1536,"file":"2021\/03\/PIAZZA-SAN-ZENO.jpg","sizes":{"thumbnail":{"file":"PIAZZA-SAN-ZENO-150x150.jpg","width":150,"height":150,"mime-type":"image\/jpeg","source_url":"https:\/\/www.gardaseezeitung.it\/gardaseezeitung_new\/de\/wp-content\/uploads\/sites\/2\/2021\/03\/PIAZZA-SAN-ZENO-150x150.jpg"},"medium":{"file":"PIAZZA-SAN-ZENO-300x225.jpg","width":300,"height":225,"mime-type":"image\/jpeg","source_url":"https:\/\/www.gardaseezeitung.it\/gardaseezeitung_new\/de\/wp-content\/uploads\/sites\/2\/2021\/03\/PIAZZA-SAN-ZENO-300x225.jpg"},"medium_large":{"file":"PIAZZA-SAN-ZENO-768x576.jpg","width":768,"height":576,"mime-type":"image\/jpeg","source_url":"https:\/\/www.gardaseezeitung.it\/gardaseezeitung_new\/de\/wp-content\/uploads\/sites\/2\/2021\/03\/PIAZZA-SAN-ZENO-768x576.jpg"},"large":{"file":"PIAZZA-SAN-ZENO-1024x768.jpg","width":1024,"height":768,"mime-type":"image\/jpeg","source_url":"https:\/\/www.gardaseezeitung.it\/gardaseezeitung_new\/de\/wp-content\/uploads\/sites\/2\/2021\/03\/PIAZZA-SAN-ZENO-1024x768.jpg"},"big_image":{"file":"PIAZZA-SAN-ZENO-750x563.jpg","width":750,"height":563,"mime-type":"image\/jpeg","source_url":"https:\/\/www.gardaseezeitung.it\/gardaseezeitung_new\/de\/wp-content\/uploads\/sites\/2\/2021\/03\/PIAZZA-SAN-ZENO-750x563.jpg"},"guest-author-32":{"file":"PIAZZA-SAN-ZENO-32x32.jpg","width":32,"height":32,"mime-type":"image\/jpeg","source_url":"https:\/\/www.gardaseezeitung.it\/gardaseezeitung_new\/de\/wp-content\/uploads\/sites\/2\/2021\/03\/PIAZZA-SAN-ZENO-32x32.jpg"},"guest-author-50":{"file":"PIAZZA-SAN-ZENO-50x50.jpg","width":50,"height":50,"mime-type":"image\/jpeg","source_url":"https:\/\/www.gardaseezeitung.it\/gardaseezeitung_new\/de\/wp-content\/uploads\/sites\/2\/2021\/03\/PIAZZA-SAN-ZENO-50x50.jpg"},"guest-author-64":{"file":"PIAZZA-SAN-ZENO-64x64.jpg","width":64,"height":64,"mime-type":"image\/jpeg","source_url":"https:\/\/www.gardaseezeitung.it\/gardaseezeitung_new\/de\/wp-content\/uploads\/sites\/2\/2021\/03\/PIAZZA-SAN-ZENO-64x64.jpg"},"guest-author-96":{"file":"PIAZZA-SAN-ZENO-96x96.jpg","width":96,"height":96,"mime-type":"image\/jpeg","source_url":"https:\/\/www.gardaseezeitung.it\/gardaseezeitung_new\/de\/wp-content\/uploads\/sites\/2\/2021\/03\/PIAZZA-SAN-ZENO-96x96.jpg"},"guest-author-128":{"file":"PIAZZA-SAN-ZENO-128x128.jpg","width":128,"height":128,"mime-type":"image\/jpeg","source_url":"https:\/\/www.gardaseezeitung.it\/gardaseezeitung_new\/de\/wp-content\/uploads\/sites\/2\/2021\/03\/PIAZZA-SAN-ZENO-128x128.jpg"},"full":{"file":"PIAZZA-SAN-ZENO.jpg","width":2048,"height":1536,"mime_type":"","source_url":"https:\/\/www.gardaseezeitung.it\/gardaseezeitung_new\/de\/wp-content\/uploads\/sites\/2\/2021\/03\/PIAZZA-SAN-ZENO.jpg"}},"image_meta":{"aperture":"0","credit":"","camera":"","caption":"","created_timestamp":"0","copyright":"","focal_length":"0","iso":"0","shutter_speed":"0","title":"","orientation":"0","keywords":[]}},"_links":{"self":[{"href":"https:\/\/www.gardaseezeitung.it\/gardaseezeitung_new\/de\/wp-json\/wp\/v2\/posts\/5922"}],"collection":[{"href":"https:\/\/www.gardaseezeitung.it\/gardaseezeitung_new\/de\/wp-json\/wp\/v2\/posts"}],"about":[{"href":"https:\/\/www.gardaseezeitung.it\/gardaseezeitung_new\/de\/wp-json\/wp\/v2\/types\/post"}],"author":[{"embeddable":true,"href":"https:\/\/www.gardaseezeitung.it\/gardaseezeitung_new\/de\/wp-json\/wp\/v2\/users\/9"}],"replies":[{"embeddable":true,"href":"https:\/\/www.gardaseezeitung.it\/gardaseezeitung_new\/de\/wp-json\/wp\/v2\/comments?post=5922"}],"version-history":[{"count":1,"href":"https:\/\/www.gardaseezeitung.it\/gardaseezeitung_new\/de\/wp-json\/wp\/v2\/posts\/5922\/revisions"}],"predecessor-version":[{"id":5923,"href":"https:\/\/www.gardaseezeitung.it\/gardaseezeitung_new\/de\/wp-json\/wp\/v2\/posts\/5922\/revisions\/5923"}],"wp:featuredmedia":[{"embeddable":true,"href":"https:\/\/www.gardaseezeitung.it\/gardaseezeitung_new\/de\/wp-json\/wp\/v2\/media\/5921"}],"wp:attachment":[{"href":"https:\/\/www.gardaseezeitung.it\/gardaseezeitung_new\/de\/wp-json\/wp\/v2\/media?parent=5922"}],"wp:term":[{"taxonomy":"category","embeddable":true,"href":"https:\/\/www.gardaseezeitung.it\/gardaseezeitung_new\/de\/wp-json\/wp\/v2\/categories?post=5922"},{"taxonomy":"post_tag","embeddable":true,"href":"https:\/\/www.gardaseezeitung.it\/gardaseezeitung_new\/de\/wp-json\/wp\/v2\/tags?post=5922"},{"taxonomy":"news-destination","embeddable":true,"href":"https:\/\/www.gardaseezeitung.it\/gardaseezeitung_new\/de\/wp-json\/wp\/v2\/news-destination?post=5922"},{"taxonomy":"news-source","embeddable":true,"href":"https:\/\/www.gardaseezeitung.it\/gardaseezeitung_new\/de\/wp-json\/wp\/v2\/news-source?post=5922"},{"taxonomy":"is_homepage","embeddable":true,"href":"https:\/\/www.gardaseezeitung.it\/gardaseezeitung_new\/de\/wp-json\/wp\/v2\/is_homepage?post=5922"},{"taxonomy":"ta_other","embeddable":true,"href":"https:\/\/www.gardaseezeitung.it\/gardaseezeitung_new\/de\/wp-json\/wp\/v2\/ta_other?post=5922"}],"curies":[{"name":"wp","href":"https:\/\/api.w.org\/{rel}","templated":true}]}}